{"id":62817,"date":"2017-03-30T11:22:24","date_gmt":"2017-03-30T08:22:24","guid":{"rendered":"https:\/\/www.enerjigazetesi.ist\/?p=62817"},"modified":"2017-03-30T11:22:24","modified_gmt":"2017-03-30T08:22:24","slug":"turcas-ve-innogyden-yenilenebilir-enerji-alaninda-isbirligi","status":"publish","type":"post","link":"https:\/\/www.enerjigazetesi.ist\/en\/turcas-ve-innogyden-yenilenebilir-enerji-alaninda-isbirligi\/","title":{"rendered":"(Turkish) Turcas ve Innogy&#8217;den Yenilenebilir Enerji Alan\u0131nda \u0130\u015fbirli\u011fi"},"content":{"rendered":"<p class=\"qtranxs-available-languages-message qtranxs-available-languages-message-en\">Sorry, this entry is only available in <a href=\"https:\/\/www.enerjigazetesi.ist\/tr\/wp-json\/wp\/v2\/posts\/62817\" class=\"qtranxs-available-language-link qtranxs-available-language-link-tr\" title=\"Turkish\">Turkish<\/a>. For the sake of viewer convenience, the content is shown below in the alternative language. You may click the link to switch the active language.<\/p><p><\/p>\n<p style=\"color: #0a0a0a;\"><strong>Turcas taraf\u0131ndan T\u00fcrkiye\u2019de elektrik \u00fcretimi alan\u0131ndaki orta\u011f\u0131 Alman enerji devi RWE\u2019nin yenilebilir enerji ile da\u011f\u0131t\u0131m ve perakende elektrik sat\u0131\u015f\u0131na odaklanan i\u015ftiraki olan Innogy ile k\u00fcresel d\u00fczeyde yenilenebilir enerji alan\u0131nda i\u015fbirli\u011fine imza att\u0131.<\/strong><\/p>\n<p style=\"color: #0a0a0a;\"><span id=\"more-90156\"><\/span>Turcas&#8217;\u0131n a\u00e7\u0131klamas\u0131nda, &#8220;petrol ve enerji odakl\u0131 \u00f6nc\u00fc yat\u0131r\u0131m \u015firketi Turcas Petrol A\u015e, Denizli Do\u011falgaz \u00c7evrim Santrali yat\u0131r\u0131m\u0131ndaki orta\u011f\u0131 RWE AG\u2019n<a href=\"https:\/\/www.enerjigazetesi.ist\/wp-content\/uploads\/2015\/12\/yorum-gunes-ve-ruzgarin-zaferi.jpg\"><img loading=\"lazy\" class=\"alignleft size-medium wp-image-47890\" src=\"https:\/\/www.enerjigazetesi.ist\/wp-content\/uploads\/2015\/12\/yorum-gunes-ve-ruzgarin-zaferi-300x165.jpg\" alt=\"yorum-gunes-ve-ruzgarin-zaferi\" width=\"300\" height=\"165\" srcset=\"https:\/\/www.enerjigazetesi.ist\/wp-content\/uploads\/2015\/12\/yorum-gunes-ve-ruzgarin-zaferi-300x165.jpg 300w, https:\/\/www.enerjigazetesi.ist\/wp-content\/uploads\/2015\/12\/yorum-gunes-ve-ruzgarin-zaferi-500x276.jpg 500w, https:\/\/www.enerjigazetesi.ist\/wp-content\/uploads\/2015\/12\/yorum-gunes-ve-ruzgarin-zaferi-80x44.jpg 80w, https:\/\/www.enerjigazetesi.ist\/wp-content\/uploads\/2015\/12\/yorum-gunes-ve-ruzgarin-zaferi.jpg 696w\" sizes=\"(max-width: 300px) 100vw, 300px\" \/><\/a>in i\u015ftiraki Innogy SE ile g\u00fcne\u015f ve r\u00fczgar enerjisine dayal\u0131 yenilenebilir enerji \u00fcretim projeleri ve enerji depolama yat\u0131r\u0131mlar\u0131 alanlar\u0131nda i\u015fbirli\u011fine y\u00f6nelik bir niyet protokol\u00fc imzalam\u0131\u015ft\u0131r.&#8221; denildi.<\/p>\n<p style=\"color: #0a0a0a;\">Innogy CEO\u2019su Peter Terium ile Turcas Petrol CEO\u2019su Batu Aksoy&#8217;un imzalad\u0131\u011f\u0131\u00a0protokol, iki \u015firketin herhangi bir s\u00fcre veya co\u011frafi s\u0131n\u0131rlama olmaks\u0131z\u0131n yenilenebilir ve yenilik\u00e7i enerji teknolojilerine odakl\u0131 yat\u0131r\u0131mlar\u0131 hayata ge\u00e7irmeyi \u00f6ng\u00f6r\u00fclmektedir. Innogy\u2019nin Almanya Essen\u2019de bulunan merkezinde d\u00fczenlenen\u00a0imza t\u00f6reninin ard\u0131ndan de\u011ferlendirmelere yer veren Turcas Petrol CEO\u2019su Batu Aksoy, enerji sekt\u00f6r\u00fcn\u00fcn \u00e7ok b\u00fcy\u00fck bir h\u0131zla de\u011fi\u015fti\u011fini ve d\u00f6n\u00fc\u015ft\u00fc\u011f\u00fcn\u00fc\u00a0ifade etti.<\/p>\n<p><\/p>","protected":false},"excerpt":{"rendered":"<p>Sorry, this entry is only available in Turkish. For the sake of viewer convenience, the content is shown below in the alternative language. You may click the link to switch the active language. Turcas taraf\u0131ndan T\u00fcrkiye\u2019de elektrik \u00fcretimi alan\u0131ndaki orta\u011f\u0131 Alman enerji devi RWE\u2019nin yenilebilir enerji ile da\u011f\u0131t\u0131m ve perakende elektrik sat\u0131\u015f\u0131na odaklanan i\u015ftiraki olan [&hellip;]<\/p>\n","protected":false},"author":1,"featured_media":47890,"comment_status":"open","ping_status":"open","sticky":false,"template":"","format":"standard","meta":[],"categories":[46,53,49,50],"tags":[33622,63,67,1009,2698,165,13,33623,33624,69,16,23318,22615,4784,3243,105],"views":830,"_links":{"self":[{"href":"https:\/\/www.enerjigazetesi.ist\/en\/wp-json\/wp\/v2\/posts\/62817"}],"collection":[{"href":"https:\/\/www.enerjigazetesi.ist\/en\/wp-json\/wp\/v2\/posts"}],"about":[{"href":"https:\/\/www.enerjigazetesi.ist\/en\/wp-json\/wp\/v2\/types\/post"}],"author":[{"embeddable":true,"href":"https:\/\/www.enerjigazetesi.ist\/en\/wp-json\/wp\/v2\/users\/1"}],"replies":[{"embeddable":true,"href":"https:\/\/www.enerjigazetesi.ist\/en\/wp-json\/wp\/v2\/comments?post=62817"}],"version-history":[{"count":1,"href":"https:\/\/www.enerjigazetesi.ist\/en\/wp-json\/wp\/v2\/posts\/62817\/revisions"}],"predecessor-version":[{"id":62818,"href":"https:\/\/www.enerjigazetesi.ist\/en\/wp-json\/wp\/v2\/posts\/62817\/revisions\/62818"}],"wp:featuredmedia":[{"embeddable":true,"href":"https:\/\/www.enerjigazetesi.ist\/en\/wp-json\/wp\/v2\/media\/47890"}],"wp:attachment":[{"href":"https:\/\/www.enerjigazetesi.ist\/en\/wp-json\/wp\/v2\/media?parent=62817"}],"wp:term":[{"taxonomy":"category","embeddable":true,"href":"https:\/\/www.enerjigazetesi.ist\/en\/wp-json\/wp\/v2\/categories?post=62817"},{"taxonomy":"post_tag","embeddable":true,"href":"https:\/\/www.enerjigazetesi.ist\/en\/wp-json\/wp\/v2\/tags?post=62817"}],"curies":[{"name":"wp","href":"https:\/\/api.w.org\/{rel}","templated":true}]}}