{"id":62758,"date":"2017-03-28T09:56:34","date_gmt":"2017-03-28T06:56:34","guid":{"rendered":"https:\/\/www.enerjigazetesi.ist\/?p=62758"},"modified":"2017-03-28T09:56:34","modified_gmt":"2017-03-28T06:56:34","slug":"turk-sirketlerinden-ukraynadaki-yesil-enerji-projelerine-buyuk-ilgi","status":"publish","type":"post","link":"https:\/\/www.enerjigazetesi.ist\/en\/turk-sirketlerinden-ukraynadaki-yesil-enerji-projelerine-buyuk-ilgi\/","title":{"rendered":"(Turkish) T\u00fcrk \u015eirketleri&#8217;nden Ukrayna\u2019daki Ye\u015fil Enerji Projelerine B\u00fcy\u00fck \u0130lgi"},"content":{"rendered":"<p class=\"qtranxs-available-languages-message qtranxs-available-languages-message-en\">Sorry, this entry is only available in <a href=\"https:\/\/www.enerjigazetesi.ist\/tr\/wp-json\/wp\/v2\/posts\/62758\" class=\"qtranxs-available-language-link qtranxs-available-language-link-tr\" title=\"Turkish\">Turkish<\/a>. For the sake of viewer convenience, the content is shown below in the alternative language. You may click the link to switch the active language.<\/p><p><\/p>\n<p style=\"color: #0a0a0a;\"><strong>T\u00fcrk \u015firket yetkilileri Ukrayna ile yenilebilir enerji geli\u015ftirmesine y\u00f6nelik yat\u0131r\u0131mlar konusunda g\u00f6r\u00fc\u015fmeler yapmaktad\u0131r. Yetkililerce Ukrayna\u2019da ye\u015fil enerji projesine b\u00fcy\u00fck ilgi g\u00f6sterildi\u011fi belirtildi.<a href=\"https:\/\/www.enerjigazetesi.ist\/wp-content\/uploads\/2013\/03\/yenilenebilir-enerji-kaynaklari.jpg\"><img loading=\"lazy\" class=\"alignright size-medium wp-image-7694\" src=\"https:\/\/www.enerjigazetesi.ist\/wp-content\/uploads\/2013\/03\/yenilenebilir-enerji-kaynaklari-300x190.jpg\" alt=\"g\u00fcne\u015f-ve-r\u00fczgar-enerjisi\" width=\"300\" height=\"190\" srcset=\"https:\/\/www.enerjigazetesi.ist\/wp-content\/uploads\/2013\/03\/yenilenebilir-enerji-kaynaklari-300x190.jpg 300w, https:\/\/www.enerjigazetesi.ist\/wp-content\/uploads\/2013\/03\/yenilenebilir-enerji-kaynaklari-1024x651.jpg 1024w, https:\/\/www.enerjigazetesi.ist\/wp-content\/uploads\/2013\/03\/yenilenebilir-enerji-kaynaklari-500x318.jpg 500w, https:\/\/www.enerjigazetesi.ist\/wp-content\/uploads\/2013\/03\/yenilenebilir-enerji-kaynaklari-80x50.jpg 80w, https:\/\/www.enerjigazetesi.ist\/wp-content\/uploads\/2013\/03\/yenilenebilir-enerji-kaynaklari.jpg 1872w\" sizes=\"(max-width: 300px) 100vw, 300px\" \/><\/a><\/strong><\/p>\n<p style=\"color: #0a0a0a;\"><span id=\"more-90057\"><\/span>Ukrayna Devlet Enerji Etkinli\u011fi ve Enerji Tasarrufu Ajans\u0131 Ba\u015fkan\u0131 Sergey Sav\u00e7uk, Global Yat\u0131r\u0131m Holding ve Tres Energy \u015firketi yetkilileri ile bir araya geldi. T\u00fcrk \u015firketlerinin yetkilileri ile Ukrayna\u2019da yenilenebilir enerjinin geli\u015ftirilmesine y\u00f6nelik yat\u0131r\u0131mlar konusunda g\u00f6r\u00fc\u015fmeler ger\u00e7ekle\u015ftirildi\u011fini\u00a0a\u00e7\u0131klayan Sav\u00e7uk taraf\u0131ndan \u201cYerel y\u00f6netimlerle bu konuda s\u0131k\u0131 bir i\u015fbirli\u011fi\u00a0y\u00fcr\u00fctmekteyiz.&#8221; denildi.<\/p>\n<p style=\"color: #0a0a0a;\">Ge\u00e7ti\u011fimiz sene yenilenebilir enerji alan\u0131nda 70 cazip yat\u0131r\u0131m projenin se\u00e7ildi\u011fi belirtilerek,\u00a0bunlar\u0131n yar\u0131s\u0131 evsel at\u0131klardan biyogaz \u00fcretimi, geri kalan\u0131 alternatif enerji kaynaklar\u0131ndan kojenerasyon, g\u00fcne\u015f ve r\u00fczgar enerjisi ile ilgilidir\u201d a\u00e7\u0131klamalar\u0131na yer verildi. T\u00fcrk \u015firketlerinin yetkililerinin Ukrayna\u2019da \u00f6zellikle ye\u015fil enerji projelerine ilgi g\u00f6sterdi\u011fi de\u00a0ifade edildi.<\/p>\n<p><\/p>","protected":false},"excerpt":{"rendered":"<p>Sorry, this entry is only available in Turkish. For the sake of viewer convenience, the content is shown below in the alternative language. You may click the link to switch the active language. T\u00fcrk \u015firket yetkilileri Ukrayna ile yenilebilir enerji geli\u015ftirmesine y\u00f6nelik yat\u0131r\u0131mlar konusunda g\u00f6r\u00fc\u015fmeler yapmaktad\u0131r. Yetkililerce Ukrayna\u2019da ye\u015fil enerji projesine b\u00fcy\u00fck ilgi g\u00f6sterildi\u011fi belirtildi. [&hellip;]<\/p>\n","protected":false},"author":1,"featured_media":7694,"comment_status":"open","ping_status":"open","sticky":false,"template":"","format":"standard","meta":[],"categories":[53],"tags":[33600,63,67,1009,2698,165,33601,12812,33602,33603,105,218],"views":1096,"_links":{"self":[{"href":"https:\/\/www.enerjigazetesi.ist\/en\/wp-json\/wp\/v2\/posts\/62758"}],"collection":[{"href":"https:\/\/www.enerjigazetesi.ist\/en\/wp-json\/wp\/v2\/posts"}],"about":[{"href":"https:\/\/www.enerjigazetesi.ist\/en\/wp-json\/wp\/v2\/types\/post"}],"author":[{"embeddable":true,"href":"https:\/\/www.enerjigazetesi.ist\/en\/wp-json\/wp\/v2\/users\/1"}],"replies":[{"embeddable":true,"href":"https:\/\/www.enerjigazetesi.ist\/en\/wp-json\/wp\/v2\/comments?post=62758"}],"version-history":[{"count":1,"href":"https:\/\/www.enerjigazetesi.ist\/en\/wp-json\/wp\/v2\/posts\/62758\/revisions"}],"predecessor-version":[{"id":62759,"href":"https:\/\/www.enerjigazetesi.ist\/en\/wp-json\/wp\/v2\/posts\/62758\/revisions\/62759"}],"wp:featuredmedia":[{"embeddable":true,"href":"https:\/\/www.enerjigazetesi.ist\/en\/wp-json\/wp\/v2\/media\/7694"}],"wp:attachment":[{"href":"https:\/\/www.enerjigazetesi.ist\/en\/wp-json\/wp\/v2\/media?parent=62758"}],"wp:term":[{"taxonomy":"category","embeddable":true,"href":"https:\/\/www.enerjigazetesi.ist\/en\/wp-json\/wp\/v2\/categories?post=62758"},{"taxonomy":"post_tag","embeddable":true,"href":"https:\/\/www.enerjigazetesi.ist\/en\/wp-json\/wp\/v2\/tags?post=62758"}],"curies":[{"name":"wp","href":"https:\/\/api.w.org\/{rel}","templated":true}]}}