{"id":62751,"date":"2017-03-27T14:54:43","date_gmt":"2017-03-27T11:54:43","guid":{"rendered":"https:\/\/www.enerjigazetesi.ist\/?p=62751"},"modified":"2017-03-27T14:54:58","modified_gmt":"2017-03-27T11:54:58","slug":"ortak-alim-istasyonculara-buyuk-indirim-getirdi","status":"publish","type":"post","link":"https:\/\/www.enerjigazetesi.ist\/en\/ortak-alim-istasyonculara-buyuk-indirim-getirdi\/","title":{"rendered":"(Turkish) Ortak Al\u0131m \u0130stasyonculara B\u00fcy\u00fck \u0130ndirim Getirdi"},"content":{"rendered":"<p class=\"qtranxs-available-languages-message qtranxs-available-languages-message-en\">Sorry, this entry is only available in <a href=\"https:\/\/www.enerjigazetesi.ist\/tr\/wp-json\/wp\/v2\/posts\/62751\" class=\"qtranxs-available-language-link qtranxs-available-language-link-tr\" title=\"Turkish\">Turkish<\/a>. For the sake of viewer convenience, the content is shown below in the alternative language. You may click the link to switch the active language.<\/p><p><strong>Enerji sekt\u00f6r\u00fcn\u00fcn yeni i\u015fveren sendikas\u0131 EPG\u0130S, \u00fcyelerinin tedarik s\u00fcrecini ortak al\u0131mla kar\u015f\u0131lamaya ba\u015flad\u0131. Binden fazla akaryak\u0131t bayii, bu sayede b\u00fcy\u00fck indirimler sa\u011flad\u0131.<\/strong><\/p>\n<p>Enerji Petrol Gaz \u0130kmal \u0130stasyonlar\u0131 \u0130\u015fveren Sendikas\u0131 EPG\u0130S, \u00fcye istasyonlar\u0131n \u00fcr\u00fcn ve hizmet al\u0131mlar\u0131n\u0131 y\u00fczde 35\u2019e varan oranlarda d\u00fc\u015f\u00fcrd\u00fc.<img loading=\"lazy\" class=\"alignright size-medium wp-image-62752\" src=\"https:\/\/www.enerjigazetesi.ist\/wp-content\/uploads\/2017\/03\/ortak-alim-istasyonculara-buyuk-indirim-getirdi-300x200.jpg\" alt=\"ortak-alim-istasyonculara-buyuk-indirim-getirdi\" width=\"300\" height=\"200\" srcset=\"https:\/\/www.enerjigazetesi.ist\/wp-content\/uploads\/2017\/03\/ortak-alim-istasyonculara-buyuk-indirim-getirdi-300x200.jpg 300w, https:\/\/www.enerjigazetesi.ist\/wp-content\/uploads\/2017\/03\/ortak-alim-istasyonculara-buyuk-indirim-getirdi-500x334.jpg 500w, https:\/\/www.enerjigazetesi.ist\/wp-content\/uploads\/2017\/03\/ortak-alim-istasyonculara-buyuk-indirim-getirdi-74x50.jpg 74w, https:\/\/www.enerjigazetesi.ist\/wp-content\/uploads\/2017\/03\/ortak-alim-istasyonculara-buyuk-indirim-getirdi.jpg 1000w\" sizes=\"(max-width: 300px) 100vw, 300px\" \/><\/p>\n<p>\u015eubat ay\u0131nda kurulan ve T\u00fcrkiyeEnerji Petrol Gaz \u0130kmal \u0130stasyonlar\u0131 \u0130\u015fveren Sendikas\u0131 EPG\u0130S, \u00fcye istasyonlar\u0131n esas faaliyet<br \/>\nkonusu petrol ve t\u00fcrevleri d\u0131\u015f\u0131ndaki \u00fcr\u00fcn tedariklerinde avantajl\u0131 hale getirecek bir \u00e7al\u0131\u015fma ba\u015flatt\u0131. EPG\u0130S \u00fcyesi bayiler, gerek istasyonlar\u0131ndaki marketlerde sat\u0131lan \u00fcr\u00fcnleri ve sarf malzemelerini, gerekse ana da\u011f\u0131t\u0131c\u0131lardan al\u0131nmas\u0131 zorunda olanlar hari\u00e7 t\u00fcm yan \u00fcr\u00fcn, hizmet ve \u00e7\u00f6z\u00fcmleri daha d\u00fc\u015f\u00fck maliyetlerle tedarik edebiliyor.<\/p>\n<p><strong>ORTAK SATIN ALMA KOM\u0130TES\u0130 \u00a0<\/strong><\/p>\n<p>Kurulan ortak sat\u0131n al\u0131m modeliyle pek \u00e7ok \u00fcr\u00fcn, hizmet ve \u00e7\u00f6z\u00fcm\u00fcn tedariki s\u00fcreci, EPG\u0130S b\u00fcnyesinde kurulan bir komite eliyle y\u00fcr\u00fct\u00fcl\u00fcyor. EPG\u0130S \u00fcyesi istasyoncular, ortak sat\u0131n alma modeliyle pek \u00e7ok \u00fcr\u00fcnde en az y\u00fczde 10-15 indirimli al\u0131m yapabilirken, kimi \u00fcr\u00fcnlerde y\u00fczde 35\u2019e varan oranlarda fiyat avantaj\u0131 sa\u011flayabiliyor. \u0130ndirimli tedarik edilen \u00fcr\u00fcn ve hizmetler aras\u0131nda g\u0131da ve i\u00e7ecek grubu \u00fcr\u00fcnleri ile yedek par\u00e7a grubu, y\u0131kama makinalar\u0131, teknik destek malzemeleri, yaz\u0131l\u0131mlar, yak\u0131t katk\u0131 \u00fcr\u00fcnleri de yer al\u0131yor.<\/p>\n<p><strong>\u0130STASYONCU \u0130ND\u0130R\u0130MLE BES\u2019LEN\u0130YOR<\/strong><\/p>\n<p>\u00dcreticiler ve sat\u0131c\u0131lardan sa\u011flanan avantaj\u0131n bir k\u0131sm\u0131 do\u011frudan istasyoncular\u0131n sat\u0131n alma fiyat\u0131na yans\u0131t\u0131larak indirim yap\u0131l\u0131yor. \u0130ndirimin bir k\u0131sm\u0131 ise EPG\u0130S \u00fcyelerinin bildirdi\u011fi bireysel emeklilik sigortas\u0131 (BES) hesaplar\u0131na aktar\u0131l\u0131yor. BES hesab\u0131 olmayan \u00fcyeler i\u00e7in, EPG\u0130S&#8217;in anla\u015faca\u011f\u0131 bir sigorta firmas\u0131 nezdinde BES hesaplar\u0131 a\u00e7\u0131lacak ve s\u00f6z konusu tutarlar bu hesaplara yat\u0131r\u0131lacak.<\/p>\n<p><strong>YEN\u0130 PROJELER\u0130M\u0130Z\u0130 BEKLEY\u0130N\u00a0<\/strong><\/p>\n<p>EPG\u0130S Ba\u015fkan\u0131 Fesih Akta\u015f, sendika olarak daha kurulur kurulmaz istasyoncular\u0131n can\u0131n\u0131 yakan baz\u0131 sorunlara \u00e7\u00f6z\u00fcmler geli\u015ftirmeye ba\u015flad\u0131klar\u0131n\u0131 s\u00f6yledi. Uzla\u015ft\u0131rma Komitesi\u2019nin ana da\u011f\u0131t\u0131c\u0131 ve istasyoncu aras\u0131nda ya\u015fanan 5\u2019e yak\u0131n anla\u015fmazl\u0131\u011f\u0131 giderdi\u011fini hat\u0131rlatan Akta\u015f, ortak sat\u0131n alman\u0131n ise s\u0131radan model olmad\u0131\u011f\u0131n\u0131 ifade ederek \u201cBu model kendisini geli\u015ftirerek b\u00fcy\u00fcyecek. \u00d6n\u00fcm\u00fczdeki d\u00f6nemde bu model sayesinde istasyon i\u015fletmecilerinin bamba\u015fka avantajlar kazanaca\u011f\u0131n\u0131 d\u00fc\u015f\u00fcn\u00fcyoruz. \u00dcye istasyonlardan gelecek geri d\u00f6n\u00fc\u015fler Ortak Sat\u0131n Alma Komitemiz taraf\u0131ndan incelenerek, yeni \u00f6neriler hayata ge\u00e7irecektir\u201d diye konu\u015ftu.<\/p>\n<p><strong>EPG\u0130S HAKKINDA\u00a0<\/strong><\/p>\n<p>Enerji Petrol Gaz \u0130kmal \u0130stasyonlar\u0131 \u0130\u015fveren Sendikas\u0131 EPG\u0130S, T\u00fcrkiye genelinde 250 binden fazla ki\u015fiye istihdam sa\u011flayan da\u011f\u0131t\u0131m sekt\u00f6r\u00fcn\u00fcn y\u0131llar i\u00e7inde biriken sorunlar\u0131n\u0131 \u00e7\u00f6zmek i\u00e7in 14 \u015eubat 2017 tarihinde kuruldu. EPG\u0130S&#8217;in Kurucular Kurulu\u2019nda, \u0130zmir\u2019den \u015eanl\u0131urfa\u2019ya, Rize\u2019den Batman\u2019a, T\u00fcrkiye\u2019nin pek \u00e7ok ilinden isimler yer al\u0131yor. Genel Ba\u015fkanl\u0131\u011f\u0131n\u0131 Fesih Akta\u015f\u2019\u0131n \u00fcstlendi\u011fi sendikada Genel Ba\u015fkan Yard\u0131mc\u0131l\u0131klar\u0131n\u0131, \u00c7etin \u0130zol, Semih \u00c7olak, Asl\u0131 \u00c7elik Yaman, Burak Gelir, Hakan D\u00fczoval\u0131lar, Mehmet Mirio\u011flu, Memi\u015f Zehiro\u011flu, Ender Kaya, U\u011fur \u00c7olako\u011flu y\u00fcr\u00fct\u00fcyor.<\/p>\n<p>EPG\u0130S, akaryak\u0131t bayileri ile ana da\u011f\u0131t\u0131c\u0131lar aras\u0131ndaki sorunlar\u0131, mahkemeye gitmeden, kendi b\u00fcnyesinde olu\u015fturdu\u011fu Uzla\u015ft\u0131rma Komisyonu ile \u00e7\u00f6zerek \u00f6nemli bir yenili\u011fe imza atm\u0131\u015ft\u0131.<\/p>\n<p><em>EPG\u0130S\u2019le ilgili sorular\u0131n\u0131z ve bilgi talepleriniz i\u00e7in:<\/em><a href=\"mailto:medya@epgis.org.tr\"><em>medya@epgis.org.tr<\/em><\/a><em>; Gizem \u00c7\u0131nar: 05322120864<\/em><\/p>","protected":false},"excerpt":{"rendered":"<p>Sorry, this entry is only available in Turkish. For the sake of viewer convenience, the content is shown below in the alternative language. You may click the link to switch the active language.Enerji sekt\u00f6r\u00fcn\u00fcn yeni i\u015fveren sendikas\u0131 EPG\u0130S, \u00fcyelerinin tedarik s\u00fcrecini ortak al\u0131mla kar\u015f\u0131lamaya ba\u015flad\u0131. Binden fazla akaryak\u0131t bayii, bu sayede b\u00fcy\u00fck indirimler sa\u011flad\u0131. Enerji [&hellip;]<\/p>\n","protected":false},"author":1,"featured_media":62752,"comment_status":"open","ping_status":"open","sticky":false,"template":"","format":"standard","meta":[],"categories":[53,44],"tags":[5405,63,67,1009,2698,165,33523,2883,4409,59,79,2388,887,2522],"views":1495,"_links":{"self":[{"href":"https:\/\/www.enerjigazetesi.ist\/en\/wp-json\/wp\/v2\/posts\/62751"}],"collection":[{"href":"https:\/\/www.enerjigazetesi.ist\/en\/wp-json\/wp\/v2\/posts"}],"about":[{"href":"https:\/\/www.enerjigazetesi.ist\/en\/wp-json\/wp\/v2\/types\/post"}],"author":[{"embeddable":true,"href":"https:\/\/www.enerjigazetesi.ist\/en\/wp-json\/wp\/v2\/users\/1"}],"replies":[{"embeddable":true,"href":"https:\/\/www.enerjigazetesi.ist\/en\/wp-json\/wp\/v2\/comments?post=62751"}],"version-history":[{"count":1,"href":"https:\/\/www.enerjigazetesi.ist\/en\/wp-json\/wp\/v2\/posts\/62751\/revisions"}],"predecessor-version":[{"id":62753,"href":"https:\/\/www.enerjigazetesi.ist\/en\/wp-json\/wp\/v2\/posts\/62751\/revisions\/62753"}],"wp:featuredmedia":[{"embeddable":true,"href":"https:\/\/www.enerjigazetesi.ist\/en\/wp-json\/wp\/v2\/media\/62752"}],"wp:attachment":[{"href":"https:\/\/www.enerjigazetesi.ist\/en\/wp-json\/wp\/v2\/media?parent=62751"}],"wp:term":[{"taxonomy":"category","embeddable":true,"href":"https:\/\/www.enerjigazetesi.ist\/en\/wp-json\/wp\/v2\/categories?post=62751"},{"taxonomy":"post_tag","embeddable":true,"href":"https:\/\/www.enerjigazetesi.ist\/en\/wp-json\/wp\/v2\/tags?post=62751"}],"curies":[{"name":"wp","href":"https:\/\/api.w.org\/{rel}","templated":true}]}}