{"id":62705,"date":"2017-03-25T10:12:49","date_gmt":"2017-03-25T07:12:49","guid":{"rendered":"https:\/\/www.enerjigazetesi.ist\/?p=62705"},"modified":"2017-03-25T10:12:49","modified_gmt":"2017-03-25T07:12:49","slug":"adm-ve-gdz-elektrik-dagitim-hizmetlerini-mobile-tasidi","status":"publish","type":"post","link":"https:\/\/www.enerjigazetesi.ist\/en\/adm-ve-gdz-elektrik-dagitim-hizmetlerini-mobile-tasidi\/","title":{"rendered":"(Turkish) ADM ve GDZ Elektrik Da\u011f\u0131t\u0131m, Hizmetlerini Mobile Ta\u015f\u0131d\u0131"},"content":{"rendered":"<p class=\"qtranxs-available-languages-message qtranxs-available-languages-message-en\">Sorry, this entry is only available in <a href=\"https:\/\/www.enerjigazetesi.ist\/tr\/wp-json\/wp\/v2\/posts\/62705\" class=\"qtranxs-available-language-link qtranxs-available-language-link-tr\" title=\"Turkish\">Turkish<\/a>. For the sake of viewer convenience, the content is shown below in the alternative language. You may click the link to switch the active language.<\/p><p><strong>Enerji da\u011f\u0131t\u0131m\u0131nda s\u00fcreklilik hedefiyle yoluna devam eden ADM ve GDZ Elektrik Da\u011f\u0131t\u0131m, yenilik\u00e7i hizmetlerine geli\u015ftirdi\u011fi mobil uygulamayla\u00a0s\u00fcrd\u00fcr\u00fcyor.<\/strong><\/p>\n<p>Ayd\u0131n, Denizli,Mu\u011fla, \u0130zmir ve Manisa illerin<a href=\"https:\/\/www.enerjigazetesi.ist\/wp-content\/uploads\/2014\/06\/elektrik-iletim-sektoru-2013-yili-raporu-yayinlandi.jpg\"><img loading=\"lazy\" class=\"alignleft size-medium wp-image-27853\" src=\"https:\/\/www.enerjigazetesi.ist\/wp-content\/uploads\/2014\/06\/elektrik-iletim-sektoru-2013-yili-raporu-yayinlandi-300x183.jpg\" alt=\"elektrik-iletim-sektoru\" width=\"300\" height=\"183\" srcset=\"https:\/\/www.enerjigazetesi.ist\/wp-content\/uploads\/2014\/06\/elektrik-iletim-sektoru-2013-yili-raporu-yayinlandi-300x183.jpg 300w, https:\/\/www.enerjigazetesi.ist\/wp-content\/uploads\/2014\/06\/elektrik-iletim-sektoru-2013-yili-raporu-yayinlandi-500x305.jpg 500w, https:\/\/www.enerjigazetesi.ist\/wp-content\/uploads\/2014\/06\/elektrik-iletim-sektoru-2013-yili-raporu-yayinlandi-80x48.jpg 80w, https:\/\/www.enerjigazetesi.ist\/wp-content\/uploads\/2014\/06\/elektrik-iletim-sektoru-2013-yili-raporu-yayinlandi.jpg 600w\" sizes=\"(max-width: 300px) 100vw, 300px\" \/><\/a>de yakla\u015f\u0131k 8,5 milyon ki\u015finin hayat\u0131n\u0131 ayd\u0131nlatan ADM ve GDZ Elektrik Da\u011f\u0131t\u0131m, teknolojik yat\u0131r\u0131mlarla hizmet kalitesini ve t\u00fcketici memnuniyetini \u00fcst seviyeye ta\u015f\u0131mak i\u00e7in \u00e7al\u0131\u015f\u0131yor. ADM ve GDZ Elektrik Da\u011f\u0131t\u0131m, son olarak ar\u0131za mobil uygulamas\u0131n\u0131 t\u00fcketicilerin kullan\u0131ma sundu. IOS ve Android i\u015fletim sistemli mobil cihazlardan eri\u015filebilen ADM ve GDZ Elektrik Da\u011f\u0131t\u0131m Ar\u0131za Bilgi Sistemi uygulamas\u0131 ile \u015firketin hizmet ve sorumluluk sahas\u0131 olan 5 il i\u00e7in ar\u0131za kayd\u0131 olu\u015fturulabiliyor, t\u00fcketiciler, elektrik ar\u0131za ve ayd\u0131nlatma ar\u0131zas\u0131 ihbarlar\u0131 yapabiliyor. Mobil uygulama arac\u0131l\u0131\u011f\u0131yla; onar\u0131m, bak\u0131m ve yat\u0131r\u0131m \u00e7al\u0131\u015fmalar\u0131 nedeniyle yap\u0131lan planl\u0131 kesintiler hakk\u0131nda detayl\u0131 bilgi elde edilebiliyor.<\/p>\n<p><strong>\u0130hbar ve talepler h\u0131zla al\u0131nabiliyor<\/strong><\/p>\n<p>AR-GE \u00e7al\u0131\u015fmalar\u0131yla beraber teknolojik yat\u0131r\u0131mlara \u00f6nem verdiklerini belirten ADM ve GDZ Elektrik Da\u011f\u0131t\u0131m \u0130cra Kurulu Ba\u015fkan Vekili Metin Demirda\u011f, \u201cAr\u0131za Bilgi Sistemi Mobil uygulamas\u0131n\u0131n t\u00fcketicilerin ihbar ve taleplerini daha kolay, h\u0131zl\u0131 bir \u015fekilde bildirmelerine olanak sa\u011flad\u0131\u011f\u0131n\u0131\u201d s\u00f6yledi.<\/p>\n<p><strong>Ar\u0131za kayd\u0131 olu\u015fturulabiliyor<\/strong><\/p>\n<p>Uygulaman\u0131n kullan\u0131m\u0131 hakk\u0131nda da a\u00e7\u0131klamalarda bulunan Metin Demirda\u011f, \u201cAr\u0131za bildirimi ba\u015fl\u0131\u011f\u0131nda ar\u0131zan\u0131n ya\u015fand\u0131\u011f\u0131 b\u00f6lgeyle ilgili detayl\u0131 adres girilerek kay\u0131t olu\u015fturulabiliyor. Uygulama sayesinde bu bilgi h\u0131zl\u0131 bir \u015fekilde b\u00f6lgedeki ekiplere aktar\u0131l\u0131yor. T\u00fcketicilerimiz ya\u015fad\u0131\u011f\u0131 \u00e7evrede, soka\u011f\u0131nda bulunan ayd\u0131nlatma ar\u0131zas\u0131 i\u00e7in yine uygulama \u00fczerinden ihbarda bulunabiliyor. \u0130hbara, detayl\u0131 adres bilgisini ekleyerek, ar\u0131za kayd\u0131n\u0131 iletebiliyor. Bu a\u015famada ekiplerimizin daha h\u0131zl\u0131 bir \u015fekilde b\u00f6lgeye ula\u015f\u0131p, gerekli m\u00fcdahaleyi yapabilmesi i\u00e7in t\u00fcketicilerimizin girece\u011fi detayl\u0131 adres bilgisi \u00f6nem ta\u015f\u0131yor\u201d bilgisini payla\u015ft\u0131.<\/p>\n<p><strong>48 saat \u00f6nceden planl\u0131 kesinti bildirimi<\/strong><\/p>\n<p>Planl\u0131 kesintilerin bak\u0131m ve onar\u0131m \u00e7al\u0131\u015fmalar\u0131 ile beraber yo\u011fun olarak yat\u0131r\u0131m \u00e7al\u0131\u015fmalar\u0131 kapsam\u0131nda ger\u00e7ekle\u015ftirildi\u011fine de\u011finen Demirda\u011f, \u201cUygulamam\u0131z i\u00e7inde yer alan di\u011fer bir hizmet ile t\u00fcketicilerimiz 48 saat \u00f6ncesinden planl\u0131 kesintilerle ilgili detayl\u0131 bilgilere ula\u015fabiliyor. Planl\u0131 kesintiler ise hizmet b\u00f6lgemizde h\u0131zl\u0131 geli\u015fim ve yap\u0131la\u015fma neticesinde olu\u015fan yeni ihtiya\u00e7lar\u0131 kar\u015f\u0131lamak ve daha kaliteli hizmet ve enerjiyi t\u00fcketicilerimize sunmak amac\u0131yla ekonomik \u00f6mr\u00fcn\u00fc tamamlayan tesislerimizin yenilenmesi \u00e7al\u0131\u015fmalar\u0131n\u0131 da kapsayan yat\u0131r\u0131mlar\u0131m\u0131z dahilinde yap\u0131l\u0131yor. T\u00fcm m\u00fc\u015fterilerimiz Ar\u0131za Bilgi Sistemi Mobil uygulamas\u0131 sayesinde nerde, ne zaman, ne kadar kesinti olaca\u011f\u0131 bilgisine hemen ula\u015fabilir. \u201cdiye konu\u015ftu.<\/p>\n<p><strong>Kalite hedef de\u011fil s\u00fcre\u00e7tir<\/strong><\/p>\n<p>Demirda\u011f s\u00f6zlerini \u015fu \u015fekilde noktalad\u0131; \u201cKalitenin var\u0131lmas\u0131 gereken bir hedeften ziyade, geli\u015fme ve s\u00fcreklilik g\u00f6stermesi gereken bir s\u00fcre\u00e7 oldu\u011fu inanc\u0131n\u0131 ta\u015f\u0131yoruz. Yapt\u0131\u011f\u0131m\u0131z yat\u0131r\u0131mlar ve hizmet anlay\u0131\u015f\u0131m\u0131z bunun en b\u00fcy\u00fck g\u00f6stergesidir.\u201d<\/p>","protected":false},"excerpt":{"rendered":"<p>Sorry, this entry is only available in Turkish. For the sake of viewer convenience, the content is shown below in the alternative language. You may click the link to switch the active language.Enerji da\u011f\u0131t\u0131m\u0131nda s\u00fcreklilik hedefiyle yoluna devam eden ADM ve GDZ Elektrik Da\u011f\u0131t\u0131m, yenilik\u00e7i hizmetlerine geli\u015ftirdi\u011fi mobil uygulamayla\u00a0s\u00fcrd\u00fcr\u00fcyor. Ayd\u0131n, Denizli,Mu\u011fla, \u0130zmir ve Manisa illerinde [&hellip;]<\/p>\n","protected":false},"author":1,"featured_media":27853,"comment_status":"open","ping_status":"open","sticky":false,"template":"","format":"standard","meta":[],"categories":[51,53],"tags":[33582,68,1266,61,1451,2873,63,67,1009,2698,165,33583],"views":597,"_links":{"self":[{"href":"https:\/\/www.enerjigazetesi.ist\/en\/wp-json\/wp\/v2\/posts\/62705"}],"collection":[{"href":"https:\/\/www.enerjigazetesi.ist\/en\/wp-json\/wp\/v2\/posts"}],"about":[{"href":"https:\/\/www.enerjigazetesi.ist\/en\/wp-json\/wp\/v2\/types\/post"}],"author":[{"embeddable":true,"href":"https:\/\/www.enerjigazetesi.ist\/en\/wp-json\/wp\/v2\/users\/1"}],"replies":[{"embeddable":true,"href":"https:\/\/www.enerjigazetesi.ist\/en\/wp-json\/wp\/v2\/comments?post=62705"}],"version-history":[{"count":1,"href":"https:\/\/www.enerjigazetesi.ist\/en\/wp-json\/wp\/v2\/posts\/62705\/revisions"}],"predecessor-version":[{"id":62706,"href":"https:\/\/www.enerjigazetesi.ist\/en\/wp-json\/wp\/v2\/posts\/62705\/revisions\/62706"}],"wp:featuredmedia":[{"embeddable":true,"href":"https:\/\/www.enerjigazetesi.ist\/en\/wp-json\/wp\/v2\/media\/27853"}],"wp:attachment":[{"href":"https:\/\/www.enerjigazetesi.ist\/en\/wp-json\/wp\/v2\/media?parent=62705"}],"wp:term":[{"taxonomy":"category","embeddable":true,"href":"https:\/\/www.enerjigazetesi.ist\/en\/wp-json\/wp\/v2\/categories?post=62705"},{"taxonomy":"post_tag","embeddable":true,"href":"https:\/\/www.enerjigazetesi.ist\/en\/wp-json\/wp\/v2\/tags?post=62705"}],"curies":[{"name":"wp","href":"https:\/\/api.w.org\/{rel}","templated":true}]}}