{"id":62693,"date":"2017-03-25T09:41:17","date_gmt":"2017-03-25T06:41:17","guid":{"rendered":"https:\/\/www.enerjigazetesi.ist\/?p=62693"},"modified":"2017-03-25T09:49:16","modified_gmt":"2017-03-25T06:49:16","slug":"62-fukusima-magduruna-japon-hukumeti-ve-tepco-tarafindan-tazminat-odenecek","status":"publish","type":"post","link":"https:\/\/www.enerjigazetesi.ist\/en\/62-fukusima-magduruna-japon-hukumeti-ve-tepco-tarafindan-tazminat-odenecek\/","title":{"rendered":"(Turkish) 62 Fuku\u015fima Ma\u011fduruna Japon H\u00fck\u00fcmeti ve TEPCO Tazminat \u00d6deyecek"},"content":{"rendered":"<p class=\"qtranxs-available-languages-message qtranxs-available-languages-message-en\">Sorry, this entry is only available in <a href=\"https:\/\/www.enerjigazetesi.ist\/tr\/wp-json\/wp\/v2\/posts\/62693\" class=\"qtranxs-available-language-link qtranxs-available-language-link-tr\" title=\"Turkish\">Turkish<\/a>. For the sake of viewer convenience, the content is shown below in the alternative language. You may click the link to switch the active language.<\/p><p><\/p>\n<p style=\"color: #0a0a0a;\"><strong>Japonya\u2019da 17 Mart g\u00fcn\u00fc duru\u015fmas\u0131 yap\u0131lan\u00a0davada mahkeme taraf\u0131ndan Japonya h\u00fck\u00fcmeti ve Tokyo Elektrik \u015eirketi, Fuku\u015fima N\u00fckleer Felaketi\u2019ne neden olmaktan ve felakete yol a\u00e7an tedbirleri almamaktan dolay\u0131 sorumlu\u00a0bulundu.<a href=\"https:\/\/www.enerjigazetesi.ist\/wp-content\/uploads\/2013\/08\/japon-basbakan-fukusimayi-temizleme-sozu-verdi.gif\"><img loading=\"lazy\" class=\"alignleft size-medium wp-image-13864\" src=\"https:\/\/www.enerjigazetesi.ist\/wp-content\/uploads\/2013\/08\/japon-basbakan-fukusimayi-temizleme-sozu-verdi-300x173.gif\" alt=\"fuku\u015fima-n\u00fckleer-santrali\" width=\"300\" height=\"173\" srcset=\"https:\/\/www.enerjigazetesi.ist\/wp-content\/uploads\/2013\/08\/japon-basbakan-fukusimayi-temizleme-sozu-verdi-300x173.gif 300w, https:\/\/www.enerjigazetesi.ist\/wp-content\/uploads\/2013\/08\/japon-basbakan-fukusimayi-temizleme-sozu-verdi-80x46.gif 80w, https:\/\/www.enerjigazetesi.ist\/wp-content\/uploads\/2013\/08\/japon-basbakan-fukusimayi-temizleme-sozu-verdi.gif 435w\" sizes=\"(max-width: 300px) 100vw, 300px\" \/><\/a><\/strong><\/p>\n<p style=\"color: #0a0a0a;\"><span id=\"more-90029\"><\/span>H\u00fck\u00fcmet ve TEPCO, davac\u0131 olan 62 Fuku\u015fima ma\u011fduruna toplam da 340 bin Dolar tazminat \u00f6demesi yapacak. Maebashi Mahkemesi\u2019nde verilen bu karar ile Japonya genelinde 18 eyalette toplam 120000 ki\u015fiyi ilgilendiren 30 dava i\u00e7in emsal te\u015fkil edebilecektir. Avukatlar, Maebashi Mahkemesi\u2019nin \u00f6n\u00fcnde \u201cFuku\u015fima\u2019n\u0131n sorumlusunun h\u00fck\u00fcmet ve TEPCO\u201d oldu\u011funu\u00a0belirtti.<\/p>\n<p style=\"color: #0a0a0a;\">\u015eirketin ve dolay\u0131s\u0131yla h\u00fck\u00fcmetin bir deprem an\u0131nda 15,7 y\u00fckseklikte bir tsunaminin olabilece\u011finin bilindi\u011finin davac\u0131larca ibra edildi\u011fi bilgisine de yer verildi. Bu \u00f6ng\u00f6r\u00fcye ra\u011fmen \u00f6nlem almayan h\u00fck\u00fcmet ve \u015firket, felaketin sorumlusu olarak g\u00f6sterildi.<\/p>\n<p><\/p>","protected":false},"excerpt":{"rendered":"<p>Sorry, this entry is only available in Turkish. For the sake of viewer convenience, the content is shown below in the alternative language. You may click the link to switch the active language. Japonya\u2019da 17 Mart g\u00fcn\u00fc duru\u015fmas\u0131 yap\u0131lan\u00a0davada mahkeme taraf\u0131ndan Japonya h\u00fck\u00fcmeti ve Tokyo Elektrik \u015eirketi, Fuku\u015fima N\u00fckleer Felaketi\u2019ne neden olmaktan ve felakete yol [&hellip;]<\/p>\n","protected":false},"author":1,"featured_media":13864,"comment_status":"open","ping_status":"open","sticky":false,"template":"","format":"standard","meta":[],"categories":[53,43],"tags":[63,67,1009,2698,165,25987,71,21,25480,23614,33575,88,2973,33576,2026,22410],"views":791,"_links":{"self":[{"href":"https:\/\/www.enerjigazetesi.ist\/en\/wp-json\/wp\/v2\/posts\/62693"}],"collection":[{"href":"https:\/\/www.enerjigazetesi.ist\/en\/wp-json\/wp\/v2\/posts"}],"about":[{"href":"https:\/\/www.enerjigazetesi.ist\/en\/wp-json\/wp\/v2\/types\/post"}],"author":[{"embeddable":true,"href":"https:\/\/www.enerjigazetesi.ist\/en\/wp-json\/wp\/v2\/users\/1"}],"replies":[{"embeddable":true,"href":"https:\/\/www.enerjigazetesi.ist\/en\/wp-json\/wp\/v2\/comments?post=62693"}],"version-history":[{"count":2,"href":"https:\/\/www.enerjigazetesi.ist\/en\/wp-json\/wp\/v2\/posts\/62693\/revisions"}],"predecessor-version":[{"id":62697,"href":"https:\/\/www.enerjigazetesi.ist\/en\/wp-json\/wp\/v2\/posts\/62693\/revisions\/62697"}],"wp:featuredmedia":[{"embeddable":true,"href":"https:\/\/www.enerjigazetesi.ist\/en\/wp-json\/wp\/v2\/media\/13864"}],"wp:attachment":[{"href":"https:\/\/www.enerjigazetesi.ist\/en\/wp-json\/wp\/v2\/media?parent=62693"}],"wp:term":[{"taxonomy":"category","embeddable":true,"href":"https:\/\/www.enerjigazetesi.ist\/en\/wp-json\/wp\/v2\/categories?post=62693"},{"taxonomy":"post_tag","embeddable":true,"href":"https:\/\/www.enerjigazetesi.ist\/en\/wp-json\/wp\/v2\/tags?post=62693"}],"curies":[{"name":"wp","href":"https:\/\/api.w.org\/{rel}","templated":true}]}}