{"id":62683,"date":"2017-03-24T10:48:29","date_gmt":"2017-03-24T07:48:29","guid":{"rendered":"https:\/\/www.enerjigazetesi.ist\/?p=62683"},"modified":"2017-03-24T10:48:47","modified_gmt":"2017-03-24T07:48:47","slug":"25-martta-gelecegi-aydinlatmak-icin-isiklari-bir-saatligine-kapatiyoruz","status":"publish","type":"post","link":"https:\/\/www.enerjigazetesi.ist\/en\/25-martta-gelecegi-aydinlatmak-icin-isiklari-bir-saatligine-kapatiyoruz\/","title":{"rendered":"(Turkish) 25 Mart&#8217;ta Gelece\u011fi Ayd\u0131nlatmak \u0130\u00e7in I\u015f\u0131klar\u0131 Bir Saatli\u011fine Kapat\u0131yoruz"},"content":{"rendered":"<p class=\"qtranxs-available-languages-message qtranxs-available-languages-message-en\">Sorry, this entry is only available in <a href=\"https:\/\/www.enerjigazetesi.ist\/tr\/wp-json\/wp\/v2\/posts\/62683\" class=\"qtranxs-available-language-link qtranxs-available-language-link-tr\" title=\"Turkish\">Turkish<\/a>. For the sake of viewer convenience, the content is shown below in the alternative language. You may click the link to switch the active language.<\/p><p><strong>T\u00fcm d\u00fcnyada e\u015f zamanl\u0131 olarak ger\u00e7ekle\u015fecek d\u00fcnyan\u0131n en \u00f6nemli \u00e7evre hareketlerinden biri \u201cD\u00fcnya Saati\u201d etkinli\u011fi kapsam\u0131nda, 25 Mart Cumartesi g\u00fcn\u00fc 20.30-21.30 saatleri aras\u0131nda \u0131<img loading=\"lazy\" class=\"alignright size-medium wp-image-62684\" src=\"https:\/\/www.enerjigazetesi.ist\/wp-content\/uploads\/2017\/03\/25-martta-gelecegi-aydinlatmak-icin-isiklari-bir-saatligine-kapatiyoruz-300x212.jpg\" alt=\"25-martta-gelecegi-aydinlatmak-icin-isiklari-bir-saatligine-kapatiyoruz\" width=\"300\" height=\"212\" srcset=\"https:\/\/www.enerjigazetesi.ist\/wp-content\/uploads\/2017\/03\/25-martta-gelecegi-aydinlatmak-icin-isiklari-bir-saatligine-kapatiyoruz-300x212.jpg 300w, https:\/\/www.enerjigazetesi.ist\/wp-content\/uploads\/2017\/03\/25-martta-gelecegi-aydinlatmak-icin-isiklari-bir-saatligine-kapatiyoruz-500x353.jpg 500w, https:\/\/www.enerjigazetesi.ist\/wp-content\/uploads\/2017\/03\/25-martta-gelecegi-aydinlatmak-icin-isiklari-bir-saatligine-kapatiyoruz-70x50.jpg 70w, https:\/\/www.enerjigazetesi.ist\/wp-content\/uploads\/2017\/03\/25-martta-gelecegi-aydinlatmak-icin-isiklari-bir-saatligine-kapatiyoruz.jpg 600w\" sizes=\"(max-width: 300px) 100vw, 300px\" \/>\u015f\u0131klar gelecek i\u00e7in kapanacakt\u0131r.<\/strong><\/p>\n<p>Ger\u00e7ekle\u015ftirdi\u011fi \u00f6rnek \u00e7al\u0131\u015fmalarla \u00e7evre konusundaki en duyarl\u0131 kurulu\u015flar aras\u0131nda yer alan <strong>V\u0130KO by Panasonic<\/strong>, <strong>WWF-T\u00fcrkiye<\/strong> taraf\u0131ndan y\u00fcr\u00fct\u00fclen D\u00fcnya Saati etkinli\u011fine ana sponsor olarak destek vermektedir. D\u00fcnyan\u0131n en b\u00fcy\u00fck \u00e7evre etkinliklerinden biri olan D\u00fcnya Saati\u2019ne, 2016 y\u0131l\u0131nda T\u00fcrkiye\u2019nin de aralar\u0131nda yer ald\u0131\u011f\u0131 178 \u00fclkeden milyonlarca insan kat\u0131l\u0131m sa\u011flam\u0131\u015ft\u0131r.<\/p>\n<p>Her y\u0131l milyonlarca insan\u0131n, bir saatli\u011fine \u0131\u015f\u0131klar\u0131 kapatarak k\u00fcresel iklim de\u011fi\u015fikli\u011fi konusunda \u00f6nemli bir fark\u0131ndal\u0131k olu\u015fturmas\u0131n\u0131 sa\u011flayan D\u00fcnya Saati etkinli\u011fine T\u00fcrkiye\u2019de <strong>Bo\u011fazi\u00e7i K\u00f6pr\u00fcleri, Dolmabah\u00e7e Saray\u0131 ve Sultanahmet Camii<\/strong> gibi an\u0131tsal yap\u0131lar\u0131n yan\u0131 s\u0131ra <strong>Efes Antik Kenti, Selimiye Camii ve Peri Bacalar\u0131<\/strong> da \u0131\u015f\u0131klar\u0131n\u0131 kapatarak bu \u00f6nemli etkinli\u011fe de\u011fer katacakt\u0131r. T\u00fcrkiye\u2019nin bu \u00f6nemli tarihi yap\u0131lar\u0131, iklim de\u011fi\u015fikli\u011fi sorununa dikkat \u00e7ekecek, gelece\u011fe \u0131\u015f\u0131k tutacakt\u0131r.<\/p>","protected":false},"excerpt":{"rendered":"<p>Sorry, this entry is only available in Turkish. For the sake of viewer convenience, the content is shown below in the alternative language. You may click the link to switch the active language.T\u00fcm d\u00fcnyada e\u015f zamanl\u0131 olarak ger\u00e7ekle\u015fecek d\u00fcnyan\u0131n en \u00f6nemli \u00e7evre hareketlerinden biri \u201cD\u00fcnya Saati\u201d etkinli\u011fi kapsam\u0131nda, 25 Mart Cumartesi g\u00fcn\u00fc 20.30-21.30 saatleri aras\u0131nda [&hellip;]<\/p>\n","protected":false},"author":1,"featured_media":62684,"comment_status":"open","ping_status":"open","sticky":false,"template":"","format":"standard","meta":[],"categories":[53,52],"tags":[22129,63,67,1009,2698,165,1999,4099,1911,33571,687],"views":1390,"_links":{"self":[{"href":"https:\/\/www.enerjigazetesi.ist\/en\/wp-json\/wp\/v2\/posts\/62683"}],"collection":[{"href":"https:\/\/www.enerjigazetesi.ist\/en\/wp-json\/wp\/v2\/posts"}],"about":[{"href":"https:\/\/www.enerjigazetesi.ist\/en\/wp-json\/wp\/v2\/types\/post"}],"author":[{"embeddable":true,"href":"https:\/\/www.enerjigazetesi.ist\/en\/wp-json\/wp\/v2\/users\/1"}],"replies":[{"embeddable":true,"href":"https:\/\/www.enerjigazetesi.ist\/en\/wp-json\/wp\/v2\/comments?post=62683"}],"version-history":[{"count":1,"href":"https:\/\/www.enerjigazetesi.ist\/en\/wp-json\/wp\/v2\/posts\/62683\/revisions"}],"predecessor-version":[{"id":62685,"href":"https:\/\/www.enerjigazetesi.ist\/en\/wp-json\/wp\/v2\/posts\/62683\/revisions\/62685"}],"wp:featuredmedia":[{"embeddable":true,"href":"https:\/\/www.enerjigazetesi.ist\/en\/wp-json\/wp\/v2\/media\/62684"}],"wp:attachment":[{"href":"https:\/\/www.enerjigazetesi.ist\/en\/wp-json\/wp\/v2\/media?parent=62683"}],"wp:term":[{"taxonomy":"category","embeddable":true,"href":"https:\/\/www.enerjigazetesi.ist\/en\/wp-json\/wp\/v2\/categories?post=62683"},{"taxonomy":"post_tag","embeddable":true,"href":"https:\/\/www.enerjigazetesi.ist\/en\/wp-json\/wp\/v2\/tags?post=62683"}],"curies":[{"name":"wp","href":"https:\/\/api.w.org\/{rel}","templated":true}]}}