{"id":6262,"date":"2013-02-08T10:01:06","date_gmt":"2013-02-08T07:01:06","guid":{"rendered":"https:\/\/www.enerjigazetesi.ist\/?p=6262"},"modified":"2013-02-08T11:48:14","modified_gmt":"2013-02-08T08:48:14","slug":"findikli-komure-tesvik-yerli-enerji-uretimini-tetikler","status":"publish","type":"post","link":"https:\/\/www.enerjigazetesi.ist\/en\/findikli-komure-tesvik-yerli-enerji-uretimini-tetikler\/","title":{"rendered":"(Turkish) F\u0131nd\u0131kl\u0131: \u2018K\u00f6m\u00fcre Te\u015fvik Yerli Enerji \u00dcretimini Tetikler\u2019"},"content":{"rendered":"<p class=\"qtranxs-available-languages-message qtranxs-available-languages-message-en\">Sorry, this entry is only available in <a href=\"https:\/\/www.enerjigazetesi.ist\/tr\/wp-json\/wp\/v2\/posts\/6262\" class=\"qtranxs-available-language-link qtranxs-available-language-link-tr\" title=\"Turkish\">Turkish<\/a>. For the sake of viewer convenience, the content is shown below in the alternative language. You may click the link to switch the active language.<\/p><p><strong>TBMM Sanayi, Ticaret, Enerji, Tabii Kaynaklar, Bilgi ve Teknoloji Komisyonu Ba\u015fkan\u0131 M\u00fccahit\u00a0 F\u0131nd\u0131kl\u0131 yapt\u0131\u011f\u0131 a\u00e7\u0131klamada, T\u00fcrkiye\u2019nin 2023 hedefleri kapsam\u0131nda 500 milyar dolarl\u0131k ihracat da bulundu\u011funu belirtti. Bunun 2 trilyon dolarl\u0131k bir GSH gerektirdi\u011fini ifade eden F\u0131nd\u0131kl\u0131, bunun i\u00e7in de ciddi bir \u00fcretimin s\u00f6z konusu olaca\u011f\u0131n\u0131 s\u00f6yledi.<\/strong><\/p>\n<p>\u00dcretim i\u00e7in g\u00fc\u00e7l\u00fc bir enerjiye ihtiya\u00e7 duyulaca\u011f\u0131 anlatan F\u0131nd\u0131kl\u0131, \u201d\u00dcretim a\u015famas\u0131nda, sanayinin bizden talep edece\u011fi enerjiyi onlara sunmu\u015f olmam\u0131z laz\u0131m. Yani enerji yat\u0131r\u0131mlar\u0131, sanayi b\u00fcy\u00fcmesinin bir ad\u0131m \u00f6n\u00fcnde gitmesi gerekiyor\u201d dedi.<\/p>\n<p>Bu enerjinin sa\u011flanabilmesi i\u00e7in yerli ve yenilenebilir kaynaklar\u0131n harekete ge\u00e7irilmesi gerekti\u011fine i\u015faret eden F\u0131nd\u0131kl\u0131, \u015f\u00f6yle devam etti:<\/p>\n<p><img loading=\"lazy\" class=\"alignleft size-medium wp-image-6263\" title=\"komur-nedir-505x301\" src=\"https:\/\/www.enerjigazetesi.ist\/wp-content\/uploads\/2013\/02\/komur-nedir-505x301-300x178.jpg\" alt=\"\" width=\"300\" height=\"178\" srcset=\"https:\/\/www.enerjigazetesi.ist\/wp-content\/uploads\/2013\/02\/komur-nedir-505x301-300x178.jpg 300w, https:\/\/www.enerjigazetesi.ist\/wp-content\/uploads\/2013\/02\/komur-nedir-505x301-500x298.jpg 500w, https:\/\/www.enerjigazetesi.ist\/wp-content\/uploads\/2013\/02\/komur-nedir-505x301-80x47.jpg 80w, https:\/\/www.enerjigazetesi.ist\/wp-content\/uploads\/2013\/02\/komur-nedir-505x301.jpg 505w\" sizes=\"(max-width: 300px) 100vw, 300px\" \/>\u201dBunu yaparak enerji ba\u011f\u0131ml\u0131l\u0131\u011f\u0131ndan kurtulabiliriz. \u00d6z kaynaklar\u0131m\u0131zla ya da kaynak \u00e7e\u015fitlili\u011fini sa\u011flayarak bu hedeflere ula\u015fmak zorunday\u0131z. Elimizde r\u00fczgar, do\u011falgaz santralleri ve n\u00fckleer santrallar var. Do\u011falgazda d\u0131\u015fa ba\u011f\u0131ml\u0131l\u0131k var. Dolay\u0131s\u0131yla bizim n\u00fckleer ve k\u00f6m\u00fcr\u00fc esas alarak politika olu\u015fturmam\u0131z gerekiyor.<\/p>\n<p><strong>K\u00f6m\u00fcre y\u00fcklenirken, r\u00fczgar, g\u00fcne\u015f, \u00e7\u00f6p gaz\u0131, jeotermal sular\u0131 da harekete ge\u00e7irmemiz laz\u0131m. B\u00fct\u00fcn bu yat\u0131r\u0131mlar\u0131 \u00f6zel sekt\u00f6r eliyle, d\u00fcnya piyasas\u0131na a\u00e7\u0131k halde yapmam\u0131z gerekiyor.<\/strong><\/p>\n<p>Enerji ve Tabii Kaynaklar Bakanl\u0131\u011f\u0131\u2019nda k\u00f6m\u00fcrle ilgili yeni bir \u00e7al\u0131\u015fma yap\u0131l\u0131yor. Yerli k\u00f6m\u00fcr santrallerine y\u00f6nelik yat\u0131r\u0131m te\u015fviki i\u00e7in \u00e7al\u0131\u015fma yap\u0131l\u0131yor. \u00c7\u00fcnk\u00fc enerji de bir \u00fcretimdir. O da maden yat\u0131r\u0131m\u0131d\u0131r. Di\u011fer maden yat\u0131r\u0131mlar\u0131na nas\u0131l te\u015fvik veriyorsak, k\u00f6m\u00fcr\u00fc \u00e7\u0131kar\u0131p enerjiye \u00e7eviren santrallar\u0131n kurulmas\u0131n\u0131 te\u015fvik kapsam\u0131na alal\u0131m diye \u00e7al\u0131\u015fma ba\u015flat\u0131ld\u0131. \u00c7\u00fcnk\u00fc en b\u00fcy\u00fck kaynaklar\u0131m\u0131zdan biri linyit. 11 milyar tonun \u00fczerinde linyit rezervimiz var. Kalorisi d\u00fc\u015f\u00fck olmas\u0131na ra\u011fmen biz bunlar\u0131 enerjiye \u00e7evirmek ve yeni yataklar\u0131 ara\u015ft\u0131rmak zorunday\u0131z. K\u00f6m\u00fcr santrallerine gelecek te\u015fvik, yerli enerji \u00fcretimine \u00f6nemli katk\u0131 sa\u011flayacak.\u201d<\/p>\n<p>K\u00f6m\u00fcr yat\u0131r\u0131mlar\u0131n\u0131n pahal\u0131 yat\u0131r\u0131mlar oldu\u011funu belirten F\u0131nd\u0131kl\u0131, 1000 megawat civar\u0131ndaki yat\u0131r\u0131m\u0131n yakla\u015f\u0131k 1 milyar dolara mal oldu\u011funu ifade ederek, \u201d\u0130\u015fte burada yat\u0131r\u0131m k\u0131sm\u0131nda verilecek bir tak\u0131m te\u015fvik destekleri uygulanacak. Her devreye alaca\u011f\u0131m\u0131z k\u00f6m\u00fcr santrali, her devreye alaca\u011f\u0131m\u0131z yenilenebilir santraller, do\u011falgaza ba\u011f\u0131ml\u0131l\u0131\u011f\u0131m\u0131z\u0131 geriye \u00e7ekecek\u201d dedi.<\/p>\n<p>Kaynak: <a href=\"http:\/\/enerjienstitusu.com\/2013\/02\/06\/findiklinin-aciklamasi-komure-tesvik-yerli-enerji-uretimini-tetikler\/\" target=\"_blank\">Enerji Enstit\u00fcs\u00fc<\/a><\/p>","protected":false},"excerpt":{"rendered":"<p>Sorry, this entry is only available in Turkish. For the sake of viewer convenience, the content is shown below in the alternative language. You may click the link to switch the active language.TBMM Sanayi, Ticaret, Enerji, Tabii Kaynaklar, Bilgi ve Teknoloji Komisyonu Ba\u015fkan\u0131 M\u00fccahit\u00a0 F\u0131nd\u0131kl\u0131 yapt\u0131\u011f\u0131 a\u00e7\u0131klamada, T\u00fcrkiye\u2019nin 2023 hedefleri kapsam\u0131nda 500 milyar dolarl\u0131k ihracat [&hellip;]<\/p>\n","protected":false},"author":1,"featured_media":6263,"comment_status":"open","ping_status":"open","sticky":false,"template":"","format":"standard","meta":[],"categories":[53],"tags":[67,2293,2291,2292],"views":545,"_links":{"self":[{"href":"https:\/\/www.enerjigazetesi.ist\/en\/wp-json\/wp\/v2\/posts\/6262"}],"collection":[{"href":"https:\/\/www.enerjigazetesi.ist\/en\/wp-json\/wp\/v2\/posts"}],"about":[{"href":"https:\/\/www.enerjigazetesi.ist\/en\/wp-json\/wp\/v2\/types\/post"}],"author":[{"embeddable":true,"href":"https:\/\/www.enerjigazetesi.ist\/en\/wp-json\/wp\/v2\/users\/1"}],"replies":[{"embeddable":true,"href":"https:\/\/www.enerjigazetesi.ist\/en\/wp-json\/wp\/v2\/comments?post=6262"}],"version-history":[{"count":3,"href":"https:\/\/www.enerjigazetesi.ist\/en\/wp-json\/wp\/v2\/posts\/6262\/revisions"}],"predecessor-version":[{"id":6286,"href":"https:\/\/www.enerjigazetesi.ist\/en\/wp-json\/wp\/v2\/posts\/6262\/revisions\/6286"}],"wp:featuredmedia":[{"embeddable":true,"href":"https:\/\/www.enerjigazetesi.ist\/en\/wp-json\/wp\/v2\/media\/6263"}],"wp:attachment":[{"href":"https:\/\/www.enerjigazetesi.ist\/en\/wp-json\/wp\/v2\/media?parent=6262"}],"wp:term":[{"taxonomy":"category","embeddable":true,"href":"https:\/\/www.enerjigazetesi.ist\/en\/wp-json\/wp\/v2\/categories?post=6262"},{"taxonomy":"post_tag","embeddable":true,"href":"https:\/\/www.enerjigazetesi.ist\/en\/wp-json\/wp\/v2\/tags?post=6262"}],"curies":[{"name":"wp","href":"https:\/\/api.w.org\/{rel}","templated":true}]}}