{"id":62611,"date":"2017-03-22T13:52:22","date_gmt":"2017-03-22T10:52:22","guid":{"rendered":"https:\/\/www.enerjigazetesi.ist\/?p=62611"},"modified":"2017-03-22T13:52:22","modified_gmt":"2017-03-22T10:52:22","slug":"aksa-enerji-6-ruzgar-santralini-satip-sermayesini-guclendirecek","status":"publish","type":"post","link":"https:\/\/www.enerjigazetesi.ist\/en\/aksa-enerji-6-ruzgar-santralini-satip-sermayesini-guclendirecek\/","title":{"rendered":"(Turkish) Aksa Enerji, 6 R\u00fczgar Santralini Sat\u0131p Sermayesini G\u00fc\u00e7lendirecek"},"content":{"rendered":"<p class=\"qtranxs-available-languages-message qtranxs-available-languages-message-en\">Sorry, this entry is only available in <a href=\"https:\/\/www.enerjigazetesi.ist\/tr\/wp-json\/wp\/v2\/posts\/62611\" class=\"qtranxs-available-language-link qtranxs-available-language-link-tr\" title=\"Turkish\">Turkish<\/a>. For the sake of viewer convenience, the content is shown below in the alternative language. You may click the link to switch the active language.<\/p><p><\/p>\n<p style=\"color: #0a0a0a;\"><strong>Aksa Enerji taraf\u0131ndan Borsa istanbul\u2019un duyurusuna istinaden yap\u0131lan a\u00e7\u0131klamada \u00f6zsermaye erimesinin ana sebebinin, y\u00fckselen kurlar nedeniyle d\u00f6viz bazl\u0131 y\u00fck\u00fcml\u00fcl\u00fcklerden kaynaklanan kur fark\u0131 ve finansman zararlar\u0131 oldu\u011fu belirtildi.<\/strong><\/p>\n<p style=\"color: #0a0a0a;\"><span id=\"more-89990\"><\/span>Aksa Enerji \u00dcretim A\u015e, ge\u00e7ti\u011fimiz y\u0131l kas\u0131m ay\u0131nda G\u00fcri\u015f \u015eirketler Grubu\u2019na sat\u0131\u015f\u0131 i\u00e7in anla\u015fmaya<img loading=\"lazy\" class=\"alignright  wp-image-48944\" src=\"https:\/\/www.enerjigazetesi.ist\/wp-content\/uploads\/2016\/01\/acil-enerji-ihtiyacina-cozum-kiralik-jenerator.jpg\" alt=\"aksa-enerji\" width=\"300\" height=\"205\" \/> vard\u0131\u011f\u0131 6 r\u00fczgar santralinden elde edece\u011fi gelirle k\u0131sa vadeli y\u00fck\u00fcml\u00fcl\u00fcklerini azalt\u0131p, \u015firket sermayesini g\u00fc\u00e7lendirecektir. Aksa\u2019n\u0131n Kamuyu Ayd\u0131nlatma Platformu\u2019nda (KAP) yapt\u0131\u011f\u0131\u00a0a\u00e7\u0131klamada, 81 megavat kurulu g\u00fc\u00e7teki Kozb\u00fck\u00fc hidroelektrik santralinin sat\u0131ld\u0131\u011f\u0131 ve 232 megavat<br \/>\nkurulu g\u00fc\u00e7teki 6 r\u00fczgar santralinin sat\u0131\u015f\u0131 i\u00e7in de daha \u00f6nce anla\u015fmaya var\u0131ld\u0131\u011f\u0131 ifade edildi.<\/p>\n<p style=\"color: #0a0a0a;\">Y\u00fckselen d\u00f6viz kuruna kar\u015f\u0131 gerekli \u00f6nlemlerin ge\u00e7ti\u011fimiz y\u0131l al\u0131nd\u0131\u011f\u0131 ve pozitif etkilerin bu y\u0131l \u015firket bilan\u00e7olar\u0131na yans\u0131yaca\u011f\u0131 ifade edilen\u00a0a\u00e7\u0131klamada \u015funlar belirtildi: \u201cS\u00f6z konusu sat\u0131\u015flardan elde edilecek tutarlar k\u0131sa vadeli y\u00fck\u00fcml\u00fcl\u00fcklerimizi azaltmakta kullan\u0131lacak ve \u00f6z sermayemizi kuvvetlendirecektir. Ek olarak, d\u00f6viz baz\u0131nda garantili sat\u0131\u015f ger\u00e7ekle\u015ftirecek Gana santrali \u00f6n\u00fcm\u00fczdeki g\u00fcnlerde devreye al\u0131nacakt\u0131r. 2016&#8217;da Madagaskar ve Mali\u2019de de d\u00f6viz bazl\u0131 garantili enerji sat\u0131\u015f\u0131 ger\u00e7ekle\u015ftirecek olan santrallerimizin anla\u015fmalar\u0131 ger\u00e7ekle\u015ftirilmi\u015ftir. Madagaskar santralinin Temmuz ay\u0131n\u0131n sonunda, Mali santralinin ise haziran ay\u0131 sonuna kadar devreye girmesi \u00f6ng\u00f6r\u00fclmektedir. B\u00f6ylece 3 yurt d\u0131\u015f\u0131 projemiz de bu y\u0131l devrede olup, d\u00f6viz sat\u0131\u015flar\u0131 ile finansal giderlerimiz \u00fczerinde do\u011fal bir hedge mekanizmas\u0131 sa\u011flanm\u0131\u015f olacakt\u0131r. Al\u0131nan bu tedbirlerin 2017 y\u0131l\u0131 i\u00e7erisinde \u00f6z sermayemiz \u00fczerinde olumlu etki g\u00f6sterecektir.\u201d<\/p>\n<p><\/p>","protected":false},"excerpt":{"rendered":"<p>Sorry, this entry is only available in Turkish. For the sake of viewer convenience, the content is shown below in the alternative language. You may click the link to switch the active language. Aksa Enerji taraf\u0131ndan Borsa istanbul\u2019un duyurusuna istinaden yap\u0131lan a\u00e7\u0131klamada \u00f6zsermaye erimesinin ana sebebinin, y\u00fckselen kurlar nedeniyle d\u00f6viz bazl\u0131 y\u00fck\u00fcml\u00fcl\u00fcklerden kaynaklanan kur fark\u0131 [&hellip;]<\/p>\n","protected":false},"author":1,"featured_media":48944,"comment_status":"open","ping_status":"open","sticky":false,"template":"","format":"standard","meta":[],"categories":[53,50],"tags":[32156,63,67,1009,2698,165,33536,5436,474,69,16,231,23318,22615,312,4784,105],"views":862,"_links":{"self":[{"href":"https:\/\/www.enerjigazetesi.ist\/en\/wp-json\/wp\/v2\/posts\/62611"}],"collection":[{"href":"https:\/\/www.enerjigazetesi.ist\/en\/wp-json\/wp\/v2\/posts"}],"about":[{"href":"https:\/\/www.enerjigazetesi.ist\/en\/wp-json\/wp\/v2\/types\/post"}],"author":[{"embeddable":true,"href":"https:\/\/www.enerjigazetesi.ist\/en\/wp-json\/wp\/v2\/users\/1"}],"replies":[{"embeddable":true,"href":"https:\/\/www.enerjigazetesi.ist\/en\/wp-json\/wp\/v2\/comments?post=62611"}],"version-history":[{"count":1,"href":"https:\/\/www.enerjigazetesi.ist\/en\/wp-json\/wp\/v2\/posts\/62611\/revisions"}],"predecessor-version":[{"id":62612,"href":"https:\/\/www.enerjigazetesi.ist\/en\/wp-json\/wp\/v2\/posts\/62611\/revisions\/62612"}],"wp:featuredmedia":[{"embeddable":true,"href":"https:\/\/www.enerjigazetesi.ist\/en\/wp-json\/wp\/v2\/media\/48944"}],"wp:attachment":[{"href":"https:\/\/www.enerjigazetesi.ist\/en\/wp-json\/wp\/v2\/media?parent=62611"}],"wp:term":[{"taxonomy":"category","embeddable":true,"href":"https:\/\/www.enerjigazetesi.ist\/en\/wp-json\/wp\/v2\/categories?post=62611"},{"taxonomy":"post_tag","embeddable":true,"href":"https:\/\/www.enerjigazetesi.ist\/en\/wp-json\/wp\/v2\/tags?post=62611"}],"curies":[{"name":"wp","href":"https:\/\/api.w.org\/{rel}","templated":true}]}}