{"id":62574,"date":"2017-03-21T12:07:34","date_gmt":"2017-03-21T09:07:34","guid":{"rendered":"https:\/\/www.enerjigazetesi.ist\/?p=62574"},"modified":"2017-03-21T12:07:34","modified_gmt":"2017-03-21T09:07:34","slug":"suudi-arabistan-ve-cinden-petrol-sektorunde-isbirligi","status":"publish","type":"post","link":"https:\/\/www.enerjigazetesi.ist\/en\/suudi-arabistan-ve-cinden-petrol-sektorunde-isbirligi\/","title":{"rendered":"(Turkish) Suudi Arabistan ve \u00c7in&#8217;den Petrol Sekt\u00f6r\u00fcnde \u0130\u015fbirli\u011fi"},"content":{"rendered":"<p class=\"qtranxs-available-languages-message qtranxs-available-languages-message-en\">Sorry, this entry is only available in <a href=\"https:\/\/www.enerjigazetesi.ist\/tr\/wp-json\/wp\/v2\/posts\/62574\" class=\"qtranxs-available-language-link qtranxs-available-language-link-tr\" title=\"Turkish\">Turkish<\/a>. For the sake of viewer convenience, the content is shown below in the alternative language. You may click the link to switch the active language.<\/p><p><\/p>\n<p style=\"color: #0a0a0a;\"><strong>Suudi Arabistan ve \u00c7in taraf\u0131ndan petrol sekt\u00f6r\u00fcnde i\u015fbirli\u011finin art\u0131r\u0131lmas\u0131 karar\u0131 al\u0131nd\u0131. Buna Suudi Arabistan\u2019\u0131n \u00c7in\u2019e satt\u0131\u011f\u0131 petrol\u00fcn art\u0131r\u0131lmas\u0131n\u0131n da dahil oldu\u011fu\u00a0belirtildi.<a href=\"https:\/\/www.enerjigazetesi.ist\/wp-content\/uploads\/2016\/01\/suudi-arabistanin-petrol-ihracati-kasimda-yuzde-5-artti.jpg\"><img loading=\"lazy\" class=\"alignright size-medium wp-image-49295\" src=\"https:\/\/www.enerjigazetesi.ist\/wp-content\/uploads\/2016\/01\/suudi-arabistanin-petrol-ihracati-kasimda-yuzde-5-artti-300x165.jpg\" alt=\"suudi-arabistan-petrol\" width=\"300\" height=\"165\" srcset=\"https:\/\/www.enerjigazetesi.ist\/wp-content\/uploads\/2016\/01\/suudi-arabistanin-petrol-ihracati-kasimda-yuzde-5-artti-300x165.jpg 300w, https:\/\/www.enerjigazetesi.ist\/wp-content\/uploads\/2016\/01\/suudi-arabistanin-petrol-ihracati-kasimda-yuzde-5-artti-500x276.jpg 500w, https:\/\/www.enerjigazetesi.ist\/wp-content\/uploads\/2016\/01\/suudi-arabistanin-petrol-ihracati-kasimda-yuzde-5-artti-80x44.jpg 80w, https:\/\/www.enerjigazetesi.ist\/wp-content\/uploads\/2016\/01\/suudi-arabistanin-petrol-ihracati-kasimda-yuzde-5-artti.jpg 696w\" sizes=\"(max-width: 300px) 100vw, 300px\" \/><\/a><\/strong><\/p>\n<p style=\"color: #0a0a0a;\"><span id=\"more-89907\"><\/span>Suudi Kral\u0131 Selman, \u00c7in ziyareti s\u0131ras\u0131nda \u00c7in ile petrol i\u015fbirli\u011finin art\u0131r\u0131lmas\u0131n\u0131 kararla\u015ft\u0131rd\u0131. Anla\u015fmaya \u00c7in\u2019in Suudi Arabistan\u2019dan ald\u0131\u011f\u0131 petrol\u00fcn art\u0131r\u0131lmas\u0131 da dahil olurken, Suudi Arabistan\u2019\u0131n kaybetmekte oldu\u011fu pazar pay\u0131n\u0131 yeniden kazanmak i\u00e7in Asya \u00fclkeleriyle i\u015fbirli\u011fini art\u0131rmak istedi\u011fi\u00a0de bilinmektedir.<\/p>\n<p style=\"color: #0a0a0a;\">Ortak a\u00e7\u0131klamada ise, \u201ck\u00fcresel ekonomi i\u00e7in d\u00fcnya petrol piyasalar\u0131n\u0131n istikrar\u0131n\u0131n \u00f6nemi\u201d vurgusu yap\u0131l\u0131rken, \u00c7in\u2019in Suudi Arabistan\u2019\u0131 \u201csa\u011flam ve g\u00fcvenilebilir bir petrol sa\u011flay\u0131c\u0131s\u0131\u201d olarak \u00f6vd\u00fc\u011f\u00fc de a\u00e7\u0131kland\u0131. \u00c7in ve Suudi Arabistan&#8217;\u0131n a\u00e7\u0131klamalar\u0131nda, Yemen\u2019deki \u201cyasal h\u00fck\u00fcmete\u201d destek de\u00a0a\u00e7\u0131kland\u0131.<\/p>\n<p><\/p>","protected":false},"excerpt":{"rendered":"<p>Sorry, this entry is only available in Turkish. For the sake of viewer convenience, the content is shown below in the alternative language. You may click the link to switch the active language. Suudi Arabistan ve \u00c7in taraf\u0131ndan petrol sekt\u00f6r\u00fcnde i\u015fbirli\u011finin art\u0131r\u0131lmas\u0131 karar\u0131 al\u0131nd\u0131. Buna Suudi Arabistan\u2019\u0131n \u00c7in\u2019e satt\u0131\u011f\u0131 petrol\u00fcn art\u0131r\u0131lmas\u0131n\u0131n da dahil oldu\u011fu\u00a0belirtildi. Suudi [&hellip;]<\/p>\n","protected":false},"author":1,"featured_media":49295,"comment_status":"open","ping_status":"open","sticky":false,"template":"","format":"standard","meta":[],"categories":[53,44],"tags":[886,63,67,1009,2698,165,23233,59,79,2388,14290,887,2522,1369,1463,33532],"views":851,"_links":{"self":[{"href":"https:\/\/www.enerjigazetesi.ist\/en\/wp-json\/wp\/v2\/posts\/62574"}],"collection":[{"href":"https:\/\/www.enerjigazetesi.ist\/en\/wp-json\/wp\/v2\/posts"}],"about":[{"href":"https:\/\/www.enerjigazetesi.ist\/en\/wp-json\/wp\/v2\/types\/post"}],"author":[{"embeddable":true,"href":"https:\/\/www.enerjigazetesi.ist\/en\/wp-json\/wp\/v2\/users\/1"}],"replies":[{"embeddable":true,"href":"https:\/\/www.enerjigazetesi.ist\/en\/wp-json\/wp\/v2\/comments?post=62574"}],"version-history":[{"count":1,"href":"https:\/\/www.enerjigazetesi.ist\/en\/wp-json\/wp\/v2\/posts\/62574\/revisions"}],"predecessor-version":[{"id":62575,"href":"https:\/\/www.enerjigazetesi.ist\/en\/wp-json\/wp\/v2\/posts\/62574\/revisions\/62575"}],"wp:featuredmedia":[{"embeddable":true,"href":"https:\/\/www.enerjigazetesi.ist\/en\/wp-json\/wp\/v2\/media\/49295"}],"wp:attachment":[{"href":"https:\/\/www.enerjigazetesi.ist\/en\/wp-json\/wp\/v2\/media?parent=62574"}],"wp:term":[{"taxonomy":"category","embeddable":true,"href":"https:\/\/www.enerjigazetesi.ist\/en\/wp-json\/wp\/v2\/categories?post=62574"},{"taxonomy":"post_tag","embeddable":true,"href":"https:\/\/www.enerjigazetesi.ist\/en\/wp-json\/wp\/v2\/tags?post=62574"}],"curies":[{"name":"wp","href":"https:\/\/api.w.org\/{rel}","templated":true}]}}