{"id":62466,"date":"2017-03-15T12:05:32","date_gmt":"2017-03-15T09:05:32","guid":{"rendered":"https:\/\/www.enerjigazetesi.ist\/?p=62466"},"modified":"2017-03-15T12:05:32","modified_gmt":"2017-03-15T09:05:32","slug":"fukusimada-radyasyonun-azaldigi-yerler-yerlesime-uygun-halde-geldi","status":"publish","type":"post","link":"https:\/\/www.enerjigazetesi.ist\/en\/fukusimada-radyasyonun-azaldigi-yerler-yerlesime-uygun-halde-geldi\/","title":{"rendered":"(Turkish) Fuku\u015fima\u2019da Radyasyonun Azald\u0131\u011f\u0131 Yerler Yerle\u015fime Uygun Halde Geldi"},"content":{"rendered":"<p class=\"qtranxs-available-languages-message qtranxs-available-languages-message-en\">Sorry, this entry is only available in <a href=\"https:\/\/www.enerjigazetesi.ist\/tr\/wp-json\/wp\/v2\/posts\/62466\" class=\"qtranxs-available-language-link qtranxs-available-language-link-tr\" title=\"Turkish\">Turkish<\/a>. For the sake of viewer convenience, the content is shown below in the alternative language. You may click the link to switch the active language.<\/p><p><\/p>\n<p style=\"color: #0a0a0a;\"><strong>Son yap\u0131lan ara\u015ft\u0131rmalar Fukushima Daiichi N\u00fckleer Santrali yak\u0131nlar\u0131ndaki terk edilen yerle\u015fim b\u00f6lgelerinin, tekrarda<a href=\"https:\/\/www.enerjigazetesi.ist\/wp-content\/uploads\/2016\/02\/fukusimadaki-nukleer-felaket.jpg\"><img loading=\"lazy\" class=\"alignleft  wp-image-50948\" src=\"https:\/\/www.enerjigazetesi.ist\/wp-content\/uploads\/2016\/02\/fukusimadaki-nukleer-felaket.jpg\" alt=\"fukusimadaki-nukleer-felaket\" width=\"300\" height=\"233\" \/><\/a>n insanlar\u0131n ya\u015famas\u0131 i\u00e7in uygun oldu\u011funu\u00a0g\u00f6stermektedir.<\/strong><\/p>\n<p style=\"color: #0a0a0a;\"><span id=\"more-89707\"><\/span>Uzmanlara g\u00f6re art\u0131k tehlikeli seviyelerde radyasyonun bulunmad\u0131\u011f\u0131 b\u00f6lgelere halk tekrar yerle\u015febilecektir. Fukushima T\u0131p \u00dcniversitesi\u2019nden radyolog Makoto Miyazaki ve Tokyo \u00dcniversitesi fizik\u00e7isi Ryugo Hayano taraf\u0131ndan yap\u0131lan son ara\u015ft\u0131rmalara g\u00f6re n\u00fckleer reakt\u00f6r\u00fcn yak\u0131n\u0131nda bulunan (37 kilometre uzakl\u0131kta) ve \u015fu an hi\u00e7 kimsenin olmad\u0131\u011f\u0131\u00a0Date isimli k\u00f6yde radyasyon seviyesi 2012-2013 y\u0131llar\u0131nda %60 oran\u0131nda azalm\u0131\u015ft\u0131r ve yine ayn\u0131 ara\u015ft\u0131rmada \u00f6n\u00fcm\u00fczdeki 70 y\u0131l i\u00e7inde radyasyon seviyesi yava\u015f yava\u015f azalmaya devam ederek en d\u00fc\u015f\u00fck seviyelere kadar geriledi\u011fi g\u00f6r\u00fclm\u00fc\u015ft\u00fcr.<\/p>\n<p style=\"color: #0a0a0a;\">Bu ay\u0131n sonundan itibaren ise \u015fehirdeki di\u011fer b\u00f6lgeler i\u00e7in de tahliye karar\u0131n\u0131n kald\u0131r\u0131lmas\u0131 planlanmaktad\u0131r.<\/p>\n<p><\/p>","protected":false},"excerpt":{"rendered":"<p>Sorry, this entry is only available in Turkish. For the sake of viewer convenience, the content is shown below in the alternative language. You may click the link to switch the active language. Son yap\u0131lan ara\u015ft\u0131rmalar Fukushima Daiichi N\u00fckleer Santrali yak\u0131nlar\u0131ndaki terk edilen yerle\u015fim b\u00f6lgelerinin, tekrardan insanlar\u0131n ya\u015famas\u0131 i\u00e7in uygun oldu\u011funu\u00a0g\u00f6stermektedir. Uzmanlara g\u00f6re art\u0131k tehlikeli [&hellip;]<\/p>\n","protected":false},"author":1,"featured_media":50948,"comment_status":"open","ping_status":"open","sticky":false,"template":"","format":"standard","meta":[],"categories":[53,43],"tags":[63,67,1009,2698,165,33489,25987,71,21,25480,23614,88,2973,33490],"views":1149,"_links":{"self":[{"href":"https:\/\/www.enerjigazetesi.ist\/en\/wp-json\/wp\/v2\/posts\/62466"}],"collection":[{"href":"https:\/\/www.enerjigazetesi.ist\/en\/wp-json\/wp\/v2\/posts"}],"about":[{"href":"https:\/\/www.enerjigazetesi.ist\/en\/wp-json\/wp\/v2\/types\/post"}],"author":[{"embeddable":true,"href":"https:\/\/www.enerjigazetesi.ist\/en\/wp-json\/wp\/v2\/users\/1"}],"replies":[{"embeddable":true,"href":"https:\/\/www.enerjigazetesi.ist\/en\/wp-json\/wp\/v2\/comments?post=62466"}],"version-history":[{"count":1,"href":"https:\/\/www.enerjigazetesi.ist\/en\/wp-json\/wp\/v2\/posts\/62466\/revisions"}],"predecessor-version":[{"id":62467,"href":"https:\/\/www.enerjigazetesi.ist\/en\/wp-json\/wp\/v2\/posts\/62466\/revisions\/62467"}],"wp:featuredmedia":[{"embeddable":true,"href":"https:\/\/www.enerjigazetesi.ist\/en\/wp-json\/wp\/v2\/media\/50948"}],"wp:attachment":[{"href":"https:\/\/www.enerjigazetesi.ist\/en\/wp-json\/wp\/v2\/media?parent=62466"}],"wp:term":[{"taxonomy":"category","embeddable":true,"href":"https:\/\/www.enerjigazetesi.ist\/en\/wp-json\/wp\/v2\/categories?post=62466"},{"taxonomy":"post_tag","embeddable":true,"href":"https:\/\/www.enerjigazetesi.ist\/en\/wp-json\/wp\/v2\/tags?post=62466"}],"curies":[{"name":"wp","href":"https:\/\/api.w.org\/{rel}","templated":true}]}}