{"id":62417,"date":"2017-03-12T19:13:56","date_gmt":"2017-03-12T16:13:56","guid":{"rendered":"https:\/\/www.enerjigazetesi.ist\/?p=62417"},"modified":"2017-03-12T19:44:37","modified_gmt":"2017-03-12T16:44:37","slug":"6-yil-sonrasi-fukusima-daki-son-durum-ve-alinacak-dersler","status":"publish","type":"post","link":"https:\/\/www.enerjigazetesi.ist\/en\/6-yil-sonrasi-fukusima-daki-son-durum-ve-alinacak-dersler\/","title":{"rendered":"(Turkish) 6 Y\u0131l Sonras\u0131 Fuku\u015fima\u2019daki Son Durum ve Al\u0131nacak Dersler"},"content":{"rendered":"<p class=\"qtranxs-available-languages-message qtranxs-available-languages-message-en\">Sorry, this entry is only available in <a href=\"https:\/\/www.enerjigazetesi.ist\/tr\/wp-json\/wp\/v2\/posts\/62417\" class=\"qtranxs-available-language-link qtranxs-available-language-link-tr\" title=\"Turkish\">Turkish<\/a>. For the sake of viewer convenience, the content is shown below in the alternative language. You may click the link to switch the active language.<\/p><p><strong><span style=\"color: #0a0a0a;\">11 Mart 2011 tarihinde Japonya\u2019daki 9 b\u00fcy\u00fckl\u00fc\u011f\u00fcndeki b\u00fcy\u00fck depremle olu\u015fan Tsunami\u2019nin dev dalgalar\u0131yla, elektrik direklerinin y\u0131k\u0131lmas\u0131, hatlar\u0131n kopmas\u0131 sonucu Fuku\u015fima n\u00fckleer santral\u0131na d\u0131\u015far\u0131dan gelen elektri\u011fin kesildi\u011fini,\u00a0\u00a0zemin alt\u0131ndaki ivedi elektrik \u00fcrete\u00e7lerinin de sular alt\u0131nda kalarak santral\u0131n elektriksiz kald\u0131\u011f\u0131n\u0131 bilmekteyiz<a href=\"https:\/\/www.enerjigazetesi.ist\/wp-content\/uploads\/2016\/02\/fukusimadaki-nukleer-felaket.jpg\"><img loading=\"lazy\" class=\"alignleft  wp-image-50948\" src=\"https:\/\/www.enerjigazetesi.ist\/wp-content\/uploads\/2016\/02\/fukusimadaki-nukleer-felaket.jpg\" alt=\"fukusimadaki-nukleer-felaket\" width=\"300\" height=\"244\" \/><\/a>.<\/span><\/strong><\/p>\n<p>Reakt\u00f6rler, deprem sinyalini al\u0131r almaz planland\u0131\u011f\u0131 gibi otomatik olarak durdurulmu\u015f, b\u00fcy\u00fck deprem sonucu binalarda herhangi \u00f6nemli bir hasar ger\u00e7ekle\u015fmemi\u015ftir. Durdurulan reakt\u00f6rlerdeki n\u00fckleer yak\u0131t\u0131n i\u00e7indeki \u00e7ok \u00e7e\u015fitli radyoaktif maddelerin yay\u0131nlad\u0131\u011f\u0131 ve y\u0131llarca yay\u0131nlayaca\u011f\u0131 radyasyonun olu\u015fturdu\u011fu a\u015f\u0131r\u0131 \u0131s\u0131 enerjisi, elektriksiz kalan pompalar\u0131n \u00e7al\u0131\u015ft\u0131r\u0131lamamas\u0131 nedeniyle so\u011futma suyuna aktar\u0131lamam\u0131\u015f ve yak\u0131t elemanlar\u0131nda ergime olu\u015farak b\u00fcy\u00fck kaza\u00a0meydana gelmi\u015ftir.<\/p>\n<p>Radyoaktif maddeler, hava ak\u0131mlar\u0131yla \u00e7ok uzaklara ta\u015f\u0131nm\u0131\u015f, ya\u011f\u0131\u015flar ve kuru serpintilerle \u00f6zellikle yak\u0131nlardaki 10-20 km\u2019lik b\u00f6lgeyi radyoaktif bula\u015fmayla etkilemi\u015f, yerle\u015fim yerleri bo\u015falt\u0131lm\u0131\u015f, insanlar y\u0131llarca yerlerinden yurtlar\u0131ndan uzaklarda ya\u015famak zorunda kalm\u0131\u015flard\u0131r.<\/p>\n<p>Yaz\u0131n\u0131n <a href=\"http:\/\/enerjienstitusu.com\/2017\/03\/11\/kazadan-6-yil-sonra-fukusimada-durum-alinacak-dersler\/\" target=\"_blank\" rel=\"nofollow\">Devam\u0131 \u0130\u00e7in TIKLAYINIZ&gt;&gt;&gt;<\/a><\/p>\n<p>Kaynak: Enerji Enstit\u00fcs\u00fc<\/p>","protected":false},"excerpt":{"rendered":"<p>Sorry, this entry is only available in Turkish. For the sake of viewer convenience, the content is shown below in the alternative language. You may click the link to switch the active language.11 Mart 2011 tarihinde Japonya\u2019daki 9 b\u00fcy\u00fckl\u00fc\u011f\u00fcndeki b\u00fcy\u00fck depremle olu\u015fan Tsunami\u2019nin dev dalgalar\u0131yla, elektrik direklerinin y\u0131k\u0131lmas\u0131, hatlar\u0131n kopmas\u0131 sonucu Fuku\u015fima n\u00fckleer santral\u0131na d\u0131\u015far\u0131dan [&hellip;]<\/p>\n","protected":false},"author":1,"featured_media":50948,"comment_status":"open","ping_status":"open","sticky":false,"template":"","format":"standard","meta":[],"categories":[53,43],"tags":[63,67,1009,2698,165,8925,3313,9396,33465,71,21,25480,23614,2973,33466],"views":1682,"_links":{"self":[{"href":"https:\/\/www.enerjigazetesi.ist\/en\/wp-json\/wp\/v2\/posts\/62417"}],"collection":[{"href":"https:\/\/www.enerjigazetesi.ist\/en\/wp-json\/wp\/v2\/posts"}],"about":[{"href":"https:\/\/www.enerjigazetesi.ist\/en\/wp-json\/wp\/v2\/types\/post"}],"author":[{"embeddable":true,"href":"https:\/\/www.enerjigazetesi.ist\/en\/wp-json\/wp\/v2\/users\/1"}],"replies":[{"embeddable":true,"href":"https:\/\/www.enerjigazetesi.ist\/en\/wp-json\/wp\/v2\/comments?post=62417"}],"version-history":[{"count":6,"href":"https:\/\/www.enerjigazetesi.ist\/en\/wp-json\/wp\/v2\/posts\/62417\/revisions"}],"predecessor-version":[{"id":62425,"href":"https:\/\/www.enerjigazetesi.ist\/en\/wp-json\/wp\/v2\/posts\/62417\/revisions\/62425"}],"wp:featuredmedia":[{"embeddable":true,"href":"https:\/\/www.enerjigazetesi.ist\/en\/wp-json\/wp\/v2\/media\/50948"}],"wp:attachment":[{"href":"https:\/\/www.enerjigazetesi.ist\/en\/wp-json\/wp\/v2\/media?parent=62417"}],"wp:term":[{"taxonomy":"category","embeddable":true,"href":"https:\/\/www.enerjigazetesi.ist\/en\/wp-json\/wp\/v2\/categories?post=62417"},{"taxonomy":"post_tag","embeddable":true,"href":"https:\/\/www.enerjigazetesi.ist\/en\/wp-json\/wp\/v2\/tags?post=62417"}],"curies":[{"name":"wp","href":"https:\/\/api.w.org\/{rel}","templated":true}]}}