{"id":62401,"date":"2017-03-11T16:58:31","date_gmt":"2017-03-11T13:58:31","guid":{"rendered":"https:\/\/www.enerjigazetesi.ist\/?p=62401"},"modified":"2017-03-11T16:58:31","modified_gmt":"2017-03-11T13:58:31","slug":"eskisehirin-tarihi-bacalari-enerji-verimliliginin-de-simgesi-oluyor","status":"publish","type":"post","link":"https:\/\/www.enerjigazetesi.ist\/en\/eskisehirin-tarihi-bacalari-enerji-verimliliginin-de-simgesi-oluyor\/","title":{"rendered":"(Turkish) Eski\u015fehir\u2019in \u2018Tarihi Bacalar\u0131\u2019 Enerji Verimlili\u011finin de Simgesi Oluyor\u2026"},"content":{"rendered":"<p class=\"qtranxs-available-languages-message qtranxs-available-languages-message-en\">Sorry, this entry is only available in <a href=\"https:\/\/www.enerjigazetesi.ist\/tr\/wp-json\/wp\/v2\/posts\/62401\" class=\"qtranxs-available-language-link qtranxs-available-language-link-tr\" title=\"Turkish\">Turkish<\/a>. For the sake of viewer convenience, the content is shown below in the alternative language. You may click the link to switch the active language.<\/p><p><strong>ECE T\u00fcrkiye taraf\u0131ndan y\u00f6netilen Espark AVM, Tepeba\u015f\u0131 Belediyesi ve Philips Ayd\u0131nlatma taraf\u0131ndan ortakla\u015fa ger\u00e7ekle\u015ftirilen projeyle, Eski\u015fehir\u2019in simgesi tarihi bacalar ilk kez ayd\u0131nlan\u0131yor. Tarihi Bacalar, 8 Mart D\u00fcnya Kad\u0131nlar G\u00fcn\u00fc\u2019nde fark\u0131ndal\u0131k yaratmak amac\u0131yla sadece bug\u00fcne \u00f6zel mor renkle ayd\u0131nlanacak. Projeyle birlikte T\u00fcrkiye\u2019de enerji verimlili\u011fi konusunda \u00f6rnek ve \u00f6nemli bir ad\u0131m at\u0131lm\u0131\u015f oldu.<\/strong><\/p>\n<p>Eski\u015fehir Tepeba\u015f\u0131 Belediyesi, Philips Ayd\u0131nlatma ve ECE T\u00fcrkiye i\u015f birli\u011finde ger\u00e7ekle\u015ftirilen ve Eski\u015fehir\u2019in simgelerinden say\u0131lan Espark Al\u0131\u015fveri\u015f Merkezi\u2019nin giri\u015f kap\u0131lar\u0131ndaki tarihi bacalar\u0131n ayd\u0131nlatma \u00e7al\u0131\u015fmas\u0131 tamamland\u0131. 8 Mart \u00c7ar\u015famba <a href=\"https:\/\/www.enerjigazetesi.ist\/wp-content\/uploads\/2017\/03\/eskisehirin-tarihi-bacalari-enerji-verimliliginin-de-simgesi-oluyor.jpg\"><img loading=\"lazy\" class=\"alignright size-medium wp-image-62402\" src=\"https:\/\/www.enerjigazetesi.ist\/wp-content\/uploads\/2017\/03\/eskisehirin-tarihi-bacalari-enerji-verimliliginin-de-simgesi-oluyor-300x200.jpg\" alt=\"eskisehirin-tarihi-bacalari-enerji-verimliliginin-de-simgesi-oluyor\" width=\"300\" height=\"200\" srcset=\"https:\/\/www.enerjigazetesi.ist\/wp-content\/uploads\/2017\/03\/eskisehirin-tarihi-bacalari-enerji-verimliliginin-de-simgesi-oluyor-300x200.jpg 300w, https:\/\/www.enerjigazetesi.ist\/wp-content\/uploads\/2017\/03\/eskisehirin-tarihi-bacalari-enerji-verimliliginin-de-simgesi-oluyor-500x333.jpg 500w, https:\/\/www.enerjigazetesi.ist\/wp-content\/uploads\/2017\/03\/eskisehirin-tarihi-bacalari-enerji-verimliliginin-de-simgesi-oluyor-74x50.jpg 74w, https:\/\/www.enerjigazetesi.ist\/wp-content\/uploads\/2017\/03\/eskisehirin-tarihi-bacalari-enerji-verimliliginin-de-simgesi-oluyor.jpg 800w\" sizes=\"(max-width: 300px) 100vw, 300px\" \/><\/a>G\u00fcn\u00fc Espark AVM \u00f6n\u00fcnde ger\u00e7ekle\u015ftirilen t\u00f6rene, Tepeba\u015f\u0131 Belediye Ba\u015fkan\u0131 Dt. Ahmet Ata\u00e7, Philips Ayd\u0131nlatma T\u00fcrkiye Y\u00f6neticileri ve Espark AVM M\u00fcd\u00fcr\u00fc G\u00f6kay Uzar kat\u0131ld\u0131.<\/p>\n<p><strong>S\u00fcrd\u00fcr\u00fclebilir Enerji Projesi Espark \u00f6n\u00fcndeki tarihi bacalardan ba\u015flad\u0131\u2026<\/strong><\/p>\n<p>ECE T\u00fcrkiye taraf\u0131ndan y\u00f6netilmekte olan Espark AVM&#8217;nin de destek verdi\u011fi proje, Tepeba\u015f\u0131 Belediyesi taraf\u0131ndan &#8220;Avrupa Birli\u011fi Horizon 2020 &#8211; Ara\u015ft\u0131rma ve \u0130novasyon \u00c7er\u00e7eve Program\u0131&#8221; kapsam\u0131nda geli\u015ftirildi. Ayd\u0131nlatma alan\u0131nda d\u00fcnyada lider konumda bulunan Philips, Belediye&#8217;nin S\u00fcrd\u00fcr\u00fclebilir Enerji Eylem Plan\u0131&#8217;na ba\u011fl\u0131 olarak en geli\u015fmi\u015f teknolojiyle donat\u0131lm\u0131\u015f enerji verimli \u00e7\u00f6z\u00fcmlerin olu\u015fturulmas\u0131n\u0131, enerji tasarrufu sa\u011flanmas\u0131n\u0131 ve karbon emisyonlar\u0131n\u0131n azalt\u0131lmas\u0131n\u0131 hedefleyerek projede \u00e7\u00f6z\u00fcm orta\u011f\u0131 olarak yer ald\u0131. Espark AVM giri\u015f kap\u0131lar\u0131nda yer alan, \u015fehrin en \u00f6nemli simgelerinden olan eski tu\u011fla fabrikas\u0131na ait tarihi bacalar\u0131n \u0131\u015f\u0131kland\u0131r\u0131lmas\u0131, bu kapsaml\u0131 projenin ba\u015flang\u0131\u00e7 noktas\u0131 olarak se\u00e7ildi.<\/p>\n<p>Tarihi bacalar\u0131n ilk kez ayd\u0131nlat\u0131larak Eski\u015fehirlilerin be\u011fenisine sunuldu\u011fu tan\u0131t\u0131m toplant\u0131s\u0131nda konu\u015fan <strong>Tepeba\u015f\u0131 Belediye Ba\u015fkan\u0131 Dt. Ahmet Ata\u00e7<\/strong>, &#8220;\u0130l\u00e7emizin ve \u015fehrimizin marka de\u011ferini ve bilinirli\u011fini art\u0131racak, d\u00fcnya \u00e7ap\u0131nda T\u00fcrkiye&#8217;yi temsil edecek bir projeye imza atm\u0131\u015f bulunuyoruz. Kent kimli\u011fini olu\u015fturan ve \u015fehri simgeleyen mimari yap\u0131lar\u0131 ayd\u0131nlatarak onlar\u0131 g\u00fczelle\u015ftirirken ayn\u0131 zamanda s\u00fcrd\u00fcr\u00fclebilir \u00e7evreye katk\u0131 sa\u011flayacak, enerji verimlili\u011fi sa\u011flayan \u00e7\u00f6z\u00fcmler \u00fcretmek hedefiyle yola \u00e7\u0131kt\u0131k. &#8220;Ak\u0131ll\u0131 \u015eehir Ayd\u0131nlatmas\u0131&#8221; i\u00e7in teknoloji alan\u0131ndaki \u00e7\u00f6z\u00fcm orta\u011f\u0131m\u0131z, bir d\u00fcnya devi olan Philips Ayd\u0131nlatma ile \u015fehrimizin geli\u015fimine y\u00f6nelik projelere her zaman destek veren Espark AVM&#8217;ye katk\u0131lar\u0131ndan dolay\u0131 te\u015fekk\u00fcr ederim&#8221; dedi.<\/p>\n<p><strong>ECE T\u00fcrkiye taraf\u0131ndan y\u00f6netilmekte olan Espark\u2019\u0131n AVM M\u00fcd\u00fcr\u00fc G\u00f6kay Uzar<\/strong>, \u201cEski\u015fehir\u2019in\u00a0\u00a0\u00a0 simgesi tarihi bacalar\u0131n enerji verimlili\u011fine dikkat \u00e7ekmek ve s\u00fcrd\u00fcr\u00fclebilir \u00e7evre projelerini\u00a0\u00a0\u00a0\u00a0\u00a0\u00a0\u00a0\u00a0\u00a0\u00a0\u00a0\u00a0\u00a0\u00a0 ger\u00e7ekle\u015ftirmek ad\u0131na ilk kez ayd\u0131nlat\u0131lmas\u0131 \u00f6nemli bir ad\u0131m oldu. Bug\u00fcn, 8 Mart D\u00fcnya Kad\u0131nlar G\u00fcn\u00fc i\u00e7in \u015fehrimizin simgeleri kad\u0131n haklar\u0131na dikkat \u00e7ekmek i\u00e7in mor renkte ayd\u0131nlanacak. Al\u0131\u015fveri\u015f\u00a0\u00a0\u00a0\u00a0\u00a0 Merkezimiz, Eski\u015fehir\u2019in k\u00fclt\u00fcrel ve sosyal ya\u015fam\u0131n\u0131n \u00f6nemli bulu\u015fma noktalar\u0131ndan biri. Espark AVM olarak \u015fehrin ve \u00fclkemizin geli\u015fimine katk\u0131 sunan bu projeye destek vermi\u015f olmaktan mutluluk\u00a0\u00a0\u00a0\u00a0\u00a0 duyuyoruz\u201d dedi.<\/p>","protected":false},"excerpt":{"rendered":"<p>Sorry, this entry is only available in Turkish. For the sake of viewer convenience, the content is shown below in the alternative language. You may click the link to switch the active language.ECE T\u00fcrkiye taraf\u0131ndan y\u00f6netilen Espark AVM, Tepeba\u015f\u0131 Belediyesi ve Philips Ayd\u0131nlatma taraf\u0131ndan ortakla\u015fa ger\u00e7ekle\u015ftirilen projeyle, Eski\u015fehir\u2019in simgesi tarihi bacalar ilk kez ayd\u0131nlan\u0131yor. Tarihi [&hellip;]<\/p>\n","protected":false},"author":1,"featured_media":62402,"comment_status":"open","ping_status":"open","sticky":false,"template":"","format":"standard","meta":[],"categories":[53,52],"tags":[63,67,1009,2698,165,12,1413,793],"views":1207,"_links":{"self":[{"href":"https:\/\/www.enerjigazetesi.ist\/en\/wp-json\/wp\/v2\/posts\/62401"}],"collection":[{"href":"https:\/\/www.enerjigazetesi.ist\/en\/wp-json\/wp\/v2\/posts"}],"about":[{"href":"https:\/\/www.enerjigazetesi.ist\/en\/wp-json\/wp\/v2\/types\/post"}],"author":[{"embeddable":true,"href":"https:\/\/www.enerjigazetesi.ist\/en\/wp-json\/wp\/v2\/users\/1"}],"replies":[{"embeddable":true,"href":"https:\/\/www.enerjigazetesi.ist\/en\/wp-json\/wp\/v2\/comments?post=62401"}],"version-history":[{"count":1,"href":"https:\/\/www.enerjigazetesi.ist\/en\/wp-json\/wp\/v2\/posts\/62401\/revisions"}],"predecessor-version":[{"id":62403,"href":"https:\/\/www.enerjigazetesi.ist\/en\/wp-json\/wp\/v2\/posts\/62401\/revisions\/62403"}],"wp:featuredmedia":[{"embeddable":true,"href":"https:\/\/www.enerjigazetesi.ist\/en\/wp-json\/wp\/v2\/media\/62402"}],"wp:attachment":[{"href":"https:\/\/www.enerjigazetesi.ist\/en\/wp-json\/wp\/v2\/media?parent=62401"}],"wp:term":[{"taxonomy":"category","embeddable":true,"href":"https:\/\/www.enerjigazetesi.ist\/en\/wp-json\/wp\/v2\/categories?post=62401"},{"taxonomy":"post_tag","embeddable":true,"href":"https:\/\/www.enerjigazetesi.ist\/en\/wp-json\/wp\/v2\/tags?post=62401"}],"curies":[{"name":"wp","href":"https:\/\/api.w.org\/{rel}","templated":true}]}}