{"id":62387,"date":"2017-03-10T11:42:12","date_gmt":"2017-03-10T08:42:12","guid":{"rendered":"https:\/\/www.enerjigazetesi.ist\/?p=62387"},"modified":"2017-03-10T11:43:11","modified_gmt":"2017-03-10T08:43:11","slug":"akdeniz-ve-karadenizde-petrol-ve-dogalgaz-arama-faaliyetleri-basliyor","status":"publish","type":"post","link":"https:\/\/www.enerjigazetesi.ist\/en\/akdeniz-ve-karadenizde-petrol-ve-dogalgaz-arama-faaliyetleri-basliyor\/","title":{"rendered":"(Turkish) Akdeniz ve Karadeniz\u2019de Petrol ve Do\u011falgaz Arama Faaliyetleri Ba\u015fl\u0131yor"},"content":{"rendered":"<p class=\"qtranxs-available-languages-message qtranxs-available-languages-message-en\">Sorry, this entry is only available in <a href=\"https:\/\/www.enerjigazetesi.ist\/tr\/wp-json\/wp\/v2\/posts\/62387\" class=\"qtranxs-available-language-link qtranxs-available-language-link-tr\" title=\"Turkish\">Turkish<\/a>. For the sake of viewer convenience, the content is shown below in the alternative language. You may click the link to switch the active language.<\/p><p><\/p>\n<p style=\"color: #0a0a0a;\"><strong>Enerji ve Tabii Kaynaklar Bakan\u0131 Berat Albayrak, bu y\u0131l Akdeniz ve Karadeniz\u2019de petrol ile do\u011falgaz arama faaliyetleriyle ilgili \u00f6nemli hamlelerde bulunacaklar\u0131n\u0131 s\u00f6yledi. ABD\u2019nin Houston kentinde d\u00fczenlenen IHS CERAWeek 2017 Enerji Konferans\u0131\u2019na kat\u0131lan Albayrak, \u201cBirinci sismik arama gemimiz Barbaros Hayrettin\u2019den son<a href=\"https:\/\/www.enerjigazetesi.ist\/wp-content\/uploads\/2015\/12\/berat-albayrak-2398323-696x385.jpg\"><img loading=\"lazy\" class=\"alignleft size-medium wp-image-48038\" src=\"https:\/\/www.enerjigazetesi.ist\/wp-content\/uploads\/2015\/12\/berat-albayrak-2398323-696x385-300x165.jpg\" alt=\"berat-albayrak-2398323-696x385\" width=\"300\" height=\"165\" srcset=\"https:\/\/www.enerjigazetesi.ist\/wp-content\/uploads\/2015\/12\/berat-albayrak-2398323-696x385-300x165.jpg 300w, https:\/\/www.enerjigazetesi.ist\/wp-content\/uploads\/2015\/12\/berat-albayrak-2398323-696x385-500x276.jpg 500w, https:\/\/www.enerjigazetesi.ist\/wp-content\/uploads\/2015\/12\/berat-albayrak-2398323-696x385-80x44.jpg 80w, https:\/\/www.enerjigazetesi.ist\/wp-content\/uploads\/2015\/12\/berat-albayrak-2398323-696x385.jpg 696w\" sizes=\"(max-width: 300px) 100vw, 300px\" \/><\/a>ra ikinci gemimizle Akdeniz ve Karadeniz sular\u0131nda daha aktif iki ve \u00fc\u00e7 boyutlu sismik \u00e7al\u0131\u015fmalarla arama faaliyet s\u00fcrecimizi ba\u015flataca\u011f\u0131z\u201d\u00a0ifadelerine yer verdi.<\/strong><\/p>\n<p style=\"color: #0a0a0a;\">D\u00fcnyadaki petrol ve do\u011falgaz\u0131n y\u00fczde 60\u2019\u0131ndan fazlas\u0131n\u0131n T\u00fcrkiye\u2019nin yak\u0131n \u00e7evresindeki b\u00f6lgede bulundu\u011funa dikkat \u00e7eken Albayrak, \u201cD\u00f6rt bir taraf\u0131nda bir\u00e7ok enerji kayna\u011f\u0131 ve zenginlikler bulunan T\u00fcrkiye\u2019nin, b\u00f6lgesindeki en istikrarl\u0131 ve g\u00fc\u00e7l\u00fc \u00fclke olmas\u0131n\u0131n getirdi\u011fi sorumluluk ve enerji arz g\u00fcvenli\u011finde oynad\u0131\u011f\u0131 rol\u00fc itibar\u0131yla, \u00fclkemiz gelecek d\u00f6nemde de kararl\u0131 ve yo\u011fun \u00e7al\u0131\u015fmay\u0131 s\u00fcrd\u00fcrecektir\u201d dedi.<\/p>\n<p style=\"color: #0a0a0a;\">Konferans kapsam\u0131nda \u00fclke ad\u0131na \u00e7ok verimli g\u00f6r\u00fc\u015fmeler ger\u00e7ekle\u015ftirdiklerini de anlatan Albayrak, \u201cYabanc\u0131 yat\u0131r\u0131mc\u0131lar\u0131n T\u00fcrkiye\u2019ye ilgisi \u00e7ok i\u015ftahl\u0131. Bu gelecek d\u00f6nemde \u2018B\u00fcy\u00fck T\u00fcrkiye\u2019 hedefine ula\u015fma noktas\u0131nda umut vericidir\u201d\u00a0ifadelerini kulland\u0131.<\/p>\n<p><\/p>","protected":false},"excerpt":{"rendered":"<p>Sorry, this entry is only available in Turkish. For the sake of viewer convenience, the content is shown below in the alternative language. You may click the link to switch the active language. Enerji ve Tabii Kaynaklar Bakan\u0131 Berat Albayrak, bu y\u0131l Akdeniz ve Karadeniz\u2019de petrol ile do\u011falgaz arama faaliyetleriyle ilgili \u00f6nemli hamlelerde bulunacaklar\u0131n\u0131 s\u00f6yledi. [&hellip;]<\/p>\n","protected":false},"author":1,"featured_media":48038,"comment_status":"open","ping_status":"open","sticky":false,"template":"","format":"standard","meta":[],"categories":[46,53,44],"tags":[92,226,19761,2092,2677,63,67,1009,2698,165,59,79,2388,887,2522],"views":951,"_links":{"self":[{"href":"https:\/\/www.enerjigazetesi.ist\/en\/wp-json\/wp\/v2\/posts\/62387"}],"collection":[{"href":"https:\/\/www.enerjigazetesi.ist\/en\/wp-json\/wp\/v2\/posts"}],"about":[{"href":"https:\/\/www.enerjigazetesi.ist\/en\/wp-json\/wp\/v2\/types\/post"}],"author":[{"embeddable":true,"href":"https:\/\/www.enerjigazetesi.ist\/en\/wp-json\/wp\/v2\/users\/1"}],"replies":[{"embeddable":true,"href":"https:\/\/www.enerjigazetesi.ist\/en\/wp-json\/wp\/v2\/comments?post=62387"}],"version-history":[{"count":1,"href":"https:\/\/www.enerjigazetesi.ist\/en\/wp-json\/wp\/v2\/posts\/62387\/revisions"}],"predecessor-version":[{"id":62388,"href":"https:\/\/www.enerjigazetesi.ist\/en\/wp-json\/wp\/v2\/posts\/62387\/revisions\/62388"}],"wp:featuredmedia":[{"embeddable":true,"href":"https:\/\/www.enerjigazetesi.ist\/en\/wp-json\/wp\/v2\/media\/48038"}],"wp:attachment":[{"href":"https:\/\/www.enerjigazetesi.ist\/en\/wp-json\/wp\/v2\/media?parent=62387"}],"wp:term":[{"taxonomy":"category","embeddable":true,"href":"https:\/\/www.enerjigazetesi.ist\/en\/wp-json\/wp\/v2\/categories?post=62387"},{"taxonomy":"post_tag","embeddable":true,"href":"https:\/\/www.enerjigazetesi.ist\/en\/wp-json\/wp\/v2\/tags?post=62387"}],"curies":[{"name":"wp","href":"https:\/\/api.w.org\/{rel}","templated":true}]}}