{"id":62281,"date":"2017-03-04T14:27:07","date_gmt":"2017-03-04T11:27:07","guid":{"rendered":"https:\/\/www.enerjigazetesi.ist\/?p=62281"},"modified":"2017-03-04T14:28:25","modified_gmt":"2017-03-04T11:28:25","slug":"petroleum-istanbulda-ozel-paneller-ve-workshoplarla-gerceklestirilecek","status":"publish","type":"post","link":"https:\/\/www.enerjigazetesi.ist\/en\/petroleum-istanbulda-ozel-paneller-ve-workshoplarla-gerceklestirilecek\/","title":{"rendered":"(Turkish) Petroleum \u0130stanbul, \u00d6zel Paneller ve Workshop&#8217;larla Ger\u00e7ekle\u015ftirilecek"},"content":{"rendered":"<p class=\"qtranxs-available-languages-message qtranxs-available-languages-message-en\">Sorry, this entry is only available in <a href=\"https:\/\/www.enerjigazetesi.ist\/tr\/wp-json\/wp\/v2\/posts\/62281\" class=\"qtranxs-available-language-link qtranxs-available-language-link-tr\" title=\"Turkish\">Turkish<\/a>. For the sake of viewer convenience, the content is shown below in the alternative language. You may click the link to switch the active language.<\/p><p><strong>Alan\u0131nda d\u00fcnyan\u0131n en b\u00fcy\u00fck ve en \u00e7ok ziyaret edilen fuar\u0131 olan Petroleum Istanbul,\u00a0<\/strong><strong>30 Mart\u2019ta bir\u00e7ok yenilikle kap\u0131lar\u0131n\u0131 ziyaret\u00e7ilerine a\u00e7maya haz\u0131rlan\u0131yor.<\/strong><\/p>\n<p><strong>30 Mart \u2013 2 Nisan<\/strong> tarihlerinde T\u00dcYAP\u2019ta d\u00fczenlenecek olan <strong>Petroleum Istanbul 2017 Fuar\u0131<\/strong> bir\u00e7ok yenili\u011fi de beraberinde getiriyor. 2 y\u0131lda bir d\u00fczenlenen al<a href=\"https:\/\/www.enerjigazetesi.ist\/wp-content\/uploads\/2017\/03\/petroleum-istanbulda-ozel-paneller-ve-workshoplarla-gerceklestirilecek.jpg\"><img loading=\"lazy\" class=\"alignleft size-medium wp-image-62282\" src=\"https:\/\/www.enerjigazetesi.ist\/wp-content\/uploads\/2017\/03\/petroleum-istanbulda-ozel-paneller-ve-workshoplarla-gerceklestirilecek-300x170.jpg\" alt=\"petroleum-istanbulda-ozel-paneller-ve-workshoplarla-gerceklestirilecek\" width=\"300\" height=\"170\" srcset=\"https:\/\/www.enerjigazetesi.ist\/wp-content\/uploads\/2017\/03\/petroleum-istanbulda-ozel-paneller-ve-workshoplarla-gerceklestirilecek-300x170.jpg 300w, https:\/\/www.enerjigazetesi.ist\/wp-content\/uploads\/2017\/03\/petroleum-istanbulda-ozel-paneller-ve-workshoplarla-gerceklestirilecek-500x283.jpg 500w, https:\/\/www.enerjigazetesi.ist\/wp-content\/uploads\/2017\/03\/petroleum-istanbulda-ozel-paneller-ve-workshoplarla-gerceklestirilecek-80x45.jpg 80w, https:\/\/www.enerjigazetesi.ist\/wp-content\/uploads\/2017\/03\/petroleum-istanbulda-ozel-paneller-ve-workshoplarla-gerceklestirilecek.jpg 600w\" sizes=\"(max-width: 300px) 100vw, 300px\" \/><\/a>an\u0131n\u0131n en b\u00fcy\u00fck fuar\u0131 olma \u00f6zelli\u011fini ta\u015f\u0131yan Petroleum Istanbul kapsam\u0131nda bu y\u0131l \u00f6zel paneller ve workshop\u2019lar\u00a0da ger\u00e7ekle\u015ftirilecektir.<\/p>\n<p><strong>\u00d6ZEL ALANLAR TAHS\u0130S ED\u0130LECEK<\/strong><\/p>\n<p>Bu \u00f6zel panel ve workshop\u2019larda konu\u015fmac\u0131lar Petroleum Istanbul Akademi\u2019de yenilik\u00e7i \u00fcr\u00fcn ve hizmetlerini tan\u0131tabilecek, teknolojik geli\u015fmeler, SE\u00c7-G mevzuat\u0131 ve uygulamalar\u0131 gibi konularda bilgilendirmeler yapacaklard\u0131r.<\/p>\n<p><strong>E\u015e ZAMANLI D\u00dcZENLENECEK<\/strong><\/p>\n<p>Petrol, LPG, madeni ya\u011f sekt\u00f6rleri ile bu sekt\u00f6rlere \u00fcr\u00fcn ve hizmet sunan sekt\u00f6rlerin ayn\u0131 \u00e7at\u0131 alt\u0131nda toplanaca\u011f\u0131 Fuar\u2019la birlikte Gas&amp; Power Network, 2. Elektrik, Do\u011fal Gaz ve Alternatif Enerji, Ekipmanlar\u0131 ve Teknolojileri Fuar\u0131 da e\u015f zamanl\u0131 d\u00fczenlenecek.<\/p>\n<p><strong>ENERJ\u0130 SEKT\u00d6R\u00dcN\u00dcN BULU\u015eMA ADRES\u0130<\/strong><\/p>\n<p>Petroleum Istanbul Fuar\u0131 bu y\u0131l da Enerji ve Tabii Kaynaklar Bakanl\u0131\u011f\u0131 ve EPDK ba\u015fta olmak \u00fczere enerji ile ilgili t\u00fcm kamu kurum ve kurulu\u015flar\u0131n\u0131 \u00f6zel sekt\u00f6r ile bir araya getirecek. Ayn\u0131 zamanda Fuar ulusal, b\u00f6lgesel ve uluslararas\u0131 enerji \u015firketleri i\u00e7in \u00f6nemli bir i\u015fbirli\u011fi platformu yaratacakt\u0131r.<\/p>","protected":false},"excerpt":{"rendered":"<p>Sorry, this entry is only available in Turkish. For the sake of viewer convenience, the content is shown below in the alternative language. You may click the link to switch the active language.Alan\u0131nda d\u00fcnyan\u0131n en b\u00fcy\u00fck ve en \u00e7ok ziyaret edilen fuar\u0131 olan Petroleum Istanbul,\u00a030 Mart\u2019ta bir\u00e7ok yenilikle kap\u0131lar\u0131n\u0131 ziyaret\u00e7ilerine a\u00e7maya haz\u0131rlan\u0131yor. 30 Mart \u2013 [&hellip;]<\/p>\n","protected":false},"author":1,"featured_media":62282,"comment_status":"open","ping_status":"open","sticky":false,"template":"","format":"standard","meta":[],"categories":[53,44],"tags":[63,67,1009,2698,165,35369,4631,59,79,2388,887,2522,4415,33415],"views":1676,"_links":{"self":[{"href":"https:\/\/www.enerjigazetesi.ist\/en\/wp-json\/wp\/v2\/posts\/62281"}],"collection":[{"href":"https:\/\/www.enerjigazetesi.ist\/en\/wp-json\/wp\/v2\/posts"}],"about":[{"href":"https:\/\/www.enerjigazetesi.ist\/en\/wp-json\/wp\/v2\/types\/post"}],"author":[{"embeddable":true,"href":"https:\/\/www.enerjigazetesi.ist\/en\/wp-json\/wp\/v2\/users\/1"}],"replies":[{"embeddable":true,"href":"https:\/\/www.enerjigazetesi.ist\/en\/wp-json\/wp\/v2\/comments?post=62281"}],"version-history":[{"count":3,"href":"https:\/\/www.enerjigazetesi.ist\/en\/wp-json\/wp\/v2\/posts\/62281\/revisions"}],"predecessor-version":[{"id":62285,"href":"https:\/\/www.enerjigazetesi.ist\/en\/wp-json\/wp\/v2\/posts\/62281\/revisions\/62285"}],"wp:featuredmedia":[{"embeddable":true,"href":"https:\/\/www.enerjigazetesi.ist\/en\/wp-json\/wp\/v2\/media\/62282"}],"wp:attachment":[{"href":"https:\/\/www.enerjigazetesi.ist\/en\/wp-json\/wp\/v2\/media?parent=62281"}],"wp:term":[{"taxonomy":"category","embeddable":true,"href":"https:\/\/www.enerjigazetesi.ist\/en\/wp-json\/wp\/v2\/categories?post=62281"},{"taxonomy":"post_tag","embeddable":true,"href":"https:\/\/www.enerjigazetesi.ist\/en\/wp-json\/wp\/v2\/tags?post=62281"}],"curies":[{"name":"wp","href":"https:\/\/api.w.org\/{rel}","templated":true}]}}