{"id":62265,"date":"2017-03-03T17:47:31","date_gmt":"2017-03-03T14:47:31","guid":{"rendered":"https:\/\/www.enerjigazetesi.ist\/?p=62265"},"modified":"2017-03-03T17:47:31","modified_gmt":"2017-03-03T14:47:31","slug":"enerjisa-turkiyenin-en-buyuk-reel-sektor-tahvil-ihracini-yapti","status":"publish","type":"post","link":"https:\/\/www.enerjigazetesi.ist\/en\/enerjisa-turkiyenin-en-buyuk-reel-sektor-tahvil-ihracini-yapti\/","title":{"rendered":"(Turkish) Enerjisa T\u00fcrkiye\u2019nin En B\u00fcy\u00fck Reel Sekt\u00f6r Tahvil \u0130hrac\u0131n\u0131 Yapt\u0131"},"content":{"rendered":"<p class=\"qtranxs-available-languages-message qtranxs-available-languages-message-en\">Sorry, this entry is only available in <a href=\"https:\/\/www.enerjigazetesi.ist\/tr\/wp-json\/wp\/v2\/posts\/62265\" class=\"qtranxs-available-language-link qtranxs-available-language-link-tr\" title=\"Turkish\">Turkish<\/a>. For the sake of viewer convenience, the content is shown below in the alternative language. You may click the link to switch the active language.<\/p><p><strong>Enerjisa CEO\u2019su K\u0131van\u00e7 Zaimler ve Ak Yat\u0131r\u0131m Genel M\u00fcd\u00fcr\u00fc Mert Erdo\u011fmu\u015f Ak Yat\u0131r\u0131m\u2019\u0131n dan\u0131\u015fmanl\u0131\u011f\u0131 ile bug\u00fcne kadar piyasalardaki en b\u00fcy\u00fck reel sekt\u00f6r tahvil ihrac\u0131n\u0131 yapt\u0131klar\u0131n\u0131 ve bu b\u00fcy\u00fck ihra\u00e7la Enerjisa\u2019n\u0131n yat\u0131r\u0131m program\u0131n\u0131 finanse edecek yeni kaynaklar yarat\u0131ld\u0131\u011f\u0131n\u0131 belirttiler.<\/strong><\/p>\n<p>B\u00fcnyesinde 3 elektrik da\u011f\u0131t\u0131m ve 3 perakende sat\u0131\u015f \u015firketi bulunan Enerjisa Elektrik Da\u011f\u0131t\u0131m A.\u015e. (EEDA\u015e), 2 Mart 2017\u2019de T\u00fcrkiye\u2019nin en b\u00fcy\u00fck reel sekt\u00f6r bor\u00e7lanma arac\u0131 ihrac\u0131n\u0131 ger\u00e7ekle\u015ftirdi. <strong>4 y\u0131l vadeli 405 milyon T\u00fcrk Liras\u0131 tutar\u0131nda T\u00dcFE\u2019ye endeksli tahvil ihrac\u0131yla<img loading=\"lazy\" class=\"alignleft size-medium wp-image-10141\" src=\"https:\/\/www.enerjigazetesi.ist\/wp-content\/uploads\/2013\/04\/enerjisa-ortaklik-sureci-E.ON_-300x196.jpg\" alt=\"enerjisa\" width=\"300\" height=\"196\" srcset=\"https:\/\/www.enerjigazetesi.ist\/wp-content\/uploads\/2013\/04\/enerjisa-ortaklik-sureci-E.ON_-300x196.jpg 300w, https:\/\/www.enerjigazetesi.ist\/wp-content\/uploads\/2013\/04\/enerjisa-ortaklik-sureci-E.ON_-76x50.jpg 76w, https:\/\/www.enerjigazetesi.ist\/wp-content\/uploads\/2013\/04\/enerjisa-ortaklik-sureci-E.ON_.jpg 433w\" sizes=\"(max-width: 300px) 100vw, 300px\" \/><\/strong> yeni yat\u0131r\u0131mlar i\u00e7in alternatif finansman kayna\u011f\u0131 yarat\u0131lmas\u0131 hedefleniyor.<\/p>\n<p>1 Mart tarihinde, \u00f6ng\u00f6r\u00fclene g\u00f6re iki kat\u0131 talep toplanan tahvil ihrac\u0131na ili\u015fkin konu\u015fan Enerjisa CEO\u2019su K\u0131van\u00e7 Zaimler, enerji sekt\u00f6r\u00fcn\u00fcn dinamik yap\u0131s\u0131na dikkat \u00e7ekerek, \u201cSekt\u00f6rdeki yat\u0131r\u0131mc\u0131 portf\u00f6y\u00fcn\u00fc art\u0131rmam\u0131z ve sekt\u00f6re biraz daha \u015feffafl\u0131k getirmemiz gerekiyor. Bunun i\u00e7in de \u00f6ncelikle g\u00fc\u00e7l\u00fc finansman yap\u0131m\u0131z\u0131 korumaya, gelece\u011fe g\u00fcvenle bakan bir \u015firket olmaya devam etmeliyiz. Biz tecr\u00fcbemizle sekt\u00f6r\u00fcn s\u00fcrekli geli\u015fmesine katk\u0131da bulunuyor, kurumsalla\u015fmada \u00f6nemli rol oynuyoruz. \u015eirket olarak insan odakl\u0131 hizmetleri teknolojik altyap\u0131m\u0131zla birle\u015ftirip yat\u0131r\u0131mlar\u0131m\u0131za devam ediyoruz. S\u00fcrd\u00fcr\u00fclebilir enerji i\u00e7in de yat\u0131r\u0131mlar\u0131m\u0131za devam edece\u011fiz. Ge\u00e7ti\u011fimiz y\u0131l\u0131n ikinci yar\u0131s\u0131nda ger\u00e7ekle\u015ftirdi\u011fimiz ve yine T\u00fcrkiye\u2019de bir ilke imza att\u0131\u011f\u0131m\u0131z iki tahvil ihrac\u0131n\u0131n ard\u0131ndan bu ihra\u00e7la da hem yeni yat\u0131r\u0131mlar\u0131m\u0131z hem de refinansman ihtiya\u00e7lar\u0131m\u0131z i\u00e7in ek finansman sa\u011flam\u0131\u015f olduk\u201d dedi. Zaimler bu ba\u015far\u0131n\u0131n, \u015firketin \u00f6n\u00fcm\u00fczdeki d\u00f6nemde devam etmeyi hedefledi\u011fi T\u00dcFE\u2019ye endeksli tahvil ihra\u00e7lar\u0131 i\u00e7in de pozitif bir g\u00f6sterge oldu\u011funu ifade etti.<\/p>\n<p>Ak Yat\u0131r\u0131m Genel M\u00fcd\u00fcr\u00fc Mert Erdo\u011fmu\u015f, \u201c2016 y\u0131l\u0131nda arac\u0131l\u0131\u011f\u0131n\u0131 yapt\u0131\u011f\u0131m\u0131z her ihra\u00e7 farkl\u0131 \u00f6zellikler ta\u015f\u0131yan, sekt\u00f6re de\u011fer katan ihra\u00e7lardan olu\u015ftu. 2017 y\u0131l\u0131nda da fark yaratan ihra\u00e7lara arac\u0131l\u0131k etmeye devam ediyoruz. \u00dclkemizde elektrik da\u011f\u0131t\u0131m ve perakende sat\u0131\u015f sekt\u00f6rlerinde lider konumda bulunan Enerjisa\u2019n\u0131n T\u00fcrkiye\u2019de ger\u00e7ekle\u015fen en b\u00fcy\u00fck finans d\u0131\u015f\u0131 tahvil ihrac\u0131n\u0131 ba\u015far\u0131yla tamamlaman\u0131n hakl\u0131 gururunu ya\u015f\u0131yoruz. T\u00dcFE\u2019ye endeksli olan ve 4 y\u0131ll\u0131k bir vadeye sahip bu tahvil, piyasada planlanan ihra\u00e7 tutar\u0131n\u0131n iki kat\u0131ndan fazla ilgi yaratt\u0131. Yat\u0131r\u0131mc\u0131larla yap\u0131lan geni\u015f kapsaml\u0131 roadshow toplant\u0131lar\u0131 da geni\u015f bir yat\u0131r\u0131mc\u0131 kitlesine ula\u015f\u0131lmas\u0131nda \u00f6nemli rol ald\u0131. Yat\u0131r\u0131mc\u0131lar\u0131n yo\u011fun talep g\u00f6stermesi sonucunda 405 milyon tutar\u0131ndaki, T\u00fcrkiye\u2019de bu g\u00fcne kadarki en b\u00fcy\u00fck finans d\u0131\u015f\u0131 \u00f6zel sekt\u00f6r bor\u00e7lanma arac\u0131na dan\u0131\u015fmanl\u0131k ve arac\u0131l\u0131k ederek, sermaye piyasalar\u0131na \u00e7ok \u00f6nemli katk\u0131da bulundu\u011fumuzu d\u00fc\u015f\u00fcn\u00fcyoruz. Bu tahvil sonucunda Ak Yat\u0131r\u0131m olarak \u00f6zel sekt\u00f6r tahvil ihra\u00e7lar\u0131ndaki liderli\u011fimizi daha da g\u00fc\u00e7lendirdik\u201d diye konu\u015ftu.<\/p>","protected":false},"excerpt":{"rendered":"<p>Sorry, this entry is only available in Turkish. For the sake of viewer convenience, the content is shown below in the alternative language. You may click the link to switch the active language.Enerjisa CEO\u2019su K\u0131van\u00e7 Zaimler ve Ak Yat\u0131r\u0131m Genel M\u00fcd\u00fcr\u00fc Mert Erdo\u011fmu\u015f Ak Yat\u0131r\u0131m\u2019\u0131n dan\u0131\u015fmanl\u0131\u011f\u0131 ile bug\u00fcne kadar piyasalardaki en b\u00fcy\u00fck reel sekt\u00f6r tahvil [&hellip;]<\/p>\n","protected":false},"author":1,"featured_media":10141,"comment_status":"open","ping_status":"open","sticky":false,"template":"","format":"standard","meta":[],"categories":[53],"tags":[26720,33401,63,67,1009,2698,165,422,32605,21689,33400,21197],"views":668,"_links":{"self":[{"href":"https:\/\/www.enerjigazetesi.ist\/en\/wp-json\/wp\/v2\/posts\/62265"}],"collection":[{"href":"https:\/\/www.enerjigazetesi.ist\/en\/wp-json\/wp\/v2\/posts"}],"about":[{"href":"https:\/\/www.enerjigazetesi.ist\/en\/wp-json\/wp\/v2\/types\/post"}],"author":[{"embeddable":true,"href":"https:\/\/www.enerjigazetesi.ist\/en\/wp-json\/wp\/v2\/users\/1"}],"replies":[{"embeddable":true,"href":"https:\/\/www.enerjigazetesi.ist\/en\/wp-json\/wp\/v2\/comments?post=62265"}],"version-history":[{"count":1,"href":"https:\/\/www.enerjigazetesi.ist\/en\/wp-json\/wp\/v2\/posts\/62265\/revisions"}],"predecessor-version":[{"id":62266,"href":"https:\/\/www.enerjigazetesi.ist\/en\/wp-json\/wp\/v2\/posts\/62265\/revisions\/62266"}],"wp:featuredmedia":[{"embeddable":true,"href":"https:\/\/www.enerjigazetesi.ist\/en\/wp-json\/wp\/v2\/media\/10141"}],"wp:attachment":[{"href":"https:\/\/www.enerjigazetesi.ist\/en\/wp-json\/wp\/v2\/media?parent=62265"}],"wp:term":[{"taxonomy":"category","embeddable":true,"href":"https:\/\/www.enerjigazetesi.ist\/en\/wp-json\/wp\/v2\/categories?post=62265"},{"taxonomy":"post_tag","embeddable":true,"href":"https:\/\/www.enerjigazetesi.ist\/en\/wp-json\/wp\/v2\/tags?post=62265"}],"curies":[{"name":"wp","href":"https:\/\/api.w.org\/{rel}","templated":true}]}}