{"id":62222,"date":"2017-03-02T13:02:26","date_gmt":"2017-03-02T10:02:26","guid":{"rendered":"https:\/\/www.enerjigazetesi.ist\/?p=62222"},"modified":"2017-03-02T13:02:26","modified_gmt":"2017-03-02T10:02:26","slug":"elektrikte-serbest-tuketici-sayisi-3-milyonu-gecti","status":"publish","type":"post","link":"https:\/\/www.enerjigazetesi.ist\/en\/elektrikte-serbest-tuketici-sayisi-3-milyonu-gecti\/","title":{"rendered":"(Turkish) Elektrikte Serbest T\u00fcketici Say\u0131s\u0131 3 Milyonu Ge\u00e7ti"},"content":{"rendered":"<p class=\"qtranxs-available-languages-message qtranxs-available-languages-message-en\">Sorry, this entry is only available in <a href=\"https:\/\/www.enerjigazetesi.ist\/tr\/wp-json\/wp\/v2\/posts\/62222\" class=\"qtranxs-available-language-link qtranxs-available-language-link-tr\" title=\"Turkish\">Turkish<\/a>. For the sake of viewer convenience, the content is shown below in the alternative language. You may click the link to switch the active language.<\/p><p><strong>Elektrikte serbest t\u00fcketici limitinin y\u0131ll\u0131k olarak 3600 kilovatsaat\u2019ten (kWh) 2400 kWh seviye<a href=\"https:\/\/www.enerjigazetesi.ist\/wp-content\/uploads\/2015\/10\/elektrik-serbest-tuketici-limiti-2015-696x385.jpg\"><img loading=\"lazy\" class=\"alignright size-medium wp-image-45447\" src=\"https:\/\/www.enerjigazetesi.ist\/wp-content\/uploads\/2015\/10\/elektrik-serbest-tuketici-limiti-2015-696x385-300x165.jpg\" alt=\"elektrik-serbest-tuketici-limiti-2015-696x385\" width=\"300\" height=\"165\" srcset=\"https:\/\/www.enerjigazetesi.ist\/wp-content\/uploads\/2015\/10\/elektrik-serbest-tuketici-limiti-2015-696x385-300x165.jpg 300w, https:\/\/www.enerjigazetesi.ist\/wp-content\/uploads\/2015\/10\/elektrik-serbest-tuketici-limiti-2015-696x385-500x276.jpg 500w, https:\/\/www.enerjigazetesi.ist\/wp-content\/uploads\/2015\/10\/elektrik-serbest-tuketici-limiti-2015-696x385-80x44.jpg 80w, https:\/\/www.enerjigazetesi.ist\/wp-content\/uploads\/2015\/10\/elektrik-serbest-tuketici-limiti-2015-696x385.jpg 696w\" sizes=\"(max-width: 300px) 100vw, 300px\" \/><\/a>sine al\u0131nmas\u0131, serbest t\u00fcketici say\u0131s\u0131nda \u00e7ok y\u00fcksek oranlarda\u00a0bir art\u0131\u015f yaratt\u0131. Y\u0131ll\u0131k 2400 kWh ve \u00fczerinde elektrik t\u00fcketimi yapan abonelerden serbest t\u00fcketici olmay\u0131 tercih edenlerin say\u0131s\u0131 \u015eubat&#8217;ta 3 milyon 69 bin 587\u2019ye\u00a0\u00e7\u0131km\u0131\u015ft\u0131r.<\/strong><\/p>\n<p>Bu rakam, Ocak ay\u0131na g\u00f6re yakla\u015f\u0131k 334 bin 406 adetlik (y\u00fczde 12.22\u2019lik) bir art\u0131\u015f anlam\u0131na gelmektedir.<\/p>\n<p>Bir y\u0131l i\u00e7inde 2400 kWh\u2019l\u0131k y\u0131ll\u0131k elektrik t\u00fcketimi bulunan bir abonenin ayl\u0131k ortalama faturas\u0131 yakla\u015f\u0131k 82 bin TL olarak hesaplanmaktad\u0131r. Ayl\u0131k fatura tutar\u0131 bu rakam\u0131n \u00fczerindeki abonelerin da\u011f\u0131t\u0131m b\u00f6lgelerindeki g\u00f6revli tedarik \u015firketlerinden serbest t\u00fcketici stat\u00fcs\u00fcne sahip olup olmad\u0131klar\u0131n\u0131 da rahatl\u0131kla \u00f6\u011frenebileceklerdir.<\/p>","protected":false},"excerpt":{"rendered":"<p>Sorry, this entry is only available in Turkish. For the sake of viewer convenience, the content is shown below in the alternative language. You may click the link to switch the active language.Elektrikte serbest t\u00fcketici limitinin y\u0131ll\u0131k olarak 3600 kilovatsaat\u2019ten (kWh) 2400 kWh seviyesine al\u0131nmas\u0131, serbest t\u00fcketici say\u0131s\u0131nda \u00e7ok y\u00fcksek oranlarda\u00a0bir art\u0131\u015f yaratt\u0131. Y\u0131ll\u0131k 2400 [&hellip;]<\/p>\n","protected":false},"author":1,"featured_media":45447,"comment_status":"open","ping_status":"open","sticky":false,"template":"","format":"standard","meta":[],"categories":[51,53],"tags":[68,61,19638,1451,2873,63,67,1009,2698,165,26258,26259],"views":844,"_links":{"self":[{"href":"https:\/\/www.enerjigazetesi.ist\/en\/wp-json\/wp\/v2\/posts\/62222"}],"collection":[{"href":"https:\/\/www.enerjigazetesi.ist\/en\/wp-json\/wp\/v2\/posts"}],"about":[{"href":"https:\/\/www.enerjigazetesi.ist\/en\/wp-json\/wp\/v2\/types\/post"}],"author":[{"embeddable":true,"href":"https:\/\/www.enerjigazetesi.ist\/en\/wp-json\/wp\/v2\/users\/1"}],"replies":[{"embeddable":true,"href":"https:\/\/www.enerjigazetesi.ist\/en\/wp-json\/wp\/v2\/comments?post=62222"}],"version-history":[{"count":1,"href":"https:\/\/www.enerjigazetesi.ist\/en\/wp-json\/wp\/v2\/posts\/62222\/revisions"}],"predecessor-version":[{"id":62223,"href":"https:\/\/www.enerjigazetesi.ist\/en\/wp-json\/wp\/v2\/posts\/62222\/revisions\/62223"}],"wp:featuredmedia":[{"embeddable":true,"href":"https:\/\/www.enerjigazetesi.ist\/en\/wp-json\/wp\/v2\/media\/45447"}],"wp:attachment":[{"href":"https:\/\/www.enerjigazetesi.ist\/en\/wp-json\/wp\/v2\/media?parent=62222"}],"wp:term":[{"taxonomy":"category","embeddable":true,"href":"https:\/\/www.enerjigazetesi.ist\/en\/wp-json\/wp\/v2\/categories?post=62222"},{"taxonomy":"post_tag","embeddable":true,"href":"https:\/\/www.enerjigazetesi.ist\/en\/wp-json\/wp\/v2\/tags?post=62222"}],"curies":[{"name":"wp","href":"https:\/\/api.w.org\/{rel}","templated":true}]}}