{"id":62178,"date":"2017-02-28T12:50:26","date_gmt":"2017-02-28T09:50:26","guid":{"rendered":"https:\/\/www.enerjigazetesi.ist\/?p=62178"},"modified":"2017-02-28T12:50:26","modified_gmt":"2017-02-28T09:50:26","slug":"akkuyu-nukleer-santralinin-ced-raporu-bilirkisi-tarafindan-onaylandi","status":"publish","type":"post","link":"https:\/\/www.enerjigazetesi.ist\/en\/akkuyu-nukleer-santralinin-ced-raporu-bilirkisi-tarafindan-onaylandi\/","title":{"rendered":"(Turkish) Akkuyu N\u00fckleer Santrali&#8217;nin \u00c7ED Raporu Bilirki\u015fi Taraf\u0131ndan Onayland\u0131"},"content":{"rendered":"<p class=\"qtranxs-available-languages-message qtranxs-available-languages-message-en\">Sorry, this entry is only available in <a href=\"https:\/\/www.enerjigazetesi.ist\/tr\/wp-json\/wp\/v2\/posts\/62178\" class=\"qtranxs-available-language-link qtranxs-available-language-link-tr\" title=\"Turkish\">Turkish<\/a>. For the sake of viewer convenience, the content is shown below in the alternative language. You may click the link to switch the active language.<\/p><p><\/p>\n<p style=\"color: #0a0a0a;\"><strong>Mersin\u2019in G\u00fclnar il\u00e7esinde kurulacak olan Akkuyu n\u00fckleer santraline yap\u0131lan itiraz sonras\u0131 yeni bir ke\u015fif heyeti g\u00f6nderimi yap\u0131lm\u0131\u015ft\u0131. Heyet taraf\u0131ndan rapor haz\u0131rland\u0131. Bilirki\u015fi, \u00c7ED raporunun kurallara uygun oldu\u011funu\u00a0a\u00e7\u0131klad\u0131<a href=\"https:\/\/www.enerjigazetesi.ist\/wp-content\/uploads\/2013\/01\/akkuyu-ngs-nukleer-santrali.jpg\"><img loading=\"lazy\" class=\"alignleft size-medium wp-image-5878\" src=\"https:\/\/www.enerjigazetesi.ist\/wp-content\/uploads\/2013\/01\/akkuyu-ngs-nukleer-santrali-300x169.jpg\" alt=\"akkuyu-ngs-nukleer-santrali\" width=\"300\" height=\"169\" srcset=\"https:\/\/www.enerjigazetesi.ist\/wp-content\/uploads\/2013\/01\/akkuyu-ngs-nukleer-santrali-300x169.jpg 300w, https:\/\/www.enerjigazetesi.ist\/wp-content\/uploads\/2013\/01\/akkuyu-ngs-nukleer-santrali-80x45.jpg 80w, https:\/\/www.enerjigazetesi.ist\/wp-content\/uploads\/2013\/01\/akkuyu-ngs-nukleer-santrali.jpg 500w\" sizes=\"(max-width: 300px) 100vw, 300px\" \/><\/a>.<\/strong><\/p>\n<p style=\"color: #0a0a0a;\"><span id=\"more-89271\"><\/span>\u00c7ok say\u0131da sivil toplum\u00a0kurulu\u015fu ve \u00e7evreciler Dan\u0131\u015ftay\u2019a ba\u015fvurmu\u015ftu. Santralin yap\u0131laca\u011f\u0131 yerin yanl\u0131\u015f se\u00e7ildi\u011fi, \u00e7evre sa\u011fl\u0131\u011f\u0131 y\u00f6n\u00fcnden olumsuz etkileri olaca\u011f\u0131 iddia edilmi\u015fti. A\u00e7\u0131lan dava sonras\u0131 ge\u00e7en\u00a0Aral\u0131k&#8217;ta n\u00fckleer santral alan\u0131na bilirki\u015fi heyeti g\u00f6nderimi yap\u0131ld\u0131.<\/p>\n<p style=\"color: #0a0a0a;\">15 ki\u015filik bilim insan\u0131ndan olu\u015fan heyet, 205 sayfal\u0131k bilirki\u015fi raporu haz\u0131rlad\u0131. Ge\u00e7en g\u00fcnlerde de Dan\u0131\u015ftay 14. Dairesi\u2019ne sunuldu. Raporda, 2014 y\u0131l\u0131nda verilen \u00c7ED olumlu karar\u0131n\u0131n iptalini gerektirecek bir durum olmad\u0131\u011f\u0131 ifade edildi. Santralin kriterlere uygun oldu\u011funun vurgusunun yap\u0131ld\u0131\u011f\u0131\u00a0raporda, gerekli \u00e7evre \u00f6nlemlerinin de al\u0131nd\u0131\u011f\u0131\u00a0belirtildi.<\/p>\n<p><\/p>","protected":false},"excerpt":{"rendered":"<p>Sorry, this entry is only available in Turkish. For the sake of viewer convenience, the content is shown below in the alternative language. You may click the link to switch the active language. Mersin\u2019in G\u00fclnar il\u00e7esinde kurulacak olan Akkuyu n\u00fckleer santraline yap\u0131lan itiraz sonras\u0131 yeni bir ke\u015fif heyeti g\u00f6nderimi yap\u0131lm\u0131\u015ft\u0131. Heyet taraf\u0131ndan rapor haz\u0131rland\u0131. Bilirki\u015fi, [&hellip;]<\/p>\n","protected":false},"author":1,"featured_media":5878,"comment_status":"open","ping_status":"open","sticky":false,"template":"","format":"standard","meta":[],"categories":[53,43],"tags":[1026,2878,15719,63,67,1009,2698,165,1301,71,21,25480,23614,2973],"views":1399,"_links":{"self":[{"href":"https:\/\/www.enerjigazetesi.ist\/en\/wp-json\/wp\/v2\/posts\/62178"}],"collection":[{"href":"https:\/\/www.enerjigazetesi.ist\/en\/wp-json\/wp\/v2\/posts"}],"about":[{"href":"https:\/\/www.enerjigazetesi.ist\/en\/wp-json\/wp\/v2\/types\/post"}],"author":[{"embeddable":true,"href":"https:\/\/www.enerjigazetesi.ist\/en\/wp-json\/wp\/v2\/users\/1"}],"replies":[{"embeddable":true,"href":"https:\/\/www.enerjigazetesi.ist\/en\/wp-json\/wp\/v2\/comments?post=62178"}],"version-history":[{"count":1,"href":"https:\/\/www.enerjigazetesi.ist\/en\/wp-json\/wp\/v2\/posts\/62178\/revisions"}],"predecessor-version":[{"id":62179,"href":"https:\/\/www.enerjigazetesi.ist\/en\/wp-json\/wp\/v2\/posts\/62178\/revisions\/62179"}],"wp:featuredmedia":[{"embeddable":true,"href":"https:\/\/www.enerjigazetesi.ist\/en\/wp-json\/wp\/v2\/media\/5878"}],"wp:attachment":[{"href":"https:\/\/www.enerjigazetesi.ist\/en\/wp-json\/wp\/v2\/media?parent=62178"}],"wp:term":[{"taxonomy":"category","embeddable":true,"href":"https:\/\/www.enerjigazetesi.ist\/en\/wp-json\/wp\/v2\/categories?post=62178"},{"taxonomy":"post_tag","embeddable":true,"href":"https:\/\/www.enerjigazetesi.ist\/en\/wp-json\/wp\/v2\/tags?post=62178"}],"curies":[{"name":"wp","href":"https:\/\/api.w.org\/{rel}","templated":true}]}}