{"id":62068,"date":"2017-02-23T17:39:08","date_gmt":"2017-02-23T14:39:08","guid":{"rendered":"https:\/\/www.enerjigazetesi.ist\/?p=62068"},"modified":"2017-02-23T17:39:08","modified_gmt":"2017-02-23T14:39:08","slug":"zorlu-enerji-pakistana-200-mw-daha-gunes-yatirimi-yapacak","status":"publish","type":"post","link":"https:\/\/www.enerjigazetesi.ist\/en\/zorlu-enerji-pakistana-200-mw-daha-gunes-yatirimi-yapacak\/","title":{"rendered":"(Turkish) Zorlu Enerji Pakistan\u2019a 200 MW Daha G\u00fcne\u015f Yat\u0131r\u0131m\u0131 Yapacak"},"content":{"rendered":"<p class=\"qtranxs-available-languages-message qtranxs-available-languages-message-en\">Sorry, this entry is only available in <a href=\"https:\/\/www.enerjigazetesi.ist\/tr\/wp-json\/wp\/v2\/posts\/62068\" class=\"qtranxs-available-language-link qtranxs-available-language-link-tr\" title=\"Turkish\">Turkish<\/a>. For the sake of viewer convenience, the content is shown below in the alternative language. You may click the link to switch the active language.<\/p><p><\/p>\n<p style=\"text-align: left;\" align=\"center\"><strong>Zorlu Enerji, Pakistan\u2019daki 100 MW\u2019l\u0131k g\u00fcne\u015f enerjisi yat\u0131r\u0131m\u0131n\u0131, 200 MW\u2019l\u0131k ikinci proje i\u00e7in imzalad\u0131\u011f\u0131 niyet anla\u015fmas\u0131 ile b\u00fcy\u00fct\u00fcyor.<\/strong><\/p>\n<p><strong>\u00c7ankaya K\u00f6\u015fk\u00fc\u2019nde T\u00fcrkiye Cumhuriyeti Ba\u015fbakan\u0131 Binali Y\u0131ld\u0131r\u0131m, Pakistan Ba\u015fbakan\u0131 Navaz \u015eerif ve her iki devlet yetkililerinin kat\u0131l\u0131m\u0131 ile ger\u00e7ekle\u015ftirilen niyet anla\u015fmas\u0131nda imzay\u0131 Zorlu Holding ve Zorlu Enerji Y\u00f6netim Kurulu \u00dcyesi Olgun Zorlu atarken, konuyla ilgili a\u00e7\u0131klamada bulunan Zorlu Holding Y\u00f6netim Kurulu Ba\u015fkan\u0131 Ahmet Zorlu, \u201c<i>G\u00fcne\u015f alan\u0131ndaki yat\u0131r\u0131mlar\u0131m\u0131z\u0131n artmas\u0131n\u0131n, dost ve karde\u015f \u00fclke Pakistan ile aram\u0131zdaki ekonomik ve toplumsal ba\u011flar\u0131 daha da g\u00fc\u00e7lendirmesini temenni ediyoruz<\/i>\u201d dedi.<\/strong><\/p>\n<p>Pakistan\u2019\u0131n ilk r\u00fczgar enerji santralinin yat\u0131r\u0131mc\u0131s\u0131 olan Zorlu Enerji, ge\u00e7ti\u011fimiz haftalarda imzalad\u0131\u011f\u0131 100 MW\u2019l\u0131k g\u00fcne\u015f <a href=\"https:\/\/www.enerjigazetesi.ist\/wp-content\/uploads\/2017\/02\/zorlu-enerji-pakistana-200-mw-daha-gunes-yatirimi-yapacak.jpg\"><img loading=\"lazy\" class=\"alignleft wp-image-62069 size-medium\" src=\"https:\/\/www.enerjigazetesi.ist\/wp-content\/uploads\/2017\/02\/zorlu-enerji-pakistana-200-mw-daha-gunes-yatirimi-yapacak-300x191.jpg\" alt=\"zorlu-enerji-pakistana-200-mw-daha-gunes-yatirimi-yapacak\" width=\"300\" height=\"191\" srcset=\"https:\/\/www.enerjigazetesi.ist\/wp-content\/uploads\/2017\/02\/zorlu-enerji-pakistana-200-mw-daha-gunes-yatirimi-yapacak-300x191.jpg 300w, https:\/\/www.enerjigazetesi.ist\/wp-content\/uploads\/2017\/02\/zorlu-enerji-pakistana-200-mw-daha-gunes-yatirimi-yapacak-1024x652.jpg 1024w, https:\/\/www.enerjigazetesi.ist\/wp-content\/uploads\/2017\/02\/zorlu-enerji-pakistana-200-mw-daha-gunes-yatirimi-yapacak-500x318.jpg 500w, https:\/\/www.enerjigazetesi.ist\/wp-content\/uploads\/2017\/02\/zorlu-enerji-pakistana-200-mw-daha-gunes-yatirimi-yapacak-78x50.jpg 78w, https:\/\/www.enerjigazetesi.ist\/wp-content\/uploads\/2017\/02\/zorlu-enerji-pakistana-200-mw-daha-gunes-yatirimi-yapacak.jpg 1170w\" sizes=\"(max-width: 300px) 100vw, 300px\" \/><\/a>enerjisi yat\u0131r\u0131m\u0131na 200 MW\u2019l\u0131k yeni bir proje daha ekliyor. T\u00fcrkiye Cumhuriyeti Ba\u015fbakan\u0131 Binali Y\u0131ld\u0131r\u0131m, Pakistan Ba\u015fbakan\u0131 Navaz \u015eerif ve her iki devletin yetkililerinin kat\u0131l\u0131m\u0131 ile \u00c7ankaya K\u00f6\u015fk\u00fc\u2019nde d\u00fczenlenen niyet anla\u015fmas\u0131 imza t\u00f6renine kat\u0131lan <strong>Zorlu Holding Y\u00f6netim Kurulu Ba\u015fkan\u0131 Ahmet Zorlu, <\/strong><i>\u201cYurtd\u0131\u015f\u0131nda yenilenebilir enerji alan\u0131nda ilk yat\u0131r\u0131m\u0131m\u0131z\u0131 yapt\u0131\u011f\u0131m\u0131z \u00fclke olan Pakistan\u2019da gelece\u011fin en \u00f6nemli enerji kaynaklar\u0131ndan biri oldu\u011funa inand\u0131\u011f\u0131m\u0131z g\u00fcne\u015f enerjisi alan\u0131nda yat\u0131r\u0131mlar\u0131m\u0131zla b\u00fcy\u00fcmekten b\u00fcy\u00fck bir mutluluk duyuyoruz. Ge\u00e7ti\u011fimiz haftalarda yapt\u0131\u011f\u0131m\u0131z ve Pakistan H\u00fck\u00fcmeti taraf\u0131ndan 3 y\u0131l sonra kabul edilen ilk ve en b\u00fcy\u00fck yenilenebilir enerji ba\u015fvurusu olan 100 MW\u2019l\u0131k g\u00fcne\u015f enerjisi anla\u015fmam\u0131za g\u00fc\u00e7 verecek bu yeni yat\u0131r\u0131m\u0131m\u0131zla, Grubumuzun b\u00f6lgedeki ticari alan\u0131n\u0131 art\u0131rarak hedefledi\u011fimiz b\u00fcy\u00fcmeye ula\u015fmay\u0131 ve T\u00fcrkiye\u2019nin b\u00f6lgedeki g\u00fcc\u00fcn\u00fc art\u0131rmay\u0131 planl\u0131yoruz. Bu bak\u0131mdan iki anla\u015fman\u0131n da her iki \u00fclke i\u00e7in hay\u0131rl\u0131 olmas\u0131n\u0131 diliyorum\u201d <\/i>a\u00e7\u0131klamas\u0131nda bulundu.<\/p>\n<p><strong>\u201cPakistan\u2019daki g\u00fcne\u015f enerjisi yat\u0131r\u0131mlar\u0131m\u0131z\u0131n kurulu g\u00fcc\u00fcn\u00fc 300 MW\u2019a ula\u015ft\u0131rmay\u0131 hedefliyoruz\u201d<\/strong><\/p>\n<p>Konuyla ilgili a\u00e7\u0131klamada bulunan <strong>Zorlu Enerji Grubu Ba\u015fkan\u0131 Sinan Ak<\/strong> ise \u015f\u00f6yle konu\u015ftu <i>&#8220;Pakistan\u2019da ge\u00e7ti\u011fimiz ay a\u00e7\u0131klad\u0131\u011f\u0131m\u0131z 100 MW kurulu g\u00fcc\u00fcndeki Quaid-e-Azam projemize yenisini eklemek \u00fczere \u00f6nemli bir ad\u0131m at\u0131yoruz. Pakistan, bizim i\u00e7in dost \u00fclke olmas\u0131n\u0131n yan\u0131 s\u0131ra yenilenebilir enerji yat\u0131r\u0131mlar\u0131m\u0131zda \u00f6nemli bir merkez. Pakistan\u2019da ilk r\u00fczgar enerjisi projesini hayata ge\u00e7irmi\u015f bir \u015firket olarak, g\u00fcne\u015f enerjisinde de referans projelere imza atmaktan b\u00fcy\u00fck bir mutluluk duyuyoruz. Yine Pencap eyaletinde planlad\u0131\u011f\u0131m\u0131z yeni projemizle birlikte Pakistan\u2019daki g\u00fcne\u015f enerjisi yat\u0131r\u0131mlar\u0131m\u0131z\u0131n kurulu g\u00fcc\u00fcn\u00fc 300 MW\u2019a ula\u015ft\u0131rma hedefindeyiz.\u201d<\/i><\/p>\n<p>Zorlu Enerji, ge\u00e7ti\u011fimiz ay duyurdu\u011fu 100 MW kurulu g\u00fcc\u00fcndeki Quaid-e-Azam projesini bu y\u0131l i\u00e7inde hayata ge\u00e7irmeyi hedefliyor.<\/p>","protected":false},"excerpt":{"rendered":"<p>Sorry, this entry is only available in Turkish. For the sake of viewer convenience, the content is shown below in the alternative language. You may click the link to switch the active language. Zorlu Enerji, Pakistan\u2019daki 100 MW\u2019l\u0131k g\u00fcne\u015f enerjisi yat\u0131r\u0131m\u0131n\u0131, 200 MW\u2019l\u0131k ikinci proje i\u00e7in imzalad\u0131\u011f\u0131 niyet anla\u015fmas\u0131 ile b\u00fcy\u00fct\u00fcyor. \u00c7ankaya K\u00f6\u015fk\u00fc\u2019nde T\u00fcrkiye Cumhuriyeti [&hellip;]<\/p>\n","protected":false},"author":1,"featured_media":62069,"comment_status":"open","ping_status":"open","sticky":false,"template":"","format":"standard","meta":[],"categories":[53,49],"tags":[63,67,1009,2698,165,227,13,23133,22975,4269],"views":1006,"_links":{"self":[{"href":"https:\/\/www.enerjigazetesi.ist\/en\/wp-json\/wp\/v2\/posts\/62068"}],"collection":[{"href":"https:\/\/www.enerjigazetesi.ist\/en\/wp-json\/wp\/v2\/posts"}],"about":[{"href":"https:\/\/www.enerjigazetesi.ist\/en\/wp-json\/wp\/v2\/types\/post"}],"author":[{"embeddable":true,"href":"https:\/\/www.enerjigazetesi.ist\/en\/wp-json\/wp\/v2\/users\/1"}],"replies":[{"embeddable":true,"href":"https:\/\/www.enerjigazetesi.ist\/en\/wp-json\/wp\/v2\/comments?post=62068"}],"version-history":[{"count":1,"href":"https:\/\/www.enerjigazetesi.ist\/en\/wp-json\/wp\/v2\/posts\/62068\/revisions"}],"predecessor-version":[{"id":62070,"href":"https:\/\/www.enerjigazetesi.ist\/en\/wp-json\/wp\/v2\/posts\/62068\/revisions\/62070"}],"wp:featuredmedia":[{"embeddable":true,"href":"https:\/\/www.enerjigazetesi.ist\/en\/wp-json\/wp\/v2\/media\/62069"}],"wp:attachment":[{"href":"https:\/\/www.enerjigazetesi.ist\/en\/wp-json\/wp\/v2\/media?parent=62068"}],"wp:term":[{"taxonomy":"category","embeddable":true,"href":"https:\/\/www.enerjigazetesi.ist\/en\/wp-json\/wp\/v2\/categories?post=62068"},{"taxonomy":"post_tag","embeddable":true,"href":"https:\/\/www.enerjigazetesi.ist\/en\/wp-json\/wp\/v2\/tags?post=62068"}],"curies":[{"name":"wp","href":"https:\/\/api.w.org\/{rel}","templated":true}]}}