{"id":6204,"date":"2013-02-07T10:44:40","date_gmt":"2013-02-07T07:44:40","guid":{"rendered":"https:\/\/www.enerjigazetesi.ist\/?p=6204"},"modified":"2013-02-07T10:44:40","modified_gmt":"2013-02-07T07:44:40","slug":"karsiyakanin-enerjisi-gunes-tarlasindan-gelecek","status":"publish","type":"post","link":"https:\/\/www.enerjigazetesi.ist\/en\/karsiyakanin-enerjisi-gunes-tarlasindan-gelecek\/","title":{"rendered":"(Turkish) Kar\u015f\u0131yaka\u2019n\u0131n Enerjisi \u201cG\u00fcne\u015f Tarlas\u0131\u201dndan Gelecek"},"content":{"rendered":"<p class=\"qtranxs-available-languages-message qtranxs-available-languages-message-en\">Sorry, this entry is only available in <a href=\"https:\/\/www.enerjigazetesi.ist\/tr\/wp-json\/wp\/v2\/posts\/6204\" class=\"qtranxs-available-language-link qtranxs-available-language-link-tr\" title=\"Turkish\">Turkish<\/a>. For the sake of viewer convenience, the content is shown below in the alternative language. You may click the link to switch the active language.<\/p><p><strong>Kar\u015f\u0131yaka Belediyesi kendi enerjisini kendisi \u00fcretmeye haz\u0131rlan\u0131rken, bir ilke de imza atacak. Yenilenebilir enerji kaynaklar\u0131n\u0131n kullan\u0131m\u0131n\u0131 te\u015fvik etmek amac\u0131yla \u201cG\u00fcne\u015f Tarlas\u0131\u201d kuracak olan Kar\u015f\u0131yaka Belediyesi, hizmet tesislerinin enerji ihtiyac\u0131n\u0131 da kendisi kar\u015f\u0131layacak. \u0130lk etapta kendi tesisleri i\u00e7in \u00fcretim yapacak olan \u201cG\u00fcne\u015f Tarlas\u0131\u201dn\u0131n fizibilite \u00e7al\u0131\u015fmalar\u0131n\u0131 tamamlad\u0131klar\u0131n\u0131 belirten Kar\u015f\u0131yaka Belediye Ba\u015fkan\u0131 Cevat Durak, projeye finans deste\u011fi i\u00e7in \u0130ZKA\u2019ya da ba\u015fvuracaklar\u0131n\u0131 s\u00f6yledi.<\/strong><\/p>\n<p><img loading=\"lazy\" class=\"alignright size-medium wp-image-6205\" title=\"karsiyaka-gunes-enerji-tarlalari\" src=\"https:\/\/www.enerjigazetesi.ist\/wp-content\/uploads\/2013\/02\/karsiyaka-gunes-enerji-tarlalari-300x201.png\" alt=\"\" width=\"300\" height=\"201\" srcset=\"https:\/\/www.enerjigazetesi.ist\/wp-content\/uploads\/2013\/02\/karsiyaka-gunes-enerji-tarlalari-300x201.png 300w, https:\/\/www.enerjigazetesi.ist\/wp-content\/uploads\/2013\/02\/karsiyaka-gunes-enerji-tarlalari-74x50.png 74w, https:\/\/www.enerjigazetesi.ist\/wp-content\/uploads\/2013\/02\/karsiyaka-gunes-enerji-tarlalari.png 500w\" sizes=\"(max-width: 300px) 100vw, 300px\" \/>Enerjinin verimli kullan\u0131m\u0131na ili\u015fkin \u201cS\u00fcrd\u00fcr\u00fclebilir Enerji Eylem Plan\u0131\u201dn\u0131 haz\u0131rlayan Kar\u015f\u0131yaka Belediyesi, bu plan kapsam\u0131nda KARB\u0130S\u2019ten sonra \u201cG\u00fcne\u015f Tarlas\u0131\u201d projesini de hayata ge\u00e7irmeye haz\u0131rlan\u0131yor. M\u00fclkiyeti Kar\u015f\u0131yaka Belediyesi\u2019ne ait olan arazide kurulacak \u201cG\u00fcne\u015f Tarlas\u0131\u201dnda 500 kWh\u2019l\u0131k enerji \u00fcretimi ger\u00e7ekle\u015ftirilecek. \u0130lk etapta kendi tesislerinin enerji ihtiyac\u0131n\u0131 kar\u015f\u0131layacak olan Kar\u015f\u0131yaka Belediyesi ilerleyen a\u015famalarda \u00fcretimi artt\u0131rmay\u0131 hedefliyor.<\/p>\n<h2>Karbis\u2019ten sonra \u015fimdi de \u2018g\u00fcne\u015f tarlas\u0131\u2019<\/h2>\n<p>Covenant of Mayors (Belediye Ba\u015fkanlar\u0131 S\u00f6zle\u015fmesi) ile karbon sal\u0131m\u0131n\u0131 2020 y\u0131l\u0131na kadar y\u00fczde 35 azaltma taahh\u00fcd\u00fcnde bulunduklar\u0131n\u0131 hat\u0131rlatan Kar\u015f\u0131yaka Belediye Ba\u015fkan\u0131 Durak, \u201cBu kapsamda ilk olarak S\u00fcrd\u00fcr\u00fclebilir Enerji Eylem Plan\u0131m\u0131z\u0131 haz\u0131rlad\u0131k. Planda yer alan projelerimizi birer birer hayata ge\u00e7iriyoruz. Karbon sal\u0131n\u0131m\u0131 ile hizmet binalar\u0131m\u0131z\u0131n enerji t\u00fcketim envanterlerini \u00e7\u0131kard\u0131k. Binalar\u0131m\u0131zda enerjinin verimli kullan\u0131m\u0131na ili\u015fkin d\u00fczenlemelere de ba\u015flad\u0131k. KARB\u0130S\u2019i hizmete soktuk. \u015eimdi de G\u00fcne\u015f Tarlas\u0131 projesi i\u00e7in \u00e7al\u0131\u015f\u0131yoruz. Asl\u0131nda, bu proje uzun zamand\u0131r \u00fczerinde \u00e7al\u0131\u015ft\u0131\u011f\u0131m\u0131z bir projeydi\u201d dedi.<\/p>\n<h2>Fizibilite \u00e7al\u0131\u015fmalar\u0131 tamam<\/h2>\n<p>G\u00fcne\u015fin y\u0131l i\u00e7inde kendini olduk\u00e7a uzun bir s\u00fcre g\u00f6sterdi\u011fi bir kent olan Kar\u015f\u0131yaka i\u00e7in bunu avantaja d\u00f6n\u00fc\u015ft\u00fcreceklerini belirten Ba\u015fkan Durak, \u201cFizibilite \u00e7al\u0131\u015fmalar\u0131n\u0131 tamamlad\u0131k. Projemiz de haz\u0131r. Finans deste\u011fi i\u00e7in \u00f6n\u00fcm\u00fczdeki g\u00fcnlerde \u0130zmir Kalk\u0131nma Ajans\u0131 \u0130ZKA\u2019ya da ba\u015fvuruda bulunaca\u011f\u0131z. Yasalar\u0131m\u0131z lisans gerektirmeden 500 kWh\u2019l\u0131k \u00fcretime izin veriyor. Biz de ilk etapta, bu kapasite ile kendi tesislerimiz i\u00e7in \u00fcretim yapaca\u011f\u0131z\u201d diye de ekledi.<\/p>\n<h2>\u0130lk tarla Sancakl\u0131 K\u00f6y\u00fc\u2019ne kurulacak<\/h2>\n<p>Kar\u015f\u0131yaka Belediyesi fizibilite \u00e7al\u0131\u015fmalar\u0131n\u0131 tamamlad\u0131\u011f\u0131 projeyi Sancakl\u0131 K\u00f6y\u00fc Pilav Tepesi \u00e7evresinde kuracak. Belediye m\u00fclkiyetindeki 32 bin metre karelik alan\u0131n 6 bin metre karelik k\u0131sm\u0131 kullan\u0131lacak. \u00dcretilen enerji ilk etapta Kar\u015f\u0131yaka Belediyesi \u015eantiye Tesisi, Ziya G\u00f6kalp K\u00fclt\u00fcr Merkezi ve Tay Park\u2019\u0131n ihtiyac\u0131n\u0131 kar\u015f\u0131layacak. Kurulacak g\u00fcne\u015f tarlas\u0131nda y\u0131ll\u0131k 800 bin kwh\u2019l\u0131k elektrik enerjisi elde edilebilecek. G\u00fcne\u015f tarlas\u0131 yat\u0131r\u0131m\u0131 yakla\u015f\u0131k 5 ila 7 y\u0131lda kendini amorti edecek kapasiteye ula\u015facak.<\/p>\n<p>Kaynak: <a href=\"http:\/\/enerjienstitusu.com\/2013\/02\/07\/karsiyakanin-enerjisi-gunes-tarlasindan-gelecek\/\" target=\"_blank\">Enerji Enstit\u00fcs\u00fc<\/a><\/p>","protected":false},"excerpt":{"rendered":"<p>Sorry, this entry is only available in Turkish. For the sake of viewer convenience, the content is shown below in the alternative language. You may click the link to switch the active language.Kar\u015f\u0131yaka Belediyesi kendi enerjisini kendisi \u00fcretmeye haz\u0131rlan\u0131rken, bir ilke de imza atacak. Yenilenebilir enerji kaynaklar\u0131n\u0131n kullan\u0131m\u0131n\u0131 te\u015fvik etmek amac\u0131yla \u201cG\u00fcne\u015f Tarlas\u0131\u201d kuracak olan [&hellip;]<\/p>\n","protected":false},"author":1,"featured_media":6205,"comment_status":"open","ping_status":"open","sticky":false,"template":"","format":"standard","meta":[],"categories":[51,53,49],"tags":[2276,67,82,227,13,2275,2274,133,105],"views":1328,"_links":{"self":[{"href":"https:\/\/www.enerjigazetesi.ist\/en\/wp-json\/wp\/v2\/posts\/6204"}],"collection":[{"href":"https:\/\/www.enerjigazetesi.ist\/en\/wp-json\/wp\/v2\/posts"}],"about":[{"href":"https:\/\/www.enerjigazetesi.ist\/en\/wp-json\/wp\/v2\/types\/post"}],"author":[{"embeddable":true,"href":"https:\/\/www.enerjigazetesi.ist\/en\/wp-json\/wp\/v2\/users\/1"}],"replies":[{"embeddable":true,"href":"https:\/\/www.enerjigazetesi.ist\/en\/wp-json\/wp\/v2\/comments?post=6204"}],"version-history":[{"count":2,"href":"https:\/\/www.enerjigazetesi.ist\/en\/wp-json\/wp\/v2\/posts\/6204\/revisions"}],"predecessor-version":[{"id":6207,"href":"https:\/\/www.enerjigazetesi.ist\/en\/wp-json\/wp\/v2\/posts\/6204\/revisions\/6207"}],"wp:featuredmedia":[{"embeddable":true,"href":"https:\/\/www.enerjigazetesi.ist\/en\/wp-json\/wp\/v2\/media\/6205"}],"wp:attachment":[{"href":"https:\/\/www.enerjigazetesi.ist\/en\/wp-json\/wp\/v2\/media?parent=6204"}],"wp:term":[{"taxonomy":"category","embeddable":true,"href":"https:\/\/www.enerjigazetesi.ist\/en\/wp-json\/wp\/v2\/categories?post=6204"},{"taxonomy":"post_tag","embeddable":true,"href":"https:\/\/www.enerjigazetesi.ist\/en\/wp-json\/wp\/v2\/tags?post=6204"}],"curies":[{"name":"wp","href":"https:\/\/api.w.org\/{rel}","templated":true}]}}