{"id":62020,"date":"2017-02-22T12:33:38","date_gmt":"2017-02-22T09:33:38","guid":{"rendered":"https:\/\/www.enerjigazetesi.ist\/?p=62020"},"modified":"2017-02-22T12:33:38","modified_gmt":"2017-02-22T09:33:38","slug":"vanda-yenilenebilir-enerji-kongresi-duzenlenecek","status":"publish","type":"post","link":"https:\/\/www.enerjigazetesi.ist\/en\/vanda-yenilenebilir-enerji-kongresi-duzenlenecek\/","title":{"rendered":"(Turkish) Van&#8217;da Yenilenebilir Enerji Kongresi D\u00fczenlenecek"},"content":{"rendered":"<p class=\"qtranxs-available-languages-message qtranxs-available-languages-message-en\">Sorry, this entry is only available in <a href=\"https:\/\/www.enerjigazetesi.ist\/tr\/wp-json\/wp\/v2\/posts\/62020\" class=\"qtranxs-available-language-link qtranxs-available-language-link-tr\" title=\"Turkish\">Turkish<\/a>. For the sake of viewer convenience, the content is shown below in the alternative language. You may click the link to switch the active language.<\/p><p><strong>Van&#8217;da 10- 11 May\u0131s tarihleri aras\u0131nda U<img loading=\"lazy\" class=\"alignright wp-image-51962\" src=\"https:\/\/www.enerjigazetesi.ist\/wp-content\/uploads\/2016\/04\/yenilenebilir-enerji-kapasitesi-2015te-yuzde-8-3-artti-300x199.jpg\" alt=\"yenilenebilir-enerji\" width=\"300\" height=\"225\" \/>luslararas\u0131 Yenilenebilir Enerji ve Verimlilik Kongresi\u00a0yap\u0131lacakt\u0131r.<\/strong><\/p>\n<p>Van Ekonomist Dergisi taraf\u0131ndan Van&#8217;da 10- 11 May\u0131s tarihleri aras\u0131nda Uluslararas\u0131 Yenilenebilir Enerji ve Verimlilik Kongresi d\u00fczenlenecektir.<\/p>\n<p>Van Ticaret ve Sanayi Odas\u0131&#8217;nda yap\u0131lan Kongrenin tan\u0131t\u0131m toplant\u0131s\u0131nda konu\u015fan Van Ekonomist Dergisi Genel Yay\u0131n Y\u00f6netmeni Orhan Olgun, Van&#8217;\u0131n yenilenebilir enerji \u00fcretimi bak\u0131m\u0131ndan \u00e7ok zengin oldu\u011funu belirterek, kongrenin ger\u00e7ekle\u015ftirilmesi i\u00e7in \u00f6nemli kurumlardan destek ald\u0131klar\u0131n\u0131 belirtti. Olgun, T\u00fcrkiye ve D\u00fcnya&#8217;dan yenilenebilir enerji konusunda uzman \u00f6nemli isimlerin kat\u0131laca\u011f\u0131 kongrenin 10- 11 May\u0131s tarihleri aras\u0131nda\u00a0yap\u0131laca\u011f\u0131n\u0131 ifade etti.<\/p>","protected":false},"excerpt":{"rendered":"<p>Sorry, this entry is only available in Turkish. For the sake of viewer convenience, the content is shown below in the alternative language. You may click the link to switch the active language.Van&#8217;da 10- 11 May\u0131s tarihleri aras\u0131nda Uluslararas\u0131 Yenilenebilir Enerji ve Verimlilik Kongresi\u00a0yap\u0131lacakt\u0131r. Van Ekonomist Dergisi taraf\u0131ndan Van&#8217;da 10- 11 May\u0131s tarihleri aras\u0131nda Uluslararas\u0131 [&hellip;]<\/p>\n","protected":false},"author":1,"featured_media":51962,"comment_status":"open","ping_status":"open","sticky":false,"template":"","format":"standard","meta":[],"categories":[53,49,50],"tags":[63,67,1009,2698,165,33302,4224,33301,8812],"views":763,"_links":{"self":[{"href":"https:\/\/www.enerjigazetesi.ist\/en\/wp-json\/wp\/v2\/posts\/62020"}],"collection":[{"href":"https:\/\/www.enerjigazetesi.ist\/en\/wp-json\/wp\/v2\/posts"}],"about":[{"href":"https:\/\/www.enerjigazetesi.ist\/en\/wp-json\/wp\/v2\/types\/post"}],"author":[{"embeddable":true,"href":"https:\/\/www.enerjigazetesi.ist\/en\/wp-json\/wp\/v2\/users\/1"}],"replies":[{"embeddable":true,"href":"https:\/\/www.enerjigazetesi.ist\/en\/wp-json\/wp\/v2\/comments?post=62020"}],"version-history":[{"count":1,"href":"https:\/\/www.enerjigazetesi.ist\/en\/wp-json\/wp\/v2\/posts\/62020\/revisions"}],"predecessor-version":[{"id":62021,"href":"https:\/\/www.enerjigazetesi.ist\/en\/wp-json\/wp\/v2\/posts\/62020\/revisions\/62021"}],"wp:featuredmedia":[{"embeddable":true,"href":"https:\/\/www.enerjigazetesi.ist\/en\/wp-json\/wp\/v2\/media\/51962"}],"wp:attachment":[{"href":"https:\/\/www.enerjigazetesi.ist\/en\/wp-json\/wp\/v2\/media?parent=62020"}],"wp:term":[{"taxonomy":"category","embeddable":true,"href":"https:\/\/www.enerjigazetesi.ist\/en\/wp-json\/wp\/v2\/categories?post=62020"},{"taxonomy":"post_tag","embeddable":true,"href":"https:\/\/www.enerjigazetesi.ist\/en\/wp-json\/wp\/v2\/tags?post=62020"}],"curies":[{"name":"wp","href":"https:\/\/api.w.org\/{rel}","templated":true}]}}