{"id":62015,"date":"2017-02-21T22:37:50","date_gmt":"2017-02-21T19:37:50","guid":{"rendered":"https:\/\/www.enerjigazetesi.ist\/?p=62015"},"modified":"2017-02-21T22:37:50","modified_gmt":"2017-02-21T19:37:50","slug":"iv-istanbul-karbon-zirvesi-sektor-paydaslarini-bir-araya-getiriyor","status":"publish","type":"post","link":"https:\/\/www.enerjigazetesi.ist\/en\/iv-istanbul-karbon-zirvesi-sektor-paydaslarini-bir-araya-getiriyor\/","title":{"rendered":"(Turkish) IV. \u0130stanbul Karbon Zirvesi Sekt\u00f6r Payda\u015flar\u0131n\u0131 Bir Araya Getiriyor"},"content":{"rendered":"<p class=\"qtranxs-available-languages-message qtranxs-available-languages-message-en\">Sorry, this entry is only available in <a href=\"https:\/\/www.enerjigazetesi.ist\/tr\/wp-json\/wp\/v2\/posts\/62015\" class=\"qtranxs-available-language-link qtranxs-available-language-link-tr\" title=\"Turkish\">Turkish<\/a>. For the sake of viewer convenience, the content is shown below in the alternative language. You may click the link to switch the active language.<\/p><p><strong>IV. \u0130STANBUL KARBON Z\u0130RVES\u0130 PAYDA\u015eLARI B\u0130R ARAYA GET\u0130RECEK\u00a0<\/strong><strong>D\u00dc\u015e\u00dcK KARBON KAHRAMANLARI \u00d6D\u00dcLLEND\u0130R\u0130LECEK\u00a0<\/strong><\/p>\n<p>S\u00fcrd\u00fcr\u00fclebilir \u00dcretim ve T\u00fcketim Derne\u011fi (S\u00dcT-D) taraf\u0131ndan \u0130T\u00dc ev sahipli\u011finde, Uluslararas\u0131 Emisyon Tica<a href=\"https:\/\/www.enerjigazetesi.ist\/wp-content\/uploads\/2017\/02\/1.jpg\"><img loading=\"lazy\" class=\"alignright size-medium wp-image-62016\" src=\"https:\/\/www.enerjigazetesi.ist\/wp-content\/uploads\/2017\/02\/1-300x200.jpg\" alt=\"1\" width=\"300\" height=\"200\" srcset=\"https:\/\/www.enerjigazetesi.ist\/wp-content\/uploads\/2017\/02\/1-300x200.jpg 300w, https:\/\/www.enerjigazetesi.ist\/wp-content\/uploads\/2017\/02\/1-1024x683.jpg 1024w, https:\/\/www.enerjigazetesi.ist\/wp-content\/uploads\/2017\/02\/1-500x333.jpg 500w, https:\/\/www.enerjigazetesi.ist\/wp-content\/uploads\/2017\/02\/1-74x50.jpg 74w, https:\/\/www.enerjigazetesi.ist\/wp-content\/uploads\/2017\/02\/1.jpg 1200w\" sizes=\"(max-width: 300px) 100vw, 300px\" \/><\/a>reti Derne\u011fi deste\u011finde <strong>26 Nisan 2017<\/strong> tarihinde d\u00fczenlenecek olan IV. \u0130stanbul Karbon Zirvesi\u2019nde resmi erk, yerel y\u00f6netimler, akademi, \u00f6zel sekt\u00f6r ve gen\u00e7ler bir araya gelerek, karbon y\u00f6netimi, T\u00fcrkiye&#8217;nin iklim de\u011fi\u015fikli\u011fi ile m\u00fccadele yolu t\u00fcm y\u00f6nleri ile incelenecektir.<\/p>\n<p>Zirvede Paris Birle\u015fmi\u015f Milletler \u0130klim De\u011fi\u015fikli\u011fi \u00c7er\u00e7eve S\u00f6zle\u015fmesi Taraflar Konferans\u0131(COP21) sonras\u0131ndaki geli\u015fmeler masaya yat\u0131r\u0131larak sanayinin konumu irdelenecek.\u015eirketlerin karbon y\u00f6netimi ba\u015far\u0131lar\u0131 IV.\u0130stanbul Karbon Zirvesi&#8217;nde \u00f6d\u00fcllendirilecektir.<\/p>\n<p>S\u00fcrd\u00fcr\u00fclebilirlik y\u00f6netimi karbon azalt\u0131m\u0131 proje ve uygulamalar\u0131 i\u00e7in ki\u015fi ve kurulu\u015flar\u0131n &#8220;D\u00fc\u015f\u00fck Karbon Kahraman\u0131 \u00d6d\u00fcl\u00fc&#8221; ba\u015fvurularda ba\u015flam\u0131\u015ft\u0131r.<\/p>\n<p><strong>Detayl\u0131 Bilgi \u0130\u00e7in:<\/strong>\u00a0<a href=\"http:\/\/www.istanbulcarbonsummit.org\/tr\/\">http:\/\/www.istanbulcarbonsummit.org\/tr\/<\/a><\/p>","protected":false},"excerpt":{"rendered":"<p>Sorry, this entry is only available in Turkish. For the sake of viewer convenience, the content is shown below in the alternative language. You may click the link to switch the active language.IV. \u0130STANBUL KARBON Z\u0130RVES\u0130 PAYDA\u015eLARI B\u0130R ARAYA GET\u0130RECEK\u00a0D\u00dc\u015e\u00dcK KARBON KAHRAMANLARI \u00d6D\u00dcLLEND\u0130R\u0130LECEK\u00a0 S\u00fcrd\u00fcr\u00fclebilir \u00dcretim ve T\u00fcketim Derne\u011fi (S\u00dcT-D) taraf\u0131ndan \u0130T\u00dc ev sahipli\u011finde, Uluslararas\u0131 Emisyon [&hellip;]<\/p>\n","protected":false},"author":1,"featured_media":62016,"comment_status":"open","ping_status":"open","sticky":false,"template":"","format":"standard","meta":[],"categories":[53,52],"tags":[22223,63,67,1009,2698,165,1999,870,33298,18344,18345,33299],"views":1076,"_links":{"self":[{"href":"https:\/\/www.enerjigazetesi.ist\/en\/wp-json\/wp\/v2\/posts\/62015"}],"collection":[{"href":"https:\/\/www.enerjigazetesi.ist\/en\/wp-json\/wp\/v2\/posts"}],"about":[{"href":"https:\/\/www.enerjigazetesi.ist\/en\/wp-json\/wp\/v2\/types\/post"}],"author":[{"embeddable":true,"href":"https:\/\/www.enerjigazetesi.ist\/en\/wp-json\/wp\/v2\/users\/1"}],"replies":[{"embeddable":true,"href":"https:\/\/www.enerjigazetesi.ist\/en\/wp-json\/wp\/v2\/comments?post=62015"}],"version-history":[{"count":1,"href":"https:\/\/www.enerjigazetesi.ist\/en\/wp-json\/wp\/v2\/posts\/62015\/revisions"}],"predecessor-version":[{"id":62017,"href":"https:\/\/www.enerjigazetesi.ist\/en\/wp-json\/wp\/v2\/posts\/62015\/revisions\/62017"}],"wp:featuredmedia":[{"embeddable":true,"href":"https:\/\/www.enerjigazetesi.ist\/en\/wp-json\/wp\/v2\/media\/62016"}],"wp:attachment":[{"href":"https:\/\/www.enerjigazetesi.ist\/en\/wp-json\/wp\/v2\/media?parent=62015"}],"wp:term":[{"taxonomy":"category","embeddable":true,"href":"https:\/\/www.enerjigazetesi.ist\/en\/wp-json\/wp\/v2\/categories?post=62015"},{"taxonomy":"post_tag","embeddable":true,"href":"https:\/\/www.enerjigazetesi.ist\/en\/wp-json\/wp\/v2\/tags?post=62015"}],"curies":[{"name":"wp","href":"https:\/\/api.w.org\/{rel}","templated":true}]}}