{"id":61989,"date":"2017-02-20T12:45:38","date_gmt":"2017-02-20T09:45:38","guid":{"rendered":"https:\/\/www.enerjigazetesi.ist\/?p=61989"},"modified":"2017-02-20T12:45:38","modified_gmt":"2017-02-20T09:45:38","slug":"7-milyar-ton-linyitten-elektrik-saglanacak","status":"publish","type":"post","link":"https:\/\/www.enerjigazetesi.ist\/en\/7-milyar-ton-linyitten-elektrik-saglanacak\/","title":{"rendered":"(Turkish) 7 Milyar Ton Linyitten Elektrik Sa\u011flanacak"},"content":{"rendered":"<p class=\"qtranxs-available-languages-message qtranxs-available-languages-message-en\">Sorry, this entry is only available in <a href=\"https:\/\/www.enerjigazetesi.ist\/tr\/wp-json\/wp\/v2\/posts\/61989\" class=\"qtranxs-available-language-link qtranxs-available-language-link-tr\" title=\"Turkish\">Turkish<\/a>. For the sake of viewer convenience, the content is shown below in the alternative language. You may click the link to switch the active language.<\/p><p><\/p>\n<p style=\"color: #0a0a0a;\"><strong>\u00c7ay\u0131rhan ihalesinden hemen sonra Afyonkarahisar Dinar, Af\u015fin Elbistan, Konya Karap\u0131nar ve Trakya Ergene k\u00f6m\u00fcr havzalar\u0131 i\u00e7in de ihaleler yap\u0131lacak. Bu\u00a0modelle yat\u0131r\u0131mc\u0131ya \u00c7ED ve kamula\u015ft\u0131rma gibi b\u00fct\u00fcn izinleri alacak olan h\u00fck\u00fc<a href=\"https:\/\/www.enerjigazetesi.ist\/wp-content\/uploads\/2015\/01\/k\u00f6m\u00fcr-linyit-\u00fcretim-298298223.jpg\"><img loading=\"lazy\" class=\"alignleft size-medium wp-image-35591\" src=\"https:\/\/www.enerjigazetesi.ist\/wp-content\/uploads\/2015\/01\/k\u00f6m\u00fcr-linyit-\u00fcretim-298298223-300x200.jpg\" alt=\"k\u00f6m\u00fcr-linyit-\u00fcretim-298298223\" width=\"300\" height=\"200\" srcset=\"https:\/\/www.enerjigazetesi.ist\/wp-content\/uploads\/2015\/01\/k\u00f6m\u00fcr-linyit-\u00fcretim-298298223-300x200.jpg 300w, https:\/\/www.enerjigazetesi.ist\/wp-content\/uploads\/2015\/01\/k\u00f6m\u00fcr-linyit-\u00fcretim-298298223-500x333.jpg 500w, https:\/\/www.enerjigazetesi.ist\/wp-content\/uploads\/2015\/01\/k\u00f6m\u00fcr-linyit-\u00fcretim-298298223-75x50.jpg 75w, https:\/\/www.enerjigazetesi.ist\/wp-content\/uploads\/2015\/01\/k\u00f6m\u00fcr-linyit-\u00fcretim-298298223.jpg 870w\" sizes=\"(max-width: 300px) 100vw, 300px\" \/><\/a>met, en ucuz elektri\u011fi \u00fcretmeyi taahh\u00fct edecek firmalarla yakla\u015f\u0131k 7 milyar tonluk linyit rezervinden elektrik \u00fcretimi yapacakt\u0131r.<\/strong><\/p>\n<p style=\"color: #0a0a0a;\">\u00d6zellikle son 10 y\u0131lda yap\u0131lan \u00e7al\u0131\u015fmalar ile Konya-Karap\u0131nar sahas\u0131nda 1.8 milyar ton, Eski\u015fehir-Alpu sahas\u0131nda 1.5 milyar ton, Trakya k\u00f6m\u00fcr havzas\u0131nda 1.5 milyar ton ve Afyon-Dinar sahas\u0131nda 1 milyar ton rezervlere sahip yeni k\u00f6m\u00fcr havzalar\u0131 ke\u015ffi ger\u00e7ekle\u015ftirildi.<\/p>\n<p style=\"color: #0a0a0a;\">K\u00f6m\u00fcrlerin ekonomiye kazand\u0131r\u0131lmas\u0131yla 2020 y\u0131l\u0131na kadar 5 bin megavatl\u0131k yerli k\u00f6m\u00fcre dayal\u0131 termik santral kurulmas\u0131 planlanmaktad\u0131r. Bakanl\u0131k \u0130stanbul, Ankara, Denizli, Afyonkarahisar, Ayd\u0131n, Tekirda\u011f, Edirne, Mu\u015f, Amasya, Karab\u00fck ve \u00c7ank\u0131r\u0131\u2019da da linyit arama \u00e7al\u0131\u015fmalar\u0131na devam etmektedir.<\/p>\n<p><\/p>","protected":false},"excerpt":{"rendered":"<p>Sorry, this entry is only available in Turkish. For the sake of viewer convenience, the content is shown below in the alternative language. You may click the link to switch the active language. \u00c7ay\u0131rhan ihalesinden hemen sonra Afyonkarahisar Dinar, Af\u015fin Elbistan, Konya Karap\u0131nar ve Trakya Ergene k\u00f6m\u00fcr havzalar\u0131 i\u00e7in de ihaleler yap\u0131lacak. Bu\u00a0modelle yat\u0131r\u0131mc\u0131ya \u00c7ED [&hellip;]<\/p>\n","protected":false},"author":1,"featured_media":35591,"comment_status":"open","ping_status":"open","sticky":false,"template":"","format":"standard","meta":[],"categories":[53,24649],"tags":[68,63,67,1009,1475,2698,165,27251,1675,1677],"views":1028,"_links":{"self":[{"href":"https:\/\/www.enerjigazetesi.ist\/en\/wp-json\/wp\/v2\/posts\/61989"}],"collection":[{"href":"https:\/\/www.enerjigazetesi.ist\/en\/wp-json\/wp\/v2\/posts"}],"about":[{"href":"https:\/\/www.enerjigazetesi.ist\/en\/wp-json\/wp\/v2\/types\/post"}],"author":[{"embeddable":true,"href":"https:\/\/www.enerjigazetesi.ist\/en\/wp-json\/wp\/v2\/users\/1"}],"replies":[{"embeddable":true,"href":"https:\/\/www.enerjigazetesi.ist\/en\/wp-json\/wp\/v2\/comments?post=61989"}],"version-history":[{"count":1,"href":"https:\/\/www.enerjigazetesi.ist\/en\/wp-json\/wp\/v2\/posts\/61989\/revisions"}],"predecessor-version":[{"id":61990,"href":"https:\/\/www.enerjigazetesi.ist\/en\/wp-json\/wp\/v2\/posts\/61989\/revisions\/61990"}],"wp:featuredmedia":[{"embeddable":true,"href":"https:\/\/www.enerjigazetesi.ist\/en\/wp-json\/wp\/v2\/media\/35591"}],"wp:attachment":[{"href":"https:\/\/www.enerjigazetesi.ist\/en\/wp-json\/wp\/v2\/media?parent=61989"}],"wp:term":[{"taxonomy":"category","embeddable":true,"href":"https:\/\/www.enerjigazetesi.ist\/en\/wp-json\/wp\/v2\/categories?post=61989"},{"taxonomy":"post_tag","embeddable":true,"href":"https:\/\/www.enerjigazetesi.ist\/en\/wp-json\/wp\/v2\/tags?post=61989"}],"curies":[{"name":"wp","href":"https:\/\/api.w.org\/{rel}","templated":true}]}}