{"id":61977,"date":"2017-02-19T19:04:51","date_gmt":"2017-02-19T16:04:51","guid":{"rendered":"https:\/\/www.enerjigazetesi.ist\/?p=61977"},"modified":"2017-02-19T19:11:12","modified_gmt":"2017-02-19T16:11:12","slug":"almanya-2016-yilinda-ruzgar-enerjisi-gucune-5-milyar-watt-daha-ilave-etti","status":"publish","type":"post","link":"https:\/\/www.enerjigazetesi.ist\/en\/almanya-2016-yilinda-ruzgar-enerjisi-gucune-5-milyar-watt-daha-ilave-etti\/","title":{"rendered":"(Turkish) Almanya 2016 Y\u0131l\u0131nda R\u00fczgar Enerjisi G\u00fcc\u00fcne 5 Milyar Watt Daha \u0130lave Etti"},"content":{"rendered":"<p class=\"qtranxs-available-languages-message qtranxs-available-languages-message-en\">Sorry, this entry is only available in <a href=\"https:\/\/www.enerjigazetesi.ist\/tr\/wp-json\/wp\/v2\/posts\/61977\" class=\"qtranxs-available-language-link qtranxs-available-language-link-tr\" title=\"Turkish\">Turkish<\/a>. For the sake of viewer convenience, the content is shown below in the alternative language. You may click the link to switch the active language.<\/p><p><\/p>\n<p style=\"color: #0a0a0a;\"><strong>Almanya, 2016 y\u0131l\u0131nda r\u00fczgar enerjisine 5 gigawatt (5 milyar watt) daha ilave ederek g\u00fcn\u00fcm\u00fcz\u00a0itibari ile 50 GW\u2019lik r\u00fczgar enerjisi \u00fcretimi yapacak kapasiteye ula\u015ft\u0131. Bu da AB\u2019de \u00fcretilen r\u00fczgar g\u00fcc\u00fcn\u00fcn \u00fc\u00e7te birine kar\u015f\u0131l\u0131k gelmektedir.<a href=\"https:\/\/www.enerjigazetesi.ist\/wp-content\/uploads\/2015\/08\/r\u00fczgar-santali-enerjisi-32908233-696x385.jpg\"><img loading=\"lazy\" class=\"alignright  wp-image-42807\" src=\"https:\/\/www.enerjigazetesi.ist\/wp-content\/uploads\/2015\/08\/r\u00fczgar-santali-enerjisi-32908233-696x385-300x165.jpg\" alt=\"r\u00fczgar-santrali-enerjisi-32908233-696x385\" width=\"300\" height=\"209\" \/><\/a><\/strong><\/p>\n<p style=\"color: #0a0a0a;\">K\u00f6m\u00fcr madenleriyle zengin Polonya ge\u00e7ti\u011fimiz y\u0131l r\u00fczgar enerjisini y\u00fczde 0.7 oran\u0131nda art\u0131rd\u0131. Ancak iktidardaki h\u00fck\u00fcmetin \u00e7\u0131kard\u0131\u011f\u0131 tart\u0131\u015fmal\u0131 yasalar\u0131n s\u00f6z konusu sekt\u00f6r\u00fc b\u00fcy\u00fctmek yerine yok edebilece\u011fi uyar\u0131s\u0131na dikkat \u00e7ekilmektedir.<\/p>\n<p style=\"color: #0a0a0a;\">Avrupa Birli\u011fi, iklim de\u011fi\u015fikli\u011fiyle m\u00fccadele kapsam\u0131nda 2020 y\u0131l\u0131na kadar t\u00fcketti\u011fi enerjinin y\u00fczde 20\u2019sini yenilebilir kaynaklardan \u00fcretmeyi hedeflemektedir. AB, 2014 itibariyle yenilenebilir enerjide y\u00fczde 16\u2019ya\u00a0ula\u015ft\u0131. Almanya 2014\u2019te t\u00fcketti\u011fi enerjinin y\u00fczde 13.8\u2019ini yenilenebilir enerjiden\u00a0sa\u011flam\u0131\u015ft\u0131r.<\/p>\n<p><\/p>","protected":false},"excerpt":{"rendered":"<p>Sorry, this entry is only available in Turkish. For the sake of viewer convenience, the content is shown below in the alternative language. You may click the link to switch the active language. Almanya, 2016 y\u0131l\u0131nda r\u00fczgar enerjisine 5 gigawatt (5 milyar watt) daha ilave ederek g\u00fcn\u00fcm\u00fcz\u00a0itibari ile 50 GW\u2019lik r\u00fczgar enerjisi \u00fcretimi yapacak kapasiteye [&hellip;]<\/p>\n","protected":false},"author":1,"featured_media":42807,"comment_status":"open","ping_status":"open","sticky":false,"template":"","format":"standard","meta":[],"categories":[53,50],"tags":[929,33275,63,67,1009,2698,165,1346,1287,1675,21,9906,474,69,16,231,23318,22615,4784],"views":870,"_links":{"self":[{"href":"https:\/\/www.enerjigazetesi.ist\/en\/wp-json\/wp\/v2\/posts\/61977"}],"collection":[{"href":"https:\/\/www.enerjigazetesi.ist\/en\/wp-json\/wp\/v2\/posts"}],"about":[{"href":"https:\/\/www.enerjigazetesi.ist\/en\/wp-json\/wp\/v2\/types\/post"}],"author":[{"embeddable":true,"href":"https:\/\/www.enerjigazetesi.ist\/en\/wp-json\/wp\/v2\/users\/1"}],"replies":[{"embeddable":true,"href":"https:\/\/www.enerjigazetesi.ist\/en\/wp-json\/wp\/v2\/comments?post=61977"}],"version-history":[{"count":4,"href":"https:\/\/www.enerjigazetesi.ist\/en\/wp-json\/wp\/v2\/posts\/61977\/revisions"}],"predecessor-version":[{"id":61981,"href":"https:\/\/www.enerjigazetesi.ist\/en\/wp-json\/wp\/v2\/posts\/61977\/revisions\/61981"}],"wp:featuredmedia":[{"embeddable":true,"href":"https:\/\/www.enerjigazetesi.ist\/en\/wp-json\/wp\/v2\/media\/42807"}],"wp:attachment":[{"href":"https:\/\/www.enerjigazetesi.ist\/en\/wp-json\/wp\/v2\/media?parent=61977"}],"wp:term":[{"taxonomy":"category","embeddable":true,"href":"https:\/\/www.enerjigazetesi.ist\/en\/wp-json\/wp\/v2\/categories?post=61977"},{"taxonomy":"post_tag","embeddable":true,"href":"https:\/\/www.enerjigazetesi.ist\/en\/wp-json\/wp\/v2\/tags?post=61977"}],"curies":[{"name":"wp","href":"https:\/\/api.w.org\/{rel}","templated":true}]}}