{"id":61958,"date":"2017-02-18T13:06:18","date_gmt":"2017-02-18T10:06:18","guid":{"rendered":"https:\/\/www.enerjigazetesi.ist\/?p=61958"},"modified":"2017-02-18T13:06:18","modified_gmt":"2017-02-18T10:06:18","slug":"kacak-elektrigi-onlemek-icin-sayaclar-ev-ve-isyerlerinin-disinda-olacak","status":"publish","type":"post","link":"https:\/\/www.enerjigazetesi.ist\/en\/kacak-elektrigi-onlemek-icin-sayaclar-ev-ve-isyerlerinin-disinda-olacak\/","title":{"rendered":"(Turkish) Ka\u00e7ak Elektri\u011fi \u00d6nlemek \u0130\u00e7in Saya\u00e7lar Ev ve \u0130\u015fyerlerinin D\u0131\u015f\u0131nda Olacak"},"content":{"rendered":"<p class=\"qtranxs-available-languages-message qtranxs-available-languages-message-en\">Sorry, this entry is only available in <a href=\"https:\/\/www.enerjigazetesi.ist\/tr\/wp-json\/wp\/v2\/posts\/61958\" class=\"qtranxs-available-language-link qtranxs-available-language-link-tr\" title=\"Turkish\">Turkish<\/a>. For the sake of viewer convenience, the content is shown below in the alternative language. You may click the link to switch the active language.<\/p><p><strong><span style=\"color: #0a0a0a;\">Do\u011fu ve G\u00fcneydo\u011fu Anadolu&#8217;da ka\u00e7ak elektri\u011fin kullan\u0131m\u0131n\u0131n azalt\u0131lmas\u0131\u00a0i\u00e7in saya\u00e7lar\u0131n art\u0131k ev ve i\u015f yerlerinin d\u0131\u015f\u0131na \u00e7\u0131kart\u0131lmas\u0131n\u0131n karar\u0131 al\u0131nd\u0131.\u00a0K<\/span>a\u00e7ak elektri\u011fin kullan\u0131m\u0131n\u0131n tespit edildi\u011finde ise elektrikler art\u0131k uzaktan kesilecektir.<\/strong><\/p>\n<p style=\"color: #0a0a0a;\">Diyarbak\u0131r, \u015e\u0131rnak, Siirt, Mardin, Batman ve \u015eanl\u0131urfa&#8217;da Dicle Elektrik A.\u015e (Dicle EDA\u015e) ge\u00e7en\u00a0y\u0131l y\u00fczde 5.5 oran\u0131nda elektrik <a href=\"https:\/\/www.enerjigazetesi.ist\/wp-content\/uploads\/2015\/09\/elektrik-kayip-kacak-bedeli-iade-696x385.jpg\"><img loading=\"lazy\" class=\"alignright size-medium wp-image-44115\" src=\"https:\/\/www.enerjigazetesi.ist\/wp-content\/uploads\/2015\/09\/elektrik-kayip-kacak-bedeli-iade-696x385-300x165.jpg\" alt=\"elektrik-kayip-kacak\" width=\"300\" height=\"165\" srcset=\"https:\/\/www.enerjigazetesi.ist\/wp-content\/uploads\/2015\/09\/elektrik-kayip-kacak-bedeli-iade-696x385-300x165.jpg 300w, https:\/\/www.enerjigazetesi.ist\/wp-content\/uploads\/2015\/09\/elektrik-kayip-kacak-bedeli-iade-696x385-500x276.jpg 500w, https:\/\/www.enerjigazetesi.ist\/wp-content\/uploads\/2015\/09\/elektrik-kayip-kacak-bedeli-iade-696x385-80x44.jpg 80w, https:\/\/www.enerjigazetesi.ist\/wp-content\/uploads\/2015\/09\/elektrik-kayip-kacak-bedeli-iade-696x385.jpg 696w\" sizes=\"(max-width: 300px) 100vw, 300px\" \/><\/a>t\u00fcketimini artt\u0131\u015f meydana geldi. Bu illerde toplam elektrik kullan\u0131m\u0131 21.5 milyar kWh olmu\u015ftur fakat\u00a0Dicle EDA\u015e\u2019\u0131n tahsil etti\u011fi mebla bu kullan\u0131m\u0131n yaln\u0131zca y\u00fczde 22\u2019sine denk gelmektedir. Dicle EDA\u015e, kullan\u0131lan 21.5 milyar kWh\u2019lik elektri\u011fin yaln\u0131zca 5.5 milyarl\u0131k k\u0131sm\u0131n\u0131 faturaland\u0131rabildi. Bu t\u00fcketim ile beraber ge\u00e7ti\u011fimiz y\u0131la oranla Dicle EDA\u015e t\u00fcketimi y\u00fczde 5.5 oran\u0131nda art\u0131\u015f g\u00f6sterdi.<\/p>\n<p style=\"color: #0a0a0a;\">Ayr\u0131ca b\u00f6lgedeki ka\u00e7ak kullan\u0131m\u0131n trafolar \u00fczerinde a\u015f\u0131r\u0131 y\u00fcklemeye sebep oldu\u011fu ve trafolar\u0131n patlamas\u0131na sebebiyet verdi\u011fi ifade edilmektedir. Yetkililer, elektrik da\u011f\u0131t\u0131m hatlar\u0131n\u0131n yand\u0131\u011f\u0131n\u0131 belirterek b\u00f6lgede ya\u015fanan ar\u0131zalar\u0131nda y\u00fczde 90\u2019\u0131n\u0131n sebebini bu durumdan meydana geldi\u011fini de a\u00e7\u0131klad\u0131lar.<\/p>\n<p><\/p>","protected":false},"excerpt":{"rendered":"<p>Sorry, this entry is only available in Turkish. For the sake of viewer convenience, the content is shown below in the alternative language. You may click the link to switch the active language.Do\u011fu ve G\u00fcneydo\u011fu Anadolu&#8217;da ka\u00e7ak elektri\u011fin kullan\u0131m\u0131n\u0131n azalt\u0131lmas\u0131\u00a0i\u00e7in saya\u00e7lar\u0131n art\u0131k ev ve i\u015f yerlerinin d\u0131\u015f\u0131na \u00e7\u0131kart\u0131lmas\u0131n\u0131n karar\u0131 al\u0131nd\u0131.\u00a0Ka\u00e7ak elektri\u011fin kullan\u0131m\u0131n\u0131n tespit edildi\u011finde ise [&hellip;]<\/p>\n","protected":false},"author":1,"featured_media":44115,"comment_status":"open","ping_status":"open","sticky":false,"template":"","format":"standard","meta":[],"categories":[51,53],"tags":[3373,68,61,19638,140,1451,2873,130,63,67,1009,2698,165,1215,8635],"views":978,"_links":{"self":[{"href":"https:\/\/www.enerjigazetesi.ist\/en\/wp-json\/wp\/v2\/posts\/61958"}],"collection":[{"href":"https:\/\/www.enerjigazetesi.ist\/en\/wp-json\/wp\/v2\/posts"}],"about":[{"href":"https:\/\/www.enerjigazetesi.ist\/en\/wp-json\/wp\/v2\/types\/post"}],"author":[{"embeddable":true,"href":"https:\/\/www.enerjigazetesi.ist\/en\/wp-json\/wp\/v2\/users\/1"}],"replies":[{"embeddable":true,"href":"https:\/\/www.enerjigazetesi.ist\/en\/wp-json\/wp\/v2\/comments?post=61958"}],"version-history":[{"count":1,"href":"https:\/\/www.enerjigazetesi.ist\/en\/wp-json\/wp\/v2\/posts\/61958\/revisions"}],"predecessor-version":[{"id":61959,"href":"https:\/\/www.enerjigazetesi.ist\/en\/wp-json\/wp\/v2\/posts\/61958\/revisions\/61959"}],"wp:featuredmedia":[{"embeddable":true,"href":"https:\/\/www.enerjigazetesi.ist\/en\/wp-json\/wp\/v2\/media\/44115"}],"wp:attachment":[{"href":"https:\/\/www.enerjigazetesi.ist\/en\/wp-json\/wp\/v2\/media?parent=61958"}],"wp:term":[{"taxonomy":"category","embeddable":true,"href":"https:\/\/www.enerjigazetesi.ist\/en\/wp-json\/wp\/v2\/categories?post=61958"},{"taxonomy":"post_tag","embeddable":true,"href":"https:\/\/www.enerjigazetesi.ist\/en\/wp-json\/wp\/v2\/tags?post=61958"}],"curies":[{"name":"wp","href":"https:\/\/api.w.org\/{rel}","templated":true}]}}