{"id":61947,"date":"2017-02-17T11:33:20","date_gmt":"2017-02-17T08:33:20","guid":{"rendered":"https:\/\/www.enerjigazetesi.ist\/?p=61947"},"modified":"2017-02-17T11:33:20","modified_gmt":"2017-02-17T08:33:20","slug":"ukrayna-elektrik-krizi-sebebiyle-ohal-ilan-etti","status":"publish","type":"post","link":"https:\/\/www.enerjigazetesi.ist\/en\/ukrayna-elektrik-krizi-sebebiyle-ohal-ilan-etti\/","title":{"rendered":"(Turkish) Ukrayna Elektrik Krizi Sebebiyle OHAL \u0130lan Etti"},"content":{"rendered":"<p class=\"qtranxs-available-languages-message qtranxs-available-languages-message-en\">Sorry, this entry is only available in <a href=\"https:\/\/www.enerjigazetesi.ist\/tr\/wp-json\/wp\/v2\/posts\/61947\" class=\"qtranxs-available-language-link qtranxs-available-language-link-tr\" title=\"Turkish\">Turkish<\/a>. For the sake of viewer convenience, the content is shown below in the alternative language. You may click the link to switch the active language.<\/p><p><\/p>\n<p style=\"color: #0a0a0a;\"><strong>Ukrayna\u2019da, elektrik santrallerinin ihtiyac\u0131n\u0131 kar\u015f\u0131layacak k\u00f6m\u00fcr\u00fcn azalmas\u0131 nedeni ile enerjide ola\u011fan\u00fcst\u00fc hal ilan edildi\u011fi\u00a0a\u00e7\u0131<a href=\"https:\/\/www.enerjigazetesi.ist\/wp-content\/uploads\/2016\/11\/odenmemis-borclar-nedeniyle-irandan-elektrik-ithalati-durdu.jpg\"><img loading=\"lazy\" class=\"alignleft size-medium wp-image-58864\" src=\"https:\/\/www.enerjigazetesi.ist\/wp-content\/uploads\/2016\/11\/odenmemis-borclar-nedeniyle-irandan-elektrik-ithalati-durdu-300x168.jpg\" alt=\"elektrik\" width=\"300\" height=\"168\" srcset=\"https:\/\/www.enerjigazetesi.ist\/wp-content\/uploads\/2016\/11\/odenmemis-borclar-nedeniyle-irandan-elektrik-ithalati-durdu-300x168.jpg 300w, https:\/\/www.enerjigazetesi.ist\/wp-content\/uploads\/2016\/11\/odenmemis-borclar-nedeniyle-irandan-elektrik-ithalati-durdu-500x280.jpg 500w, https:\/\/www.enerjigazetesi.ist\/wp-content\/uploads\/2016\/11\/odenmemis-borclar-nedeniyle-irandan-elektrik-ithalati-durdu-80x44.jpg 80w, https:\/\/www.enerjigazetesi.ist\/wp-content\/uploads\/2016\/11\/odenmemis-borclar-nedeniyle-irandan-elektrik-ithalati-durdu.jpg 696w\" sizes=\"(max-width: 300px) 100vw, 300px\" \/><\/a>kland\u0131.<\/strong><\/p>\n<p style=\"color: #0a0a0a;\"><span id=\"more-88877\"><\/span>Ukrayna Ba\u015fbakan\u0131 Vladimir Groysman&#8217;\u0131n yapt\u0131\u011f\u0131 a\u00e7\u0131klamada Bakanlar Kurulu toplant\u0131s\u0131nda elektrik enerjisinde ola\u011fan\u00fcst\u00fc hal karar\u0131n\u0131n al\u0131nd\u0131\u011f\u0131 belirtildi. Ukraynal\u0131lar\u0131n bu karardan dolay\u0131 ya\u015fayaca\u011f\u0131 olumsuzluklar\u0131 en aza indirmek i\u00e7in \u00e7al\u0131\u015facaklar\u0131n\u0131 belirten\u00a0Groysman, \u201cElektrik kesintileri sadece a\u015f\u0131r\u0131 durumlarda ger\u00e7ekle\u015fecektir.\u201d dedi.<\/p>\n<p style=\"color: #0a0a0a;\">Enerji ve K\u00f6m\u00fcr Bakan\u0131 \u0130gor Nasalik, ola\u011fan\u00fcst\u00fc hal karar\u0131n\u0131n bir ay s\u00fcrece\u011fini, al\u0131nan karar\u0131n en fazla iki ay devam edebilece\u011fini belirtti. Nasalik, elektrik \u00fcretim ve t\u00fcketim dengesini sa\u011flamak i\u00e7in kesintilerle ilgili \u00f6nceden bilgilendirme yap\u0131laca\u011f\u0131n\u0131 da s\u00f6yledi.<\/p>\n<p><\/p>","protected":false},"excerpt":{"rendered":"<p>Sorry, this entry is only available in Turkish. For the sake of viewer convenience, the content is shown below in the alternative language. You may click the link to switch the active language. Ukrayna\u2019da, elektrik santrallerinin ihtiyac\u0131n\u0131 kar\u015f\u0131layacak k\u00f6m\u00fcr\u00fcn azalmas\u0131 nedeni ile enerjide ola\u011fan\u00fcst\u00fc hal ilan edildi\u011fi\u00a0a\u00e7\u0131kland\u0131. Ukrayna Ba\u015fbakan\u0131 Vladimir Groysman&#8217;\u0131n yapt\u0131\u011f\u0131 a\u00e7\u0131klamada Bakanlar Kurulu [&hellip;]<\/p>\n","protected":false},"author":1,"featured_media":58864,"comment_status":"open","ping_status":"open","sticky":false,"template":"","format":"standard","meta":[],"categories":[51,53],"tags":[68,61,19638,140,1451,2873,63,67,1009,2698,165,33248,2584,33249,33250],"views":986,"_links":{"self":[{"href":"https:\/\/www.enerjigazetesi.ist\/en\/wp-json\/wp\/v2\/posts\/61947"}],"collection":[{"href":"https:\/\/www.enerjigazetesi.ist\/en\/wp-json\/wp\/v2\/posts"}],"about":[{"href":"https:\/\/www.enerjigazetesi.ist\/en\/wp-json\/wp\/v2\/types\/post"}],"author":[{"embeddable":true,"href":"https:\/\/www.enerjigazetesi.ist\/en\/wp-json\/wp\/v2\/users\/1"}],"replies":[{"embeddable":true,"href":"https:\/\/www.enerjigazetesi.ist\/en\/wp-json\/wp\/v2\/comments?post=61947"}],"version-history":[{"count":1,"href":"https:\/\/www.enerjigazetesi.ist\/en\/wp-json\/wp\/v2\/posts\/61947\/revisions"}],"predecessor-version":[{"id":61948,"href":"https:\/\/www.enerjigazetesi.ist\/en\/wp-json\/wp\/v2\/posts\/61947\/revisions\/61948"}],"wp:featuredmedia":[{"embeddable":true,"href":"https:\/\/www.enerjigazetesi.ist\/en\/wp-json\/wp\/v2\/media\/58864"}],"wp:attachment":[{"href":"https:\/\/www.enerjigazetesi.ist\/en\/wp-json\/wp\/v2\/media?parent=61947"}],"wp:term":[{"taxonomy":"category","embeddable":true,"href":"https:\/\/www.enerjigazetesi.ist\/en\/wp-json\/wp\/v2\/categories?post=61947"},{"taxonomy":"post_tag","embeddable":true,"href":"https:\/\/www.enerjigazetesi.ist\/en\/wp-json\/wp\/v2\/tags?post=61947"}],"curies":[{"name":"wp","href":"https:\/\/api.w.org\/{rel}","templated":true}]}}