{"id":61945,"date":"2017-02-17T11:21:03","date_gmt":"2017-02-17T08:21:03","guid":{"rendered":"https:\/\/www.enerjigazetesi.ist\/?p=61945"},"modified":"2017-02-17T11:21:03","modified_gmt":"2017-02-17T08:21:03","slug":"katar-enerji-ve-endustri-bakani-lngnin-gonderilmesine-haziriz","status":"publish","type":"post","link":"https:\/\/www.enerjigazetesi.ist\/en\/katar-enerji-ve-endustri-bakani-lngnin-gonderilmesine-haziriz\/","title":{"rendered":"(Turkish) Katar Enerji ve End\u00fcstri Bakan\u0131: \u201cLNG&#8217;nin G\u00f6nderilmesine Haz\u0131r\u0131z\u201d"},"content":{"rendered":"<p class=\"qtranxs-available-languages-message qtranxs-available-languages-message-en\">Sorry, this entry is only available in <a href=\"https:\/\/www.enerjigazetesi.ist\/tr\/wp-json\/wp\/v2\/posts\/61945\" class=\"qtranxs-available-language-link qtranxs-available-language-link-tr\" title=\"Turkish\">Turkish<\/a>. For the sake of viewer convenience, the content is shown below in the alternative language. You may click the link to switch the active language.<\/p><p><\/p>\n<p style=\"color: #0a0a0a;\"><strong>T\u00fcrkiye\u2019deki gaz s\u0131k\u0131nt\u0131s\u0131na \u00e7are olmaya g\u00f6n\u00fcll\u00fc olduklar\u0131n\u0131 belirten Katar Enerji ve End\u00fcstri Bakan\u0131 Muhammed Al Sada, \u00f6nceden beri g\u00f6nderdikleri s\u0131v\u0131la\u015ft\u0131r\u0131lm\u0131\u015f gaz olan LNG\u2019yi g\u00f6ndermeye her daim haz\u0131r olduklar\u0131n\u0131\u00a0ifade etti.<a href=\"https:\/\/www.enerjigazetesi.ist\/wp-content\/uploads\/2015\/12\/LNG-2332983-696x385.jpg\"><img loading=\"lazy\" class=\"alignright size-medium wp-image-48035\" src=\"https:\/\/www.enerjigazetesi.ist\/wp-content\/uploads\/2015\/12\/LNG-2332983-696x385-300x165.jpg\" alt=\"LNG-2332983-696x385\" width=\"300\" height=\"165\" srcset=\"https:\/\/www.enerjigazetesi.ist\/wp-content\/uploads\/2015\/12\/LNG-2332983-696x385-300x165.jpg 300w, https:\/\/www.enerjigazetesi.ist\/wp-content\/uploads\/2015\/12\/LNG-2332983-696x385-500x276.jpg 500w, https:\/\/www.enerjigazetesi.ist\/wp-content\/uploads\/2015\/12\/LNG-2332983-696x385-80x44.jpg 80w, https:\/\/www.enerjigazetesi.ist\/wp-content\/uploads\/2015\/12\/LNG-2332983-696x385.jpg 696w\" sizes=\"(max-width: 300px) 100vw, 300px\" \/><\/a><\/strong><\/p>\n<p style=\"color: #0a0a0a;\"><span id=\"more-88873\"><\/span>Muhammed Al Sada \u201cMiktarlar konusunda k\u0131s\u0131tlama olmayan hali haz\u0131rda mevcut anla\u015fmam\u0131z bulunmaktad\u0131r. Bu anla\u015fma ge\u00e7erlili\u011fini korudu\u011fu s\u00fcrece biz LNG i\u00e7in her daim haz\u0131r olmaktay\u0131z. Miktar konusu T\u00fcrkiye\u2019nin talebi do\u011frultusunda herhangi bir k\u0131s\u0131tlamaya u\u011framadan haz\u0131rlanacakt\u0131r\u201d\u00a0dedi.<\/p>\n<p style=\"color: #0a0a0a;\">G\u00fcn\u00fcm\u00fcze kadar bu iki \u00fclke aras\u0131 enerji ili\u015fkilerinin bu \u015fekilde geli\u015fti\u011fi ve bundan sonras\u0131 i\u00e7inde ayn\u0131 devam edece\u011fi de belirtildi. Bakan Muhammed Al Sada, sadece enerji de\u011fil t\u00fcm ili\u015fkilerde de ayn\u0131 kararl\u0131l\u0131kta ilerleyen bir samimiyetlerinin oldu\u011funun vurgusunu yapt\u0131.<\/p>\n<p><\/p>","protected":false},"excerpt":{"rendered":"<p>Sorry, this entry is only available in Turkish. For the sake of viewer convenience, the content is shown below in the alternative language. You may click the link to switch the active language. T\u00fcrkiye\u2019deki gaz s\u0131k\u0131nt\u0131s\u0131na \u00e7are olmaya g\u00f6n\u00fcll\u00fc olduklar\u0131n\u0131 belirten Katar Enerji ve End\u00fcstri Bakan\u0131 Muhammed Al Sada, \u00f6nceden beri g\u00f6nderdikleri s\u0131v\u0131la\u015ft\u0131r\u0131lm\u0131\u015f gaz olan [&hellip;]<\/p>\n","protected":false},"author":1,"featured_media":48035,"comment_status":"open","ping_status":"open","sticky":false,"template":"","format":"standard","meta":[],"categories":[46,53],"tags":[92,226,19761,2092,2677,63,67,1009,2698,165,2012,2585],"views":715,"_links":{"self":[{"href":"https:\/\/www.enerjigazetesi.ist\/en\/wp-json\/wp\/v2\/posts\/61945"}],"collection":[{"href":"https:\/\/www.enerjigazetesi.ist\/en\/wp-json\/wp\/v2\/posts"}],"about":[{"href":"https:\/\/www.enerjigazetesi.ist\/en\/wp-json\/wp\/v2\/types\/post"}],"author":[{"embeddable":true,"href":"https:\/\/www.enerjigazetesi.ist\/en\/wp-json\/wp\/v2\/users\/1"}],"replies":[{"embeddable":true,"href":"https:\/\/www.enerjigazetesi.ist\/en\/wp-json\/wp\/v2\/comments?post=61945"}],"version-history":[{"count":1,"href":"https:\/\/www.enerjigazetesi.ist\/en\/wp-json\/wp\/v2\/posts\/61945\/revisions"}],"predecessor-version":[{"id":61946,"href":"https:\/\/www.enerjigazetesi.ist\/en\/wp-json\/wp\/v2\/posts\/61945\/revisions\/61946"}],"wp:featuredmedia":[{"embeddable":true,"href":"https:\/\/www.enerjigazetesi.ist\/en\/wp-json\/wp\/v2\/media\/48035"}],"wp:attachment":[{"href":"https:\/\/www.enerjigazetesi.ist\/en\/wp-json\/wp\/v2\/media?parent=61945"}],"wp:term":[{"taxonomy":"category","embeddable":true,"href":"https:\/\/www.enerjigazetesi.ist\/en\/wp-json\/wp\/v2\/categories?post=61945"},{"taxonomy":"post_tag","embeddable":true,"href":"https:\/\/www.enerjigazetesi.ist\/en\/wp-json\/wp\/v2\/tags?post=61945"}],"curies":[{"name":"wp","href":"https:\/\/api.w.org\/{rel}","templated":true}]}}