{"id":61930,"date":"2017-02-16T12:06:43","date_gmt":"2017-02-16T09:06:43","guid":{"rendered":"https:\/\/www.enerjigazetesi.ist\/?p=61930"},"modified":"2017-02-16T12:06:43","modified_gmt":"2017-02-16T09:06:43","slug":"kmu-gunes-enerji-sistemiyle-kendi-elektrigini-uretecek","status":"publish","type":"post","link":"https:\/\/www.enerjigazetesi.ist\/en\/kmu-gunes-enerji-sistemiyle-kendi-elektrigini-uretecek\/","title":{"rendered":"(Turkish) KM\u00dc, G\u00fcne\u015f Enerji Sistemiyle Kendi Elektri\u011fini \u00dcretecek"},"content":{"rendered":"<p class=\"qtranxs-available-languages-message qtranxs-available-languages-message-en\">Sorry, this entry is only available in <a href=\"https:\/\/www.enerjigazetesi.ist\/tr\/wp-json\/wp\/v2\/posts\/61930\" class=\"qtranxs-available-language-link qtranxs-available-language-link-tr\" title=\"Turkish\">Turkish<\/a>. For the sake of viewer convenience, the content is shown below in the alternative language. You may click the link to switch the active language.<\/p><p><\/p>\n<p style=\"color: #0a0a0a;\"><strong>Karamano\u011flu Mehmetbey \u00dcniversitesi taraf\u0131ndan yenilenebilir enerji sistemlerine duyars\u0131z kalmayarak G\u00fcne\u015f Enerji Sistemi Projesini ger\u00e7ekle\u015ftirildi. 2015 y\u0131l\u0131 Ekim ay\u0131nda ba\u015flayan proje, 2016 y\u0131l\u0131 Aral\u0131k ay\u0131nda tamamlanarak yeni y\u0131ldan itibaren elektrik \u00fcretimi faaliyetine ba\u015flam\u0131\u015ft\u0131r. \u00dcniversitenin Yunus Emre Yerle\u015fkesinde 10 bin metrekare alan \u00fczerine in\u015fa edilen G\u00fcne\u015f Enerji Sistemi panelleri, y\u0131lda ortalama 754 bin 511 kilowatt saatlik enerji \u00fcreterek elektrik sarfiyat\u0131n\u0131n y\u00fczde 25\u2019ini kar\u015f\u0131layacakt\u0131r. 2 milyon 076 bin 800 TL\u2019ye tamamlanan proje, alt\u0131 y\u0131l i\u00e7erisinde kendisini amorti ederek \u00fclke ekonomisine \u00f6nemli bir katk\u0131 sa\u011flayacakt\u0131r.<\/strong><\/p>\n<p style=\"color: #0a0a0a;\">KM\u00dc Rekt\u00f6r\u00fc Prof. Dr. Mehmet Akg\u00fcl, Umar\u0131m bug\u00fcn ihtiyac\u0131m\u0131z\u0131n y\u00fczde 25\u2019ini kar\u015f\u0131layan bu projeyi dah<img loading=\"lazy\" class=\"alignright  wp-image-61931\" src=\"https:\/\/www.enerjigazetesi.ist\/wp-content\/uploads\/2017\/02\/kmu-gunes-enerji-sistemiyle-kendi-elektrigini-uretecek-300x225.jpg\" alt=\"kmu-gunes-enerji-sistemiyle-kendi-elektrigini-uretecek\" width=\"300\" height=\"192\" \/>a da geli\u015ftirerek ihtiyac\u0131m\u0131z\u0131n yar\u0131s\u0131n\u0131 kar\u015f\u0131layabilecek seviyelere \u00e7\u0131kar\u0131r\u0131z. Tesis b\u00fcnyesinde in\u015fa edilen 40 metrelik meteoroloji dire\u011fiyle beraber g\u00fcnl\u00fck k\u00fcresel \u0131\u015f\u0131n\u0131m miktar\u0131n\u0131, farkl\u0131 y\u00fckseltilerdeki r\u00fczg\u00e2r h\u0131zlar\u0131n\u0131, s\u0131cakl\u0131k ve nem gibi meteorolojik verileri de izleme imk\u00e2n\u0131m\u0131z bulunmaktad\u0131r. Tesisimiz 7\/24 IP kameralarla online olarak izlenerek gerekli g\u00fcvenlik \u00f6nemleri de al\u0131nm\u0131\u015ft\u0131r.\u201d\u00a0ifadelerine yer verdi.<\/p>\n<p style=\"color: #0a0a0a;\">Rekt\u00f6r Akg\u00fcl, projenin KM\u00dc \u00f6\u011frencilerinin e\u011fitimine de katk\u0131 sa\u011flayaca\u011f\u0131n\u0131n alt\u0131n\u0131 \u00e7izerek, \u201cBu proje, Karamano\u011flu Mehmetbey \u00dcniversitesi Enerji Sistemleri ve Elektrik-Elektronik M\u00fchendisli\u011fi \u00f6\u011frencilerine bu sahada uygulamal\u0131 e\u011fitim imkan\u0131 da sunmaktad\u0131r. \u00d6\u011frencilerimiz yenilenebilir enerjinin bir kolu olan PV sistemlerin \u00e7al\u0131\u015fmas\u0131, kurulumunun nas\u0131l ger\u00e7ekle\u015fti\u011fi ve geli\u015fen teknoloji ile nas\u0131l iyile\u015ftirmeler yap\u0131labilece\u011fi konusunda bilgi birikimi sa\u011flam\u0131\u015f olacaklard\u0131r\u201d\u00a0dedi.<\/p>\n<p><\/p>","protected":false},"excerpt":{"rendered":"<p>Sorry, this entry is only available in Turkish. For the sake of viewer convenience, the content is shown below in the alternative language. You may click the link to switch the active language. Karamano\u011flu Mehmetbey \u00dcniversitesi taraf\u0131ndan yenilenebilir enerji sistemlerine duyars\u0131z kalmayarak G\u00fcne\u015f Enerji Sistemi Projesini ger\u00e7ekle\u015ftirildi. 2015 y\u0131l\u0131 Ekim ay\u0131nda ba\u015flayan proje, 2016 y\u0131l\u0131 [&hellip;]<\/p>\n","protected":false},"author":1,"featured_media":61931,"comment_status":"open","ping_status":"open","sticky":false,"template":"","format":"standard","meta":[],"categories":[53,49],"tags":[19,63,67,1009,1475,2698,165,33236,227,33237,13,1876,23133,22975,4269,33238,33239,21],"views":1236,"_links":{"self":[{"href":"https:\/\/www.enerjigazetesi.ist\/en\/wp-json\/wp\/v2\/posts\/61930"}],"collection":[{"href":"https:\/\/www.enerjigazetesi.ist\/en\/wp-json\/wp\/v2\/posts"}],"about":[{"href":"https:\/\/www.enerjigazetesi.ist\/en\/wp-json\/wp\/v2\/types\/post"}],"author":[{"embeddable":true,"href":"https:\/\/www.enerjigazetesi.ist\/en\/wp-json\/wp\/v2\/users\/1"}],"replies":[{"embeddable":true,"href":"https:\/\/www.enerjigazetesi.ist\/en\/wp-json\/wp\/v2\/comments?post=61930"}],"version-history":[{"count":1,"href":"https:\/\/www.enerjigazetesi.ist\/en\/wp-json\/wp\/v2\/posts\/61930\/revisions"}],"predecessor-version":[{"id":61932,"href":"https:\/\/www.enerjigazetesi.ist\/en\/wp-json\/wp\/v2\/posts\/61930\/revisions\/61932"}],"wp:featuredmedia":[{"embeddable":true,"href":"https:\/\/www.enerjigazetesi.ist\/en\/wp-json\/wp\/v2\/media\/61931"}],"wp:attachment":[{"href":"https:\/\/www.enerjigazetesi.ist\/en\/wp-json\/wp\/v2\/media?parent=61930"}],"wp:term":[{"taxonomy":"category","embeddable":true,"href":"https:\/\/www.enerjigazetesi.ist\/en\/wp-json\/wp\/v2\/categories?post=61930"},{"taxonomy":"post_tag","embeddable":true,"href":"https:\/\/www.enerjigazetesi.ist\/en\/wp-json\/wp\/v2\/tags?post=61930"}],"curies":[{"name":"wp","href":"https:\/\/api.w.org\/{rel}","templated":true}]}}