{"id":61866,"date":"2017-02-13T12:04:18","date_gmt":"2017-02-13T09:04:18","guid":{"rendered":"https:\/\/www.enerjigazetesi.ist\/?p=61866"},"modified":"2017-02-13T12:04:18","modified_gmt":"2017-02-13T09:04:18","slug":"dogru-jenerator-secimiyle-maksimum-verim-saglaniyor","status":"publish","type":"post","link":"https:\/\/www.enerjigazetesi.ist\/en\/dogru-jenerator-secimiyle-maksimum-verim-saglaniyor\/","title":{"rendered":"(Turkish) Do\u011fru Jenerat\u00f6r Se\u00e7imiyle Maksimum Verim Sa\u011flan\u0131yor"},"content":{"rendered":"<p class=\"qtranxs-available-languages-message qtranxs-available-languages-message-en\">Sorry, this entry is only available in <a href=\"https:\/\/www.enerjigazetesi.ist\/tr\/wp-json\/wp\/v2\/posts\/61866\" class=\"qtranxs-available-language-link qtranxs-available-language-link-tr\" title=\"Turkish\">Turkish<\/a>. For the sake of viewer convenience, the content is shown below in the alternative language. You may click the link to switch the active language.<\/p><p><strong>Beklenmedik enerji kesintilerine kar\u015f\u0131 ev ve i\u015f yerlerinde jenerat\u00f6r \u00f6nlemi almak isteyenlerin kar\u015f\u0131la\u015ft\u0131klar\u0131 en \u00f6nemli soru hangi jenerat\u00f6r\u00fc tercih etmeleri gerekti\u011fi. Jenerat\u00f6r\u00fcn etkili bir \u015fekilde kullan\u0131m\u0131 i\u00e7in jenerat\u00f6r se\u00e7imi yaparken toplam ihtiya\u00e7 duyulan g\u00fcc\u00fcn hesaplanmas\u0131n\u0131n \u00f6ncelik oldu\u011funu belirten Aksa Jenerat\u00f6r CEO\u2019su Alper Peker; jenerat\u00f6r\u00fcn yak\u0131t tipi, g\u00fcr\u00fclt\u00fc seviyesi ve sat\u0131\u015f sonras\u0131 servis hizmet kriterlerinin de\u011ferlendirmesini \u00f6neriyor.<\/strong><\/p>\n<p>S\u00fcrekli ve d\u00f6nemsel enerji ihtiyac\u0131n\u0131 kar\u015f\u0131layan jenerat\u00f6rlerler, farkl\u0131 ama\u00e7lara y\u00f6nelik model ve g\u00fc\u00e7 <a href=\"https:\/\/www.enerjigazetesi.ist\/wp-content\/uploads\/2016\/05\/aksadan-ruzgar-ve-gunes-destekli-hibrit-jenerator.jpg\"><img loading=\"lazy\" class=\"alignright size-medium wp-image-53318\" src=\"https:\/\/www.enerjigazetesi.ist\/wp-content\/uploads\/2016\/05\/aksadan-ruzgar-ve-gunes-destekli-hibrit-jenerator-300x216.jpg\" alt=\"aksadan-ruzgar-ve-gunes-destekli-hibrit-jenerator\" width=\"300\" height=\"216\" srcset=\"https:\/\/www.enerjigazetesi.ist\/wp-content\/uploads\/2016\/05\/aksadan-ruzgar-ve-gunes-destekli-hibrit-jenerator-300x216.jpg 300w, https:\/\/www.enerjigazetesi.ist\/wp-content\/uploads\/2016\/05\/aksadan-ruzgar-ve-gunes-destekli-hibrit-jenerator-500x360.jpg 500w, https:\/\/www.enerjigazetesi.ist\/wp-content\/uploads\/2016\/05\/aksadan-ruzgar-ve-gunes-destekli-hibrit-jenerator-69x50.jpg 69w, https:\/\/www.enerjigazetesi.ist\/wp-content\/uploads\/2016\/05\/aksadan-ruzgar-ve-gunes-destekli-hibrit-jenerator.jpg 1000w\" sizes=\"(max-width: 300px) 100vw, 300px\" \/><\/a>se\u00e7enekleriyle bireysel al\u0131c\u0131larda karars\u0131zl\u0131klara neden olabiliyor. <strong>Aksa Jenerat\u00f6r CEO\u2019su Alper Peker;<\/strong> jenerat\u00f6r se\u00e7iminde yol g\u00f6sterecek ba\u015fl\u0131ca teknik de\u011ferlerin g\u00f6z \u00f6n\u00fcnde bulundurulmas\u0131n\u0131n ev ve i\u015f yerleri i\u00e7in jenerat\u00f6r sat\u0131n alacaklar\u0131n do\u011fru se\u00e7imi yapmalar\u0131na yard\u0131mc\u0131 olaca\u011f\u0131n\u0131 s\u00f6yl\u00fcyor.<\/p>\n<p><strong>G\u00fc\u00e7 tespiti i\u00e7in \u00f6ncelikleri belirlemek gerekiyor<\/strong><\/p>\n<p>Jenerat\u00f6r\u00fcn kullan\u0131lacak alandaki cihazlar\u0131 aksatmadan \u00e7al\u0131\u015ft\u0131rmas\u0131 ve enerjinin kesintisiz sa\u011flanmas\u0131 i\u00e7in ihtiya\u00e7 duyulan g\u00fcc\u00fcn belirlenmesi gerekiyor. Bir uzman yard\u0131m\u0131yla ayn\u0131 anda \u00e7al\u0131\u015ft\u0131r\u0131lacak cihaz veya makinalar\u0131n de\u011ferlerinin tespit edilmesi jenerat\u00f6rden beklenen verimin al\u0131nmas\u0131 a\u00e7\u0131s\u0131ndan b\u00fcy\u00fck \u00f6nem ta\u015f\u0131yor.<\/p>\n<p>Ki\u015filerin ev veya i\u015f yerlerinde hangi cihazlara enerji sa\u011flanaca\u011f\u0131n\u0131 belirtmesi gerekti\u011fini s\u00f6yleyen<strong>Aksa Jenerat\u00f6r CEO\u2019su Alper Peker;<\/strong> <em>\u201c\u015eebekeden gelen enerji ile ev ve i\u015f yerindeki elektrikli t\u00fcm cihazlar\u0131 \u00e7al\u0131\u015ft\u0131rabilirken, jenerat\u00f6rler motor g\u00fcc\u00fcne ba\u011fl\u0131 olarak s\u0131n\u0131rl\u0131 say\u0131da cihaz\u0131n enerji ihtiyac\u0131n\u0131 kar\u015f\u0131layabilir. Herhangi bir aksakl\u0131k ya\u015famamak i\u00e7in bu cihazlar\u0131n uzman yard\u0131m\u0131yla g\u00fcc\u00fc hesaplanmal\u0131d\u0131r. Aksa Jenerat\u00f6r olarak bizim \u00f6nerimiz jenerat\u00f6r se\u00e7iminin yan\u0131 s\u0131ra jenerat\u00f6r\u00fcn uzun y\u0131llar verimli kullan\u0131m\u0131 i\u00e7in de sat\u0131\u015f sonras\u0131 hizmeti verebilecek g\u00fcvenilir markalar tercih edilmedir\u201d <\/em>dedi.<\/p>\n<p><strong>Geni\u015f kullan\u0131m alan\u0131 i\u00e7in portatif jenerat\u00f6r \u00f6neriyor<\/strong><\/p>\n<p>Ev ve k\u00fc\u00e7\u00fck i\u015fletmelerdeki ko\u015fullara ba\u011fl\u0131 olarak uygunlu\u011funa ve ula\u015f\u0131labilirli\u011fe g\u00f6re benzin, dizel ve do\u011fal gaz yak\u0131tl\u0131 jenerat\u00f6r se\u00e7ene\u011fi kullan\u0131c\u0131lar\u0131n tercihine sunuluyor.<\/p>\n<p>Kullan\u0131m alanlar\u0131na g\u00f6re farkl\u0131 yak\u0131t tipinde jenerat\u00f6r se\u00e7enekleri sunduklar\u0131n\u0131 belirten <strong>Aksa Jenerat\u00f6r CEO\u2019su Alper Peker; <\/strong><em>\u201c\u00d6zellikle konutlar i\u00e7in dizel yak\u0131tl\u0131 portatif Aksa Jenerat\u00f6rleri m\u00fc\u015fterilerimize tavsiye ediyoruz. Kolayl\u0131kla temin edilebilen dizel jenerat\u00f6rler, enerji s\u00fcreklili\u011fi sa\u011flanmas\u0131na yard\u0131mc\u0131 oluyor. Dizel yak\u0131t\u0131n\u0131n parlay\u0131c\u0131 \u00f6zelli\u011finin olmamas\u0131, sabit alanlarda kullan\u0131ma uygun bir tercih. Ayn\u0131 zamanda ev i\u00e7i kullan\u0131m i\u00e7in m\u00fc\u015fterilerin endi\u015fesi jenerat\u00f6r\u00fcn g\u00fcr\u00fclt\u00fc seviyesi. Aksa Portatif Jenerat\u00f6r sessiz olmas\u0131yla kullan\u0131c\u0131lara rahat bir ortam yarat\u0131rken, ta\u015f\u0131nmas\u0131 kolay oldu\u011fundan sadece k\u0131sa elektrik kesintisine kar\u015f\u0131 de\u011fil kamp, piknik gibi etkinliklerde de kullan\u0131c\u0131lara kesintisiz enerji sunuyor\u201d<\/em> dedi.<\/p>","protected":false},"excerpt":{"rendered":"<p>Sorry, this entry is only available in Turkish. For the sake of viewer convenience, the content is shown below in the alternative language. You may click the link to switch the active language.Beklenmedik enerji kesintilerine kar\u015f\u0131 ev ve i\u015f yerlerinde jenerat\u00f6r \u00f6nlemi almak isteyenlerin kar\u015f\u0131la\u015ft\u0131klar\u0131 en \u00f6nemli soru hangi jenerat\u00f6r\u00fc tercih etmeleri gerekti\u011fi. Jenerat\u00f6r\u00fcn etkili [&hellip;]<\/p>\n","protected":false},"author":1,"featured_media":53318,"comment_status":"open","ping_status":"open","sticky":false,"template":"","format":"standard","meta":[],"categories":[51,53],"tags":[12982,28913,63,67,1009,2698,165,33197],"views":1367,"_links":{"self":[{"href":"https:\/\/www.enerjigazetesi.ist\/en\/wp-json\/wp\/v2\/posts\/61866"}],"collection":[{"href":"https:\/\/www.enerjigazetesi.ist\/en\/wp-json\/wp\/v2\/posts"}],"about":[{"href":"https:\/\/www.enerjigazetesi.ist\/en\/wp-json\/wp\/v2\/types\/post"}],"author":[{"embeddable":true,"href":"https:\/\/www.enerjigazetesi.ist\/en\/wp-json\/wp\/v2\/users\/1"}],"replies":[{"embeddable":true,"href":"https:\/\/www.enerjigazetesi.ist\/en\/wp-json\/wp\/v2\/comments?post=61866"}],"version-history":[{"count":1,"href":"https:\/\/www.enerjigazetesi.ist\/en\/wp-json\/wp\/v2\/posts\/61866\/revisions"}],"predecessor-version":[{"id":61867,"href":"https:\/\/www.enerjigazetesi.ist\/en\/wp-json\/wp\/v2\/posts\/61866\/revisions\/61867"}],"wp:featuredmedia":[{"embeddable":true,"href":"https:\/\/www.enerjigazetesi.ist\/en\/wp-json\/wp\/v2\/media\/53318"}],"wp:attachment":[{"href":"https:\/\/www.enerjigazetesi.ist\/en\/wp-json\/wp\/v2\/media?parent=61866"}],"wp:term":[{"taxonomy":"category","embeddable":true,"href":"https:\/\/www.enerjigazetesi.ist\/en\/wp-json\/wp\/v2\/categories?post=61866"},{"taxonomy":"post_tag","embeddable":true,"href":"https:\/\/www.enerjigazetesi.ist\/en\/wp-json\/wp\/v2\/tags?post=61866"}],"curies":[{"name":"wp","href":"https:\/\/api.w.org\/{rel}","templated":true}]}}