{"id":61811,"date":"2017-02-11T19:08:29","date_gmt":"2017-02-11T16:08:29","guid":{"rendered":"https:\/\/www.enerjigazetesi.ist\/?p=61811"},"modified":"2017-02-11T19:09:21","modified_gmt":"2017-02-11T16:09:21","slug":"eren-enerji-ithal-komur-santralleri-kuculmeye-gitti-300-kisi-isten-cikartiliyor","status":"publish","type":"post","link":"https:\/\/www.enerjigazetesi.ist\/en\/eren-enerji-ithal-komur-santralleri-kuculmeye-gitti-300-kisi-isten-cikartiliyor\/","title":{"rendered":"(Turkish) Eren Enerji \u0130thal K\u00f6m\u00fcr Santralleri K\u00fc\u00e7\u00fclmeye Gitti, 300 Ki\u015fi \u0130\u015ften \u00c7\u0131kart\u0131l\u0131yor"},"content":{"rendered":"<p class=\"qtranxs-available-languages-message qtranxs-available-languages-message-en\">Sorry, this entry is only available in <a href=\"https:\/\/www.enerjigazetesi.ist\/tr\/wp-json\/wp\/v2\/posts\/61811\" class=\"qtranxs-available-language-link qtranxs-available-language-link-tr\" title=\"Turkish\">Turkish<\/a>. For the sake of viewer convenience, the content is shown below in the alternative language. You may click the link to switch the active language.<\/p><p><strong><span style=\"color: #0a0a0a;\">\u0130thal k\u00f6m\u00fcr ile \u00fcretim yapan Eren Enerji Elektrik \u00dcretim A.\u015e. k\u00fc\u00e7\u00fclmeye gidiyor. Edinilen \u00a0bilgilere g\u00f6re, Zetes-1 ithal k\u00f6m\u00fcr tesisi artan maliyetler ve d\u00fc\u015f\u00fck elektrik sat\u0131\u015f fiyatlar\u0131 nedeniyle kapat\u0131l\u0131yor. Zetes-1 ile birlikte Zetes-2 ve Zetes-3 k\u00f6m\u00fcr santrallerinden i\u015f\u00e7i \u00e7\u0131kart\u0131laca\u011f\u0131 ve 150+150 toplam 300 ki\u015finin i\u015f akdinin feshedilece\u011fi belirtiliyor.<a href=\"https:\/\/www.enerjigazetesi.ist\/wp-content\/uploads\/2017\/02\/eren-enerji-ithal-komur-santralleri-kuculmeye-gitti-300-kisi-isten-cikartiliyor.jpg\"><img loading=\"lazy\" class=\"alignright  wp-image-61812\" src=\"https:\/\/www.enerjigazetesi.ist\/wp-content\/uploads\/2017\/02\/eren-enerji-ithal-komur-santralleri-kuculmeye-gitti-300-kisi-isten-cikartiliyor-300x156.jpg\" alt=\"eren-enerji-ithal-komur-santralleri-kuculmeye-gitti-300-kisi-isten-cikartiliyor\" width=\"300\" height=\"176\" \/><\/a><\/span><\/strong><\/p>\n<p>\u0130thal k\u00f6m\u00fcrde maliyetler, k\u00fcresel k\u00f6m\u00fcr fiyatlar\u0131na ve d\u00f6viz kuruna g\u00f6re belirlenmektedir. Son aylarda\u00a0hem TL\u2019nin ciddi oranda de\u011fer kaybetmesi hem k\u00fcresel k\u00f6m\u00fcr maliyetlerinin art\u0131\u015f g\u00f6stermesiyle ithal k\u00f6m\u00fcr ile \u00fcretim yapan santrallerin do\u011falgaz ve di\u011fer \u00fcretim kaynaklar\u0131na g\u00f6re avantaj\u0131n\u0131 yitirmeye ba\u015flad\u0131\u011f\u0131 ve karl\u0131l\u0131\u011f\u0131n k\u0131sa vadede kaybedildi\u011fi\u00a0ifade edilmektedir.<\/p>\n<h3 style=\"font-weight: 400; color: #111111;\"><strong>Tesisler Sat\u0131\u015fa \u00c7\u0131kart\u0131ld\u0131<\/strong><\/h3>\n<p style=\"color: #0a0a0a;\">Sekt\u00f6r kaynaklar\u0131ndan al\u0131nan\u00a0bilgiye g\u00f6re ise, Eren Enerji, bir \u00fcnite hari\u00e7 b\u00fct\u00fcn \u00fcniteleri sat\u0131\u015fa \u00e7\u0131kartt\u0131 ve \u00dclker grubu tesislerin sat\u0131n almas\u0131 ile ilgilenmeye ba\u015flad\u0131. Kaynaklara g\u00f6re, santralleri sat\u0131n alacak \u015firket, i\u015f\u00e7i say\u0131s\u0131n\u0131 \u00e7ok buldu ve alma i\u015fleminden \u00f6nce say\u0131n\u0131n azalt\u0131lmas\u0131 talebinde bulundu.<\/p>\n<p><\/p>","protected":false},"excerpt":{"rendered":"<p>Sorry, this entry is only available in Turkish. For the sake of viewer convenience, the content is shown below in the alternative language. You may click the link to switch the active language.\u0130thal k\u00f6m\u00fcr ile \u00fcretim yapan Eren Enerji Elektrik \u00dcretim A.\u015e. k\u00fc\u00e7\u00fclmeye gidiyor. Edinilen \u00a0bilgilere g\u00f6re, Zetes-1 ithal k\u00f6m\u00fcr tesisi artan maliyetler ve d\u00fc\u015f\u00fck [&hellip;]<\/p>\n","protected":false},"author":1,"featured_media":61812,"comment_status":"open","ping_status":"open","sticky":false,"template":"","format":"standard","meta":[],"categories":[53,24649],"tags":[63,67,1009,2698,165,17695,33173,33174,33175,33176,33177,33178],"views":1692,"_links":{"self":[{"href":"https:\/\/www.enerjigazetesi.ist\/en\/wp-json\/wp\/v2\/posts\/61811"}],"collection":[{"href":"https:\/\/www.enerjigazetesi.ist\/en\/wp-json\/wp\/v2\/posts"}],"about":[{"href":"https:\/\/www.enerjigazetesi.ist\/en\/wp-json\/wp\/v2\/types\/post"}],"author":[{"embeddable":true,"href":"https:\/\/www.enerjigazetesi.ist\/en\/wp-json\/wp\/v2\/users\/1"}],"replies":[{"embeddable":true,"href":"https:\/\/www.enerjigazetesi.ist\/en\/wp-json\/wp\/v2\/comments?post=61811"}],"version-history":[{"count":2,"href":"https:\/\/www.enerjigazetesi.ist\/en\/wp-json\/wp\/v2\/posts\/61811\/revisions"}],"predecessor-version":[{"id":61814,"href":"https:\/\/www.enerjigazetesi.ist\/en\/wp-json\/wp\/v2\/posts\/61811\/revisions\/61814"}],"wp:featuredmedia":[{"embeddable":true,"href":"https:\/\/www.enerjigazetesi.ist\/en\/wp-json\/wp\/v2\/media\/61812"}],"wp:attachment":[{"href":"https:\/\/www.enerjigazetesi.ist\/en\/wp-json\/wp\/v2\/media?parent=61811"}],"wp:term":[{"taxonomy":"category","embeddable":true,"href":"https:\/\/www.enerjigazetesi.ist\/en\/wp-json\/wp\/v2\/categories?post=61811"},{"taxonomy":"post_tag","embeddable":true,"href":"https:\/\/www.enerjigazetesi.ist\/en\/wp-json\/wp\/v2\/tags?post=61811"}],"curies":[{"name":"wp","href":"https:\/\/api.w.org\/{rel}","templated":true}]}}