{"id":61714,"date":"2017-02-08T18:57:59","date_gmt":"2017-02-08T15:57:59","guid":{"rendered":"https:\/\/www.enerjigazetesi.ist\/?p=61714"},"modified":"2017-02-08T18:58:42","modified_gmt":"2017-02-08T15:58:42","slug":"desiba-enerjiden-turkiyenin-ilk-col-tipi-teknolojili-gunes-paneli-fabrikasi","status":"publish","type":"post","link":"https:\/\/www.enerjigazetesi.ist\/en\/desiba-enerjiden-turkiyenin-ilk-col-tipi-teknolojili-gunes-paneli-fabrikasi\/","title":{"rendered":"(Turkish) Desiba Enerji&#8217;den T\u00fcrkiye\u2019nin \u0130lk \u00c7\u00f6l Tipi Teknolojili Panel Fabrikas\u0131"},"content":{"rendered":"<p class=\"qtranxs-available-languages-message qtranxs-available-languages-message-en\">Sorry, this entry is only available in <a href=\"https:\/\/www.enerjigazetesi.ist\/tr\/wp-json\/wp\/v2\/posts\/61714\" class=\"qtranxs-available-language-link qtranxs-available-language-link-tr\" title=\"Turkish\">Turkish<\/a>. For the sake of viewer convenience, the content is shown below in the alternative language. You may click the link to switch the active language.<\/p><p><strong>Desiba Enerji, Alman orta\u011f\u0131 J.v.G Thoma ile birlikte T\u00fcrkiye\u2019nin Alman teknolojisi ile \u00fcretilen ilk \u00e7\u00f6l tipi teknolojili g\u00fcne\u015f paneli fabrikas\u0131n\u0131 hayata ge\u00e7iriyor. 30 milyon Euro\u2019luk yat\u0131r\u0131mla Jurawatt markas\u0131 alt\u0131nda Mersin\u2019de kurulacak g\u00fcne\u015f paneli fabrikas\u0131n\u0131n, T\u00fcrkiye ekonomisine \u00fcretim, istihdam ve ihracat anlam\u0131nda katk\u0131da bulunulmas\u0131 hedefleniyor. Ger\u00e7ekle\u015ftirilen \u00fcretim ile yurtd\u0131\u015f\u0131ndan yap\u0131lan panel ithalat\u0131 azalacak, T\u00fcrkiye\u2019nin yenilenebilir enerji sekt\u00f6r\u00fcndeki pay\u0131 artacak.<\/strong><\/p>\n<p>Desiba Enerji ve Alman orta\u011f\u0131 J.v.G Thoma taraf\u0131ndan \u00fclkemizi enerji liginde \u00fcst s\u0131ralara ta\u015f\u0131mak ve s\u00fcrd\u00fcr\u00fclebilir enerjiye eri\u015fimi kolayla\u015ft\u0131rmak hedefiyl<a href=\"https:\/\/www.enerjigazetesi.ist\/wp-content\/uploads\/2017\/02\/desiba-enerjiden-turkiyenin-ilk-col-tipi-teknolojili-gunes-paneli-fabrikasi.jpg\"><img loading=\"lazy\" class=\"alignleft size-medium wp-image-61715\" src=\"https:\/\/www.enerjigazetesi.ist\/wp-content\/uploads\/2017\/02\/desiba-enerjiden-turkiyenin-ilk-col-tipi-teknolojili-gunes-paneli-fabrikasi-300x225.jpg\" alt=\"desiba-enerjiden-turkiyenin-ilk-col-tipi-teknolojili-gunes-paneli-fabrikasi\" width=\"300\" height=\"225\" srcset=\"https:\/\/www.enerjigazetesi.ist\/wp-content\/uploads\/2017\/02\/desiba-enerjiden-turkiyenin-ilk-col-tipi-teknolojili-gunes-paneli-fabrikasi-300x225.jpg 300w, https:\/\/www.enerjigazetesi.ist\/wp-content\/uploads\/2017\/02\/desiba-enerjiden-turkiyenin-ilk-col-tipi-teknolojili-gunes-paneli-fabrikasi-1024x768.jpg 1024w, https:\/\/www.enerjigazetesi.ist\/wp-content\/uploads\/2017\/02\/desiba-enerjiden-turkiyenin-ilk-col-tipi-teknolojili-gunes-paneli-fabrikasi-500x375.jpg 500w, https:\/\/www.enerjigazetesi.ist\/wp-content\/uploads\/2017\/02\/desiba-enerjiden-turkiyenin-ilk-col-tipi-teknolojili-gunes-paneli-fabrikasi-66x50.jpg 66w, https:\/\/www.enerjigazetesi.ist\/wp-content\/uploads\/2017\/02\/desiba-enerjiden-turkiyenin-ilk-col-tipi-teknolojili-gunes-paneli-fabrikasi.jpg 1200w\" sizes=\"(max-width: 300px) 100vw, 300px\" \/><\/a>e \u00fcretime Nisan ay\u0131 itibariyle ba\u015flayacak Jurawatt i\u00e7in ger\u00e7ekle\u015ftirilen bas\u0131n toplant\u0131s\u0131nda konu\u015fan <strong>Desiba Enerji Y\u00f6netim Kurulu Ba\u015fkan Yard\u0131mc\u0131s\u0131 Mustafa \u00dclkan Delikan<\/strong>, yat\u0131r\u0131m sayesinde \u00fclkemizin en b\u00fcy\u00fck yerli panel \u00fcreticilerinden biri olacaklar\u0131n\u0131 belirtti.<\/p>\n<p>Delikan, \u201cDevletimizin adeta ekonomik bir seferberlik ilan etti\u011fi bu g\u00fcnlerde, T\u00fcrkiye\u2019ye yat\u0131r\u0131m yap\u0131yor olmaktan b\u00fcy\u00fck gurur duyuyoruz. D\u00fcnya enerji piyasas\u0131 bir d\u00f6n\u00fcm noktas\u0131nda bulunuyor. S\u00fcrd\u00fcr\u00fclebilir enerjiye eri\u015fim, \u015f\u00fcphesiz \u00e7a\u011f\u0131m\u0131z\u0131n en \u00f6nemli konular\u0131ndan birisi. K\u00fcresel enerji talebinin 2040 y\u0131l\u0131na kadar \u00fc\u00e7te bir oran\u0131nda artaca\u011f\u0131 \u00f6ng\u00f6r\u00fcl\u00fcyor, yenilenebilir enerji kaynaklar\u0131n\u0131n, elektrik enerjisi \u00fcretimindeki pay\u0131 da g\u00fcn ge\u00e7tik\u00e7e art\u0131yor. Yenilenebilir enerji sekt\u00f6r\u00fcnde T\u00fcrkiye\u2019nin de \u00f6nemli bir oyuncu olmas\u0131 ve bu alandaki rekabet g\u00fcc\u00fcn\u00fc art\u0131rmas\u0131, yenilenebilir enerji \u00e7a\u011f\u0131n\u0131n gerisinde kalmamas\u0131 son derece \u00f6nemli.\u201d dedi.<\/p>\n<p><strong>\u201cD\u00fcnyaya g\u00fcne\u015f enerjisi paneli ihracat\u0131 ger\u00e7ekle\u015ftirmeyi hedefliyoruz\u201d<\/strong><\/p>\n<p>G\u00fcne\u015f enerjisi sekt\u00f6r\u00fcn\u00fc, gelecekte t\u00fcm enerji sistemini d\u00f6n\u00fc\u015ft\u00fcrecek, yepyeni \u00fcr\u00fcn ve hizmetlerin yarat\u0131laca\u011f\u0131 bir zemin olarak konumland\u0131rmak gerekti\u011fini belirten Delikan, \u201cAlman orta\u011f\u0131m\u0131z J.v.G Thoma ile Jurowatt markas\u0131 ad\u0131 alt\u0131nda Mersin\u2019de g\u00fcne\u015f santralleri i\u00e7in panel \u00fcretimi yapacak fabrikam\u0131z\u0131, 30 milyon dolarl\u0131k yat\u0131r\u0131mla hayata ge\u00e7iriyoruz. 5 bin 900 metrekaresi kapal\u0131 olmak \u00fczere toplam 43 bin metrekarelik alanda kurulu, Nisan ay\u0131nda faaliyetlerine ba\u015flayacak fabrikam\u0131z\u0131n sa\u011flad\u0131\u011f\u0131 katma de\u011ferle \u00fclkemiz ihracat\u0131na destek vermesini ve ba\u015fta yak\u0131n co\u011frafya \u00fclkeleri olmak \u00fczere t\u00fcm d\u00fcnyaya ihracat ger\u00e7ekle\u015ftirmeyi hedefliyoruz. 400 ki\u015filik istihdam yaratacak yat\u0131r\u0131m\u0131m\u0131z\u0131n y\u0131ll\u0131k \u00fcretim kapasitesi 400 megavatl\u0131k panel \u00fcretimini kar\u015f\u0131layabilir d\u00fczeyde olacak. 2017 y\u0131l\u0131 \u00fcretim hedefimiz ise 200 megavat\u201d \u015feklinde konu\u015ftu.<\/p>\n<p><strong>\u201cAlman teknolojisi ile geleneksel panellere g\u00f6re y\u00fczde 30 daha verimli\u201d<\/strong><\/p>\n<p>\u00dclkemizdeki g\u00fcne\u015f panellerin genellikle \u00c7in teknolojisi ile \u00fcretildi\u011fini, bu yat\u0131r\u0131m\u0131n ise Alman teknolojisi sayesinde sekt\u00f6rde b\u00fcy\u00fck bir fark yarataca\u011f\u0131n\u0131 belirten Delikan, \u201c\u00c7\u00f6l tipi teknolojisi olarak adland\u0131r\u0131lan teknolojimiz sayesinde, 125 santigrat dereceye kadar \u00fcretim imkan\u0131 sundu\u011fu i\u00e7in 90 derecede devrelerini otomatik olarak kapatan geleneksel panellere g\u00f6re en az y\u00fczde 30 daha verimli ve uzun \u00f6m\u00fcrl\u00fc paneller \u00fcretece\u011fiz.\u201d dedi.<\/p>\n<p><strong>J.v.G Thoma Y\u00f6netim Kurulu Ba\u015fkan\u0131 Hans Thoma: \u201cT\u00fcrkiye, g\u00fcne\u015f enerjisi sekt\u00f6r\u00fc i\u00e7in \u00e7ok do\u011fru bir yat\u0131r\u0131m merkezi\u201d<\/strong><\/p>\n<p>Bas\u0131n toplant\u0131s\u0131nda T\u00fcrkiye\u2019ye ve Desiba markas\u0131na duyduklar\u0131 g\u00fcvenden bahseden <strong>J.v.G Thoma Y\u00f6netim Kurulu Ba\u015fkan\u0131 Hans Thoma<\/strong> ise, \u201c20 y\u0131l \u00f6nce Almanya\u2019da kurdu\u011fumuz global solar panel \u00fcretim markas\u0131 olan J.v.G Thoma ile 6 farkl\u0131 \u00fclkede yat\u0131r\u0131mlar\u0131m\u0131za devam ediyoruz. Desiba ortakl\u0131\u011f\u0131nda Jurawatt markas\u0131 ile T\u00fcrkiye\u2019ye gelmekten mutluluk duyuyoruz. T\u00fcrkiye\u2019nin g\u00fcne\u015f enerjisi sekt\u00f6r\u00fc i\u00e7in \u00e7ok do\u011fru bir yat\u0131r\u0131m merkezi oldu\u011funu ve b\u00fcy\u00fck bir cazibesi oldu\u011funu d\u00fc\u015f\u00fcn\u00fcyorum. J.v.G Thoma markam\u0131z\u0131n g\u00fcne\u015f paneli \u00fcretimindeki deneyimi ve Desiba\u2019n\u0131n g\u00fcc\u00fc ile T\u00fcrkiye\u2019de \u00e7ok ba\u015far\u0131l\u0131 bir i\u015f \u00e7\u0131kartaca\u011f\u0131m\u0131za inan\u0131yoruz.\u201d dedi.<\/p>","protected":false},"excerpt":{"rendered":"<p>Sorry, this entry is only available in Turkish. For the sake of viewer convenience, the content is shown below in the alternative language. You may click the link to switch the active language.Desiba Enerji, Alman orta\u011f\u0131 J.v.G Thoma ile birlikte T\u00fcrkiye\u2019nin Alman teknolojisi ile \u00fcretilen ilk \u00e7\u00f6l tipi teknolojili g\u00fcne\u015f paneli fabrikas\u0131n\u0131 hayata ge\u00e7iriyor. 30 [&hellip;]<\/p>\n","protected":false},"author":1,"featured_media":61715,"comment_status":"open","ping_status":"open","sticky":false,"template":"","format":"standard","meta":[],"categories":[53,49],"tags":[33112,63,67,1009,2698,165,227,13,11263,23133,142,8256,22975,4269,33115,33113,33114],"views":2570,"_links":{"self":[{"href":"https:\/\/www.enerjigazetesi.ist\/en\/wp-json\/wp\/v2\/posts\/61714"}],"collection":[{"href":"https:\/\/www.enerjigazetesi.ist\/en\/wp-json\/wp\/v2\/posts"}],"about":[{"href":"https:\/\/www.enerjigazetesi.ist\/en\/wp-json\/wp\/v2\/types\/post"}],"author":[{"embeddable":true,"href":"https:\/\/www.enerjigazetesi.ist\/en\/wp-json\/wp\/v2\/users\/1"}],"replies":[{"embeddable":true,"href":"https:\/\/www.enerjigazetesi.ist\/en\/wp-json\/wp\/v2\/comments?post=61714"}],"version-history":[{"count":2,"href":"https:\/\/www.enerjigazetesi.ist\/en\/wp-json\/wp\/v2\/posts\/61714\/revisions"}],"predecessor-version":[{"id":61717,"href":"https:\/\/www.enerjigazetesi.ist\/en\/wp-json\/wp\/v2\/posts\/61714\/revisions\/61717"}],"wp:featuredmedia":[{"embeddable":true,"href":"https:\/\/www.enerjigazetesi.ist\/en\/wp-json\/wp\/v2\/media\/61715"}],"wp:attachment":[{"href":"https:\/\/www.enerjigazetesi.ist\/en\/wp-json\/wp\/v2\/media?parent=61714"}],"wp:term":[{"taxonomy":"category","embeddable":true,"href":"https:\/\/www.enerjigazetesi.ist\/en\/wp-json\/wp\/v2\/categories?post=61714"},{"taxonomy":"post_tag","embeddable":true,"href":"https:\/\/www.enerjigazetesi.ist\/en\/wp-json\/wp\/v2\/tags?post=61714"}],"curies":[{"name":"wp","href":"https:\/\/api.w.org\/{rel}","templated":true}]}}