{"id":61640,"date":"2017-02-05T21:11:08","date_gmt":"2017-02-05T18:11:08","guid":{"rendered":"https:\/\/www.enerjigazetesi.ist\/?p=61640"},"modified":"2017-02-05T21:12:04","modified_gmt":"2017-02-05T18:12:04","slug":"erzincan-copten-enerjisini-uretecek","status":"publish","type":"post","link":"https:\/\/www.enerjigazetesi.ist\/en\/erzincan-copten-enerjisini-uretecek\/","title":{"rendered":"(Turkish) Erzincan \u00c7\u00f6pten Enerjisini \u00dcretecek"},"content":{"rendered":"<p class=\"qtranxs-available-languages-message qtranxs-available-languages-message-en\">Sorry, this entry is only available in <a href=\"https:\/\/www.enerjigazetesi.ist\/tr\/wp-json\/wp\/v2\/posts\/61640\" class=\"qtranxs-available-language-link qtranxs-available-language-link-tr\" title=\"Turkish\">Turkish<\/a>. For the sake of viewer convenience, the content is shown below in the alternative language. You may click the link to switch the active language.<\/p><p><strong>Erzincan Belediye Ba\u015fkanl\u0131\u011f\u0131 taraf\u0131ndan kat\u0131 at\u0131k tesisinde olu\u015fan \u00e7\u00f6p gaz\u0131 (LFG) ile enerji \u00fcretiminin yap\u0131lmas\u0131 ve y\u00fcklenicili\u011finin kiraya verilmesi i\u015fi i\u00e7in ihale a\u00e7\u0131ld\u0131\u011f\u0131 duyuruldu. \u0130hale ilan\u0131 Resmi Gazete\u2019nin ilgili say\u0131s\u0131nda yay\u0131mland\u0131<a href=\"https:\/\/www.enerjigazetesi.ist\/wp-content\/uploads\/2017\/02\/erzincan-copten-enerjisini-uretecek.jpg\"><img loading=\"lazy\" class=\"alignleft size-full wp-image-61641\" src=\"https:\/\/www.enerjigazetesi.ist\/wp-content\/uploads\/2017\/02\/erzincan-copten-enerjisini-uretecek.jpg\" alt=\"erzincan-copten-enerjisini-uretecek\" width=\"300\" height=\"200\" srcset=\"https:\/\/www.enerjigazetesi.ist\/wp-content\/uploads\/2017\/02\/erzincan-copten-enerjisini-uretecek.jpg 300w, https:\/\/www.enerjigazetesi.ist\/wp-content\/uploads\/2017\/02\/erzincan-copten-enerjisini-uretecek-75x50.jpg 75w\" sizes=\"(max-width: 300px) 100vw, 300px\" \/><\/a>.<\/strong><\/p>\n<p>Erzincan Merkez il\u00e7esi \u00c7a\u011flayan yolu \u00fczeri Beyba\u011f\u0131 mahallesinde 367 ada 18 parsel ta\u015f\u0131nmaz mal \u00fczerinde bulunan 6 bin 500 metrekarelik alan \u00fczerine enerji \u00fcretim tesisi kurulumu yap\u0131lacak. Bu kapsamda 367 ada 19-20 parsellerde bulunan 178 bin 832 metrekarelik \u00e7\u00f6p depolama lotlar\u0131n\u0131n kullan\u0131laca\u011f\u0131 belirtildi. S\u00f6z konusu \u00e7\u00f6p sahas\u0131n\u0131n \u00fczerinin kapat\u0131lmas\u0131, gerekli peyzajlar\u0131n ve d\u00fczenlemelerin yap\u0131lmas\u0131 sonras\u0131nda ise kurulacak tesisin her t\u00fcrl\u00fc idari, teknik i\u015finin yap\u0131lmas\u0131 \u015fart\u0131 ile 15 y\u0131l s\u00fcre ile gayri ayni hak tesis edilmek \u00fczere kiralanaca\u011f\u0131 bilgisi de verildi.<\/p>\n<p>Bu\u00a0ihale <strong>28 \u015eubat 2017<\/strong> Sal\u0131 g\u00fcn\u00fc saat <strong>10.30\u2019da<\/strong> Belediye Enc\u00fcmen Salonunda ger\u00e7ekle\u015ftirilecektir.<\/p>\n<p>Haberin <a href=\"http:\/\/www.enerjigunlugu.net\/icerik\/21654\/erzincanda-copten-enerji-uretilecek.html#.WJdsC_CLRdg\" target=\"_blank\" rel=\"nofollow\">Devam\u0131 \u0130\u00e7in TIKLAYINIZ&gt;&gt;&gt;<\/a><\/p>\n<p>Kaynak: Enerji G\u00fcnl\u00fc\u011f\u00fc<\/p>","protected":false},"excerpt":{"rendered":"<p>Sorry, this entry is only available in Turkish. For the sake of viewer convenience, the content is shown below in the alternative language. You may click the link to switch the active language.Erzincan Belediye Ba\u015fkanl\u0131\u011f\u0131 taraf\u0131ndan kat\u0131 at\u0131k tesisinde olu\u015fan \u00e7\u00f6p gaz\u0131 (LFG) ile enerji \u00fcretiminin yap\u0131lmas\u0131 ve y\u00fcklenicili\u011finin kiraya verilmesi i\u015fi i\u00e7in ihale a\u00e7\u0131ld\u0131\u011f\u0131 [&hellip;]<\/p>\n","protected":false},"author":1,"featured_media":61641,"comment_status":"open","ping_status":"open","sticky":false,"template":"","format":"standard","meta":[],"categories":[22893,51,53],"tags":[33065,2880,2860,63,67,1009,2698,165,33068,8131,2054,33066,33067],"views":1229,"_links":{"self":[{"href":"https:\/\/www.enerjigazetesi.ist\/en\/wp-json\/wp\/v2\/posts\/61640"}],"collection":[{"href":"https:\/\/www.enerjigazetesi.ist\/en\/wp-json\/wp\/v2\/posts"}],"about":[{"href":"https:\/\/www.enerjigazetesi.ist\/en\/wp-json\/wp\/v2\/types\/post"}],"author":[{"embeddable":true,"href":"https:\/\/www.enerjigazetesi.ist\/en\/wp-json\/wp\/v2\/users\/1"}],"replies":[{"embeddable":true,"href":"https:\/\/www.enerjigazetesi.ist\/en\/wp-json\/wp\/v2\/comments?post=61640"}],"version-history":[{"count":1,"href":"https:\/\/www.enerjigazetesi.ist\/en\/wp-json\/wp\/v2\/posts\/61640\/revisions"}],"predecessor-version":[{"id":61642,"href":"https:\/\/www.enerjigazetesi.ist\/en\/wp-json\/wp\/v2\/posts\/61640\/revisions\/61642"}],"wp:featuredmedia":[{"embeddable":true,"href":"https:\/\/www.enerjigazetesi.ist\/en\/wp-json\/wp\/v2\/media\/61641"}],"wp:attachment":[{"href":"https:\/\/www.enerjigazetesi.ist\/en\/wp-json\/wp\/v2\/media?parent=61640"}],"wp:term":[{"taxonomy":"category","embeddable":true,"href":"https:\/\/www.enerjigazetesi.ist\/en\/wp-json\/wp\/v2\/categories?post=61640"},{"taxonomy":"post_tag","embeddable":true,"href":"https:\/\/www.enerjigazetesi.ist\/en\/wp-json\/wp\/v2\/tags?post=61640"}],"curies":[{"name":"wp","href":"https:\/\/api.w.org\/{rel}","templated":true}]}}