{"id":61617,"date":"2017-02-04T19:05:24","date_gmt":"2017-02-04T16:05:24","guid":{"rendered":"https:\/\/www.enerjigazetesi.ist\/?p=61617"},"modified":"2017-02-04T19:05:48","modified_gmt":"2017-02-04T16:05:48","slug":"teias-genel-mudurlugune-abdullah-atalay-atandi","status":"publish","type":"post","link":"https:\/\/www.enerjigazetesi.ist\/en\/teias-genel-mudurlugune-abdullah-atalay-atandi\/","title":{"rendered":"(Turkish) TE\u0130A\u015e Genel M\u00fcd\u00fcrl\u00fc\u011f\u00fc\u2019ne Abdullah Atalay Atand\u0131"},"content":{"rendered":"<p class=\"qtranxs-available-languages-message qtranxs-available-languages-message-en\">Sorry, this entry is only available in <a href=\"https:\/\/www.enerjigazetesi.ist\/tr\/wp-json\/wp\/v2\/posts\/61617\" class=\"qtranxs-available-language-link qtranxs-available-language-link-tr\" title=\"Turkish\">Turkish<\/a>. For the sake of viewer convenience, the content is shown below in the alternative language. You may click the link to switch the active language.<\/p><p><\/p>\n<p style=\"color: #0a0a0a;\">TEDA\u015e\u2019a ba\u011fl\u0131 olarak faaliyet g\u00f6steren Bo\u011fazi\u00e7i Elektrik Da\u011f\u0131t\u0131m A\u015e, (BEDA\u015e) \u00f6zelle\u015ftirme ihalesi sonucunda Cengiz Holding, Limak Holding ve Kolin \u0130n\u015fa<a href=\"https:\/\/www.enerjigazetesi.ist\/wp-content\/uploads\/2017\/02\/teias-genel-mudurlugune-abdullah-atalay-atandi.jpg\"><img loading=\"lazy\" class=\"alignleft size-medium wp-image-61618\" src=\"https:\/\/www.enerjigazetesi.ist\/wp-content\/uploads\/2017\/02\/teias-genel-mudurlugune-abdullah-atalay-atandi-300x188.jpg\" alt=\"teias-genel-mudurlugune-abdullah-atalay-atandi\" width=\"300\" height=\"188\" srcset=\"https:\/\/www.enerjigazetesi.ist\/wp-content\/uploads\/2017\/02\/teias-genel-mudurlugune-abdullah-atalay-atandi-300x188.jpg 300w, https:\/\/www.enerjigazetesi.ist\/wp-content\/uploads\/2017\/02\/teias-genel-mudurlugune-abdullah-atalay-atandi-500x314.jpg 500w, https:\/\/www.enerjigazetesi.ist\/wp-content\/uploads\/2017\/02\/teias-genel-mudurlugune-abdullah-atalay-atandi-80x50.jpg 80w, https:\/\/www.enerjigazetesi.ist\/wp-content\/uploads\/2017\/02\/teias-genel-mudurlugune-abdullah-atalay-atandi.jpg 600w\" sizes=\"(max-width: 300px) 100vw, 300px\" \/><\/a>at ortakl\u0131\u011f\u0131 taraf\u0131ndan i\u015fletilmeye ba\u015flay\u0131ncaya kadar BEDA\u015e Genel M\u00fcd\u00fcrl\u00fc\u011f\u00fc g\u00f6revini y\u00fcr\u00fcten Abdullah Atalay, TE\u0130A\u015e T\u00fcrkiye Elektrik \u0130letim A\u015e Genel M\u00fcd\u00fcrl\u00fc\u011f\u00fc g\u00f6revine getirildi. Atalay,\u00a0CLK Holding Genel Koordinat\u00f6r\u00fc ve ELDER Y\u00f6netim Kurulu \u00dcyesiydi.<span id=\"more-88252\"><\/span><\/p>\n<h3 style=\"font-weight: 400; color: #111111;\"><strong>Abdullah Atalay Kimdir?<\/strong><\/h3>\n<p style=\"color: #0a0a0a;\">YT\u00dc Elektrik M\u00fchendisi b\u00f6l\u00fcm\u00fc mezunu olan Atalay, 1991 y\u0131l\u0131nda T\u00fcrkiye Elektrik Kurumu\u2019nda m\u00fchendis olarak i\u015fe girdi.\u00a0Mardin, Van, A\u011fr\u0131 \u0130llerinde; m\u00fchendis, ba\u015fm\u00fchendis, \u015fube m\u00fcd\u00fcr\u00fc ve il m\u00fcd\u00fcrl\u00fc\u011f\u00fc g\u00f6revleriyle kariyerini s\u00fcrd\u00fcrd\u00fc. Atalay, TEDA\u015e Genel M\u00fcd\u00fcr Yard\u0131mc\u0131l\u0131\u011f\u0131 g\u00f6revide yapm\u0131\u015ft\u0131r.<\/p>\n<p><\/p>","protected":false},"excerpt":{"rendered":"<p>Sorry, this entry is only available in Turkish. For the sake of viewer convenience, the content is shown below in the alternative language. You may click the link to switch the active language. TEDA\u015e\u2019a ba\u011fl\u0131 olarak faaliyet g\u00f6steren Bo\u011fazi\u00e7i Elektrik Da\u011f\u0131t\u0131m A\u015e, (BEDA\u015e) \u00f6zelle\u015ftirme ihalesi sonucunda Cengiz Holding, Limak Holding ve Kolin \u0130n\u015faat ortakl\u0131\u011f\u0131 taraf\u0131ndan [&hellip;]<\/p>\n","protected":false},"author":1,"featured_media":61618,"comment_status":"open","ping_status":"open","sticky":false,"template":"","format":"standard","meta":[],"categories":[51,53],"tags":[13928,68,61,19638,1451,2873,63,67,1009,2698,165,4782,1582],"views":2383,"_links":{"self":[{"href":"https:\/\/www.enerjigazetesi.ist\/en\/wp-json\/wp\/v2\/posts\/61617"}],"collection":[{"href":"https:\/\/www.enerjigazetesi.ist\/en\/wp-json\/wp\/v2\/posts"}],"about":[{"href":"https:\/\/www.enerjigazetesi.ist\/en\/wp-json\/wp\/v2\/types\/post"}],"author":[{"embeddable":true,"href":"https:\/\/www.enerjigazetesi.ist\/en\/wp-json\/wp\/v2\/users\/1"}],"replies":[{"embeddable":true,"href":"https:\/\/www.enerjigazetesi.ist\/en\/wp-json\/wp\/v2\/comments?post=61617"}],"version-history":[{"count":2,"href":"https:\/\/www.enerjigazetesi.ist\/en\/wp-json\/wp\/v2\/posts\/61617\/revisions"}],"predecessor-version":[{"id":61620,"href":"https:\/\/www.enerjigazetesi.ist\/en\/wp-json\/wp\/v2\/posts\/61617\/revisions\/61620"}],"wp:featuredmedia":[{"embeddable":true,"href":"https:\/\/www.enerjigazetesi.ist\/en\/wp-json\/wp\/v2\/media\/61618"}],"wp:attachment":[{"href":"https:\/\/www.enerjigazetesi.ist\/en\/wp-json\/wp\/v2\/media?parent=61617"}],"wp:term":[{"taxonomy":"category","embeddable":true,"href":"https:\/\/www.enerjigazetesi.ist\/en\/wp-json\/wp\/v2\/categories?post=61617"},{"taxonomy":"post_tag","embeddable":true,"href":"https:\/\/www.enerjigazetesi.ist\/en\/wp-json\/wp\/v2\/tags?post=61617"}],"curies":[{"name":"wp","href":"https:\/\/api.w.org\/{rel}","templated":true}]}}