{"id":61455,"date":"2017-01-30T14:45:31","date_gmt":"2017-01-30T11:45:31","guid":{"rendered":"https:\/\/www.enerjigazetesi.ist\/?p=61455"},"modified":"2017-01-30T14:46:15","modified_gmt":"2017-01-30T11:46:15","slug":"akenerji-kapasite-artirimi-gerceklestirdi","status":"publish","type":"post","link":"https:\/\/www.enerjigazetesi.ist\/en\/akenerji-kapasite-artirimi-gerceklestirdi\/","title":{"rendered":"(Turkish) Akenerji Kapasite Art\u0131r\u0131m\u0131 Ger\u00e7ekle\u015ftirdi"},"content":{"rendered":"<p class=\"qtranxs-available-languages-message qtranxs-available-languages-message-en\">Sorry, this entry is only available in <a href=\"https:\/\/www.enerjigazetesi.ist\/tr\/wp-json\/wp\/v2\/posts\/61455\" class=\"qtranxs-available-language-link qtranxs-available-language-link-tr\" title=\"Turkish\">Turkish<\/a>. For the sake of viewer convenience, the content is shown below in the alternative language. You may click the link to switch the active language.<\/p><p><strong>Enerji sekt\u00f6r\u00fcndeki 25 y\u0131l\u0131 a\u015fk\u0131n deneyimi ile enerji \u00fcretim ve ticaretinde T\u00fcrkiye\u2019nin en k\u00f6kl\u00fc \u015firketleri aras\u0131nda yer alan Akenerji taraf\u0131ndan 2009\u2019da faaliyete ge\u00e7en Band\u0131rma\u2019da kurulu Ayy\u0131ld\u0131z R\u00fczgar Santrali\u2019ndeki kapasite art\u0131r\u0131m s\u00fcreci tamamland\u0131.<\/strong><\/p>\n<p>Bu kapasite art\u0131r\u0131m\u0131 ile, Ayy\u0131ld\u0131z R\u00fczgar Santrali\u2019nde varolan 5 \u00fcnitede (trib\u00fcnde) 15 MW olan toplam kurulu g\u00fc\u00e7, yeni eklenen 4 <a href=\"https:\/\/www.enerjigazetesi.ist\/wp-content\/uploads\/2017\/01\/akenerji-kapasite-artirimi-gerceklestiriyor.jpg\"><img loading=\"lazy\" class=\"alignright size-medium wp-image-61456\" src=\"https:\/\/www.enerjigazetesi.ist\/wp-content\/uploads\/2017\/01\/akenerji-kapasite-artirimi-gerceklestiriyor-300x200.jpg\" alt=\"akenerji-kapasite-artirimi-gerceklestiriyor\" width=\"300\" height=\"200\" srcset=\"https:\/\/www.enerjigazetesi.ist\/wp-content\/uploads\/2017\/01\/akenerji-kapasite-artirimi-gerceklestiriyor-300x200.jpg 300w, https:\/\/www.enerjigazetesi.ist\/wp-content\/uploads\/2017\/01\/akenerji-kapasite-artirimi-gerceklestiriyor-500x333.jpg 500w, https:\/\/www.enerjigazetesi.ist\/wp-content\/uploads\/2017\/01\/akenerji-kapasite-artirimi-gerceklestiriyor-74x50.jpg 74w, https:\/\/www.enerjigazetesi.ist\/wp-content\/uploads\/2017\/01\/akenerji-kapasite-artirimi-gerceklestiriyor.jpg 700w\" sizes=\"(max-width: 300px) 100vw, 300px\" \/><\/a>yeni \u00fcniteyle (trib\u00fcnle) birlikte 28.2 MW\u2019a y\u00fckseltildi.<\/p>\n<p>Santralde Ge\u00e7ici Kabul i\u015flemleri de T.C. Enerji ve Tabii Kaynaklar Bakanl\u0131\u011f\u0131 taraf\u0131ndan yap\u0131ld\u0131 ve \u00a0ticari operasyona ba\u015fland\u0131.<\/p>\n<p>Akenerji olarak, enerji piyasas\u0131nda ataca\u011f\u0131m\u0131z ad\u0131mlarla, \u201cT\u00fcrkiye\u2019nin enerjisini artt\u0131rmaya\u201d ve \u201c\u00f6nc\u00fc rol\u00fcm\u00fcz\u00fc\u201d korumaya devam edece\u011fiz.<\/p>\n<p><strong>Akenerji Hakk\u0131nda:<\/strong><\/p>\n<p>1211 MW kurulu g\u00fcc\u00fc ve elektrik \u00fcretiminde 25 y\u0131l\u0131 a\u015fk\u0131n deneyimiyle enerji sekt\u00f6r\u00fcn\u00fcn \u00f6nc\u00fcleri aras\u0131nda yer alan Akenerji, T\u00fcrkiye\u2019nin en k\u00f6kl\u00fc gruplar\u0131ndan Akk\u00f6k Holding ve \u00c7ek enerji grubu CEZ Group ortakl\u0131\u011f\u0131d\u0131r. Y\u00fczde 25 hissesi halka a\u00e7\u0131k olan \u015firket, 2010 y\u0131l\u0131nda arka arkaya devreye ald\u0131\u011f\u0131 Akocak, Bur\u00e7, Bulam, Feke II ve Uluabat hidroelektrik santral projelerinden sonra, Yukar\u0131 Seyhan Havzas\u0131\u2019nda G\u00f6kkaya Baraj\u0131 ve HES, Himmetli Reg\u00fclat\u00f6r\u00fc ve HES, Feke I Reg\u00fclat\u00f6r\u00fc ve HES projelerinin yap\u0131m\u0131n\u0131 da 2012 y\u0131l\u0131 itibar\u0131yla tamamlam\u0131\u015ft\u0131r. \u015eirket; 7 hidroelektrik, 1 r\u00fczgar ve 1 do\u011fal gaz santrali ile T\u00fcrkiye enerji ihtiyac\u0131n\u0131n %3,2\u2019sini kar\u015f\u0131lama kapasitesine sahiptir.<\/p>","protected":false},"excerpt":{"rendered":"<p>Sorry, this entry is only available in Turkish. For the sake of viewer convenience, the content is shown below in the alternative language. You may click the link to switch the active language.Enerji sekt\u00f6r\u00fcndeki 25 y\u0131l\u0131 a\u015fk\u0131n deneyimi ile enerji \u00fcretim ve ticaretinde T\u00fcrkiye\u2019nin en k\u00f6kl\u00fc \u015firketleri aras\u0131nda yer alan Akenerji taraf\u0131ndan 2009\u2019da faaliyete ge\u00e7en [&hellip;]<\/p>\n","protected":false},"author":1,"featured_media":61456,"comment_status":"open","ping_status":"open","sticky":false,"template":"","format":"standard","meta":[],"categories":[53,50],"tags":[3762,63,67,1009,2698,165,29819,474,69,16,231,23318,22615,4784],"views":935,"_links":{"self":[{"href":"https:\/\/www.enerjigazetesi.ist\/en\/wp-json\/wp\/v2\/posts\/61455"}],"collection":[{"href":"https:\/\/www.enerjigazetesi.ist\/en\/wp-json\/wp\/v2\/posts"}],"about":[{"href":"https:\/\/www.enerjigazetesi.ist\/en\/wp-json\/wp\/v2\/types\/post"}],"author":[{"embeddable":true,"href":"https:\/\/www.enerjigazetesi.ist\/en\/wp-json\/wp\/v2\/users\/1"}],"replies":[{"embeddable":true,"href":"https:\/\/www.enerjigazetesi.ist\/en\/wp-json\/wp\/v2\/comments?post=61455"}],"version-history":[{"count":2,"href":"https:\/\/www.enerjigazetesi.ist\/en\/wp-json\/wp\/v2\/posts\/61455\/revisions"}],"predecessor-version":[{"id":61458,"href":"https:\/\/www.enerjigazetesi.ist\/en\/wp-json\/wp\/v2\/posts\/61455\/revisions\/61458"}],"wp:featuredmedia":[{"embeddable":true,"href":"https:\/\/www.enerjigazetesi.ist\/en\/wp-json\/wp\/v2\/media\/61456"}],"wp:attachment":[{"href":"https:\/\/www.enerjigazetesi.ist\/en\/wp-json\/wp\/v2\/media?parent=61455"}],"wp:term":[{"taxonomy":"category","embeddable":true,"href":"https:\/\/www.enerjigazetesi.ist\/en\/wp-json\/wp\/v2\/categories?post=61455"},{"taxonomy":"post_tag","embeddable":true,"href":"https:\/\/www.enerjigazetesi.ist\/en\/wp-json\/wp\/v2\/tags?post=61455"}],"curies":[{"name":"wp","href":"https:\/\/api.w.org\/{rel}","templated":true}]}}