{"id":61404,"date":"2017-01-29T13:11:24","date_gmt":"2017-01-29T10:11:24","guid":{"rendered":"https:\/\/www.enerjigazetesi.ist\/?p=61404"},"modified":"2017-01-29T18:29:13","modified_gmt":"2017-01-29T15:29:13","slug":"rekabet-kurulu-7-elektrik-perakende-sirketine-sorusturma-acti","status":"publish","type":"post","link":"https:\/\/www.enerjigazetesi.ist\/en\/rekabet-kurulu-7-elektrik-perakende-sirketine-sorusturma-acti\/","title":{"rendered":"(Turkish) Rekabet Kurulu 7 Elektrik Perakende \u015eirketine Soru\u015fturma A\u00e7t\u0131"},"content":{"rendered":"<p class=\"qtranxs-available-languages-message qtranxs-available-languages-message-en\">Sorry, this entry is only available in <a href=\"https:\/\/www.enerjigazetesi.ist\/tr\/wp-json\/wp\/v2\/posts\/61404\" class=\"qtranxs-available-language-link qtranxs-available-language-link-tr\" title=\"Turkish\">Turkish<\/a>. For the sake of viewer convenience, the content is shown below in the alternative language. You may click the link to switch the active language.<\/p><p><\/p>\n<p style=\"color: #0a0a0a;\"><strong>H\u00e2kim durumun k\u00f6t\u00fcye kullan\u0131lmas\u0131 maddesinin ihlal edilip edilmedi\u011finin tespiti amac\u0131yla 7 elektrik perakende \u015firketine soru\u015fturma<a href=\"https:\/\/www.enerjigazetesi.ist\/wp-content\/uploads\/2015\/03\/elektrik-sirketlerinin-ticaret-agi-avrupaya-yayilacak.jpg\"><img loading=\"lazy\" class=\"alignleft size-medium wp-image-36992\" src=\"https:\/\/www.enerjigazetesi.ist\/wp-content\/uploads\/2015\/03\/elektrik-sirketlerinin-ticaret-agi-avrupaya-yayilacak-300x200.jpg\" alt=\"elektrik-sirketlerinin-ticaret-agi-avrupaya-yayilacak\" width=\"300\" height=\"200\" srcset=\"https:\/\/www.enerjigazetesi.ist\/wp-content\/uploads\/2015\/03\/elektrik-sirketlerinin-ticaret-agi-avrupaya-yayilacak-300x200.jpg 300w, https:\/\/www.enerjigazetesi.ist\/wp-content\/uploads\/2015\/03\/elektrik-sirketlerinin-ticaret-agi-avrupaya-yayilacak-500x333.jpg 500w, https:\/\/www.enerjigazetesi.ist\/wp-content\/uploads\/2015\/03\/elektrik-sirketlerinin-ticaret-agi-avrupaya-yayilacak-75x50.jpg 75w, https:\/\/www.enerjigazetesi.ist\/wp-content\/uploads\/2015\/03\/elektrik-sirketlerinin-ticaret-agi-avrupaya-yayilacak.jpg 870w\" sizes=\"(max-width: 300px) 100vw, 300px\" \/><\/a> a\u00e7\u0131ld\u0131.<\/strong><\/p>\n<p style=\"color: #0a0a0a;\">Rekabet Kurulu&#8217;nun (RK) y\u00fcr\u00fctt\u00fc\u011f\u00fc \u00f6n ara\u015ft\u0131rma sonucunda Enerjisa Enerji A.\u015e., Toroslar Elektrik Da\u011f\u0131t\u0131m A.\u015e., Enerjisa Toroslar Elektrik Perakende Sat\u0131\u015f, Ba\u015fkent Elektrik Da\u011f\u0131t\u0131m A.\u015e., Enerjisa Ba\u015fkent Elektrik Perakende Sat\u0131\u015f, \u0130stanbul Anadolu Yakas\u0131 EDA\u015e ve Enerjisa \u0130stanbul Anadolu Yakas\u0131 Elektrik Perakende Sat\u0131\u015f \u015firketleri hakk\u0131nda soru\u015fturma a\u00e7\u0131lmas\u0131n\u0131n karar\u0131 al\u0131nd\u0131.<\/p>\n<p style=\"color: #0a0a0a;\">Rekabet Kurumu taraf\u0131ndan yap\u0131lan a\u00e7\u0131klamada, soru\u015fturman\u0131n Rekabet Kanunu\u2019nun hakim durumun k\u00f6t\u00fcye kullan\u0131lmas\u0131 maddesinin ihlal edilip edilmedi\u011finin tespiti amac\u0131yla a\u00e7\u0131ld\u0131\u011f\u0131\u00a0ifade edildi.<\/p>\n<p><\/p>","protected":false},"excerpt":{"rendered":"<p>Sorry, this entry is only available in Turkish. For the sake of viewer convenience, the content is shown below in the alternative language. You may click the link to switch the active language. H\u00e2kim durumun k\u00f6t\u00fcye kullan\u0131lmas\u0131 maddesinin ihlal edilip edilmedi\u011finin tespiti amac\u0131yla 7 elektrik perakende \u015firketine soru\u015fturma a\u00e7\u0131ld\u0131. Rekabet Kurulu&#8217;nun (RK) y\u00fcr\u00fctt\u00fc\u011f\u00fc \u00f6n ara\u015ft\u0131rma [&hellip;]<\/p>\n","protected":false},"author":1,"featured_media":36992,"comment_status":"open","ping_status":"open","sticky":false,"template":"","format":"standard","meta":[],"categories":[51,53],"tags":[68,61,19638,1451,2873,32982,63,67,1009,2698,165,4464,4617],"views":1072,"_links":{"self":[{"href":"https:\/\/www.enerjigazetesi.ist\/en\/wp-json\/wp\/v2\/posts\/61404"}],"collection":[{"href":"https:\/\/www.enerjigazetesi.ist\/en\/wp-json\/wp\/v2\/posts"}],"about":[{"href":"https:\/\/www.enerjigazetesi.ist\/en\/wp-json\/wp\/v2\/types\/post"}],"author":[{"embeddable":true,"href":"https:\/\/www.enerjigazetesi.ist\/en\/wp-json\/wp\/v2\/users\/1"}],"replies":[{"embeddable":true,"href":"https:\/\/www.enerjigazetesi.ist\/en\/wp-json\/wp\/v2\/comments?post=61404"}],"version-history":[{"count":3,"href":"https:\/\/www.enerjigazetesi.ist\/en\/wp-json\/wp\/v2\/posts\/61404\/revisions"}],"predecessor-version":[{"id":61407,"href":"https:\/\/www.enerjigazetesi.ist\/en\/wp-json\/wp\/v2\/posts\/61404\/revisions\/61407"}],"wp:featuredmedia":[{"embeddable":true,"href":"https:\/\/www.enerjigazetesi.ist\/en\/wp-json\/wp\/v2\/media\/36992"}],"wp:attachment":[{"href":"https:\/\/www.enerjigazetesi.ist\/en\/wp-json\/wp\/v2\/media?parent=61404"}],"wp:term":[{"taxonomy":"category","embeddable":true,"href":"https:\/\/www.enerjigazetesi.ist\/en\/wp-json\/wp\/v2\/categories?post=61404"},{"taxonomy":"post_tag","embeddable":true,"href":"https:\/\/www.enerjigazetesi.ist\/en\/wp-json\/wp\/v2\/tags?post=61404"}],"curies":[{"name":"wp","href":"https:\/\/api.w.org\/{rel}","templated":true}]}}