{"id":61390,"date":"2017-01-28T17:55:47","date_gmt":"2017-01-28T14:55:47","guid":{"rendered":"https:\/\/www.enerjigazetesi.ist\/?p=61390"},"modified":"2017-01-28T17:57:28","modified_gmt":"2017-01-28T14:57:28","slug":"alparslan-bayraktar-enerji-bakanliginda-mustesar-yardimcisi-oldu","status":"publish","type":"post","link":"https:\/\/www.enerjigazetesi.ist\/en\/alparslan-bayraktar-enerji-bakanliginda-mustesar-yardimcisi-oldu\/","title":{"rendered":"(Turkish) Alparslan Bayraktar Enerji Bakanl\u0131\u011f\u0131\u2019nda M\u00fcste\u015far Yard\u0131mc\u0131s\u0131 Oldu"},"content":{"rendered":"<p class=\"qtranxs-available-languages-message qtranxs-available-languages-message-en\">Sorry, this entry is only available in <a href=\"https:\/\/www.enerjigazetesi.ist\/tr\/wp-json\/wp\/v2\/posts\/61390\" class=\"qtranxs-available-language-link qtranxs-available-language-link-tr\" title=\"Turkish\">Turkish<\/a>. For the sake of viewer convenience, the content is shown below in the alternative language. You may click the link to switch the active language.<\/p><p><\/p>\n<p style=\"color: #0a0a0a;\"><strong>Enerji ve Tabii Kaynaklar Bakanl\u0131\u011f\u0131 M\u00fcste\u015far Yard\u0131mc\u0131s\u0131 Alparslan Bayraktar oldu. Resmi Gazete\u2019de yer alan atama karar\u0131na g\u00f6re,\u00a0a\u00e7\u0131k bulunan M\u00fcste\u015far Yard\u0131mc\u0131l\u0131\u011f\u0131 g\u00f6revine, Enerji ve Tabii Kaynaklar Bakanl\u0131\u011f\u0131 D\u0131\u015f \u0130li\u015fkiler ve Avrupa Birli\u011fi Genel M\u00fcd\u00fcr\u00fc Alparslan Bayraktar\u2019\u0131n atanmas\u0131n\u0131n karar\u0131 al\u0131nd\u0131.<\/strong><span id=\"more-87984\"><\/span><\/p>\n<p style=\"color: #0a0a0a;\">Bayraktar\u2019\u0131n atanmas\u0131yla bo\u015falan D\u0131\u015f \u0130li\u015fkiler ve Avrupa Birli\u011fi Genel M\u00fcd\u00fcrl\u00fc\u011f\u00fc g\u00f6revine ise ayn\u0131 birimin Genel M\u00fcd\u00fcr Yard\u0131mc\u0131s\u0131 Safa Uslu getirildi. A<a href=\"https:\/\/www.enerjigazetesi.ist\/wp-content\/uploads\/2017\/01\/alparslan-bayraktar-enerji-bakanliginda-mustesar-yardimcisi-oldu.jpg\"><img loading=\"lazy\" class=\"alignleft size-medium wp-image-61391\" src=\"https:\/\/www.enerjigazetesi.ist\/wp-content\/uploads\/2017\/01\/alparslan-bayraktar-enerji-bakanliginda-mustesar-yardimcisi-oldu-300x206.jpg\" alt=\"alparslan-bayraktar-enerji-bakanliginda-mustesar-yardimcisi-oldu\" width=\"300\" height=\"206\" srcset=\"https:\/\/www.enerjigazetesi.ist\/wp-content\/uploads\/2017\/01\/alparslan-bayraktar-enerji-bakanliginda-mustesar-yardimcisi-oldu-300x206.jpg 300w, https:\/\/www.enerjigazetesi.ist\/wp-content\/uploads\/2017\/01\/alparslan-bayraktar-enerji-bakanliginda-mustesar-yardimcisi-oldu-500x343.jpg 500w, https:\/\/www.enerjigazetesi.ist\/wp-content\/uploads\/2017\/01\/alparslan-bayraktar-enerji-bakanliginda-mustesar-yardimcisi-oldu-72x50.jpg 72w, https:\/\/www.enerjigazetesi.ist\/wp-content\/uploads\/2017\/01\/alparslan-bayraktar-enerji-bakanliginda-mustesar-yardimcisi-oldu.jpg 844w\" sizes=\"(max-width: 300px) 100vw, 300px\" \/><\/a>lparslan Bayraktar, 2010-2016 y\u0131llar\u0131 aras\u0131nda\u00a0Enerji Piyasas\u0131 D\u00fczenleme Kurulu (EPDK) \u00dcyeli\u011fi g\u00f6revini s\u00fcrd\u00fcrm\u00fc\u015ft\u00fcr.<\/p>\n<h3 style=\"font-weight: 400; color: #111111;\"><strong>Alparslan Bayraktar Kimdir?<\/strong><\/h3>\n<p>Aslen \u00c7aykara\u2019dan isk\u00e2n olan bir ailenin \u00e7ocu\u011fu olarak 1975 y\u0131l\u0131nda Hatay\u2019\u0131n K\u0131r\u0131khan il\u00e7esinde d\u00fcnyaya gelen Alparslan Bayraktar, lisans e\u011fitimini 1995\u2019te \u0130stanbul Teknik \u00dcniversitesi Makine M\u00fchendisli\u011fi B\u00f6l\u00fcm\u00fcnde tamamlad\u0131. New York \u00dcniversitesi\u2019nde Stratejik Pazarlama Y\u00f6netimi alan\u0131nda lisans\u00fcst\u00fc e\u011fitimi alan Bayraktar, Bilkent \u00dcniversitesi Hukuk Fak\u00fcltesi Ekonomi Hukuku alan\u0131nda da y\u00fcksek lisans diplomas\u0131na sahip. Bayraktar, 2013 A\u011fustos\u2019undan bu yana 24 \u00fcyeli Enerji D\u00fczenleyicileri B\u00f6lgesel Birli\u011fi\u2019nin (ERRA) de ba\u015fkanl\u0131\u011f\u0131n\u0131 y\u00fcr\u00fctt\u00fc. 2015\u2019te Uluslararas\u0131 Enerji D\u00fczenleyicileri Konfederasyonu\u2019nun (ICER) ba\u015fkan\u0131 oldu. Bayraktar, 20110-2016 EPDK Kurul \u00dcyeli\u011fini g\u00f6revini s\u00fcrd\u00fcrd\u00fc. Bayraktar en son, 2016\u2019n\u0131n Nisan ay\u0131nda\u00a0Enerji ve Tabii Kaynaklar Bakanl\u0131\u011f\u0131 D\u0131\u015f \u0130li\u015fkiler ve Avrupa Birli\u011fi Genel M\u00fcd\u00fcrl\u00fc\u011f\u00fcndeki g\u00f6revini s\u00fcrd\u00fcr\u00fcyordu.<\/p>","protected":false},"excerpt":{"rendered":"<p>Sorry, this entry is only available in Turkish. For the sake of viewer convenience, the content is shown below in the alternative language. You may click the link to switch the active language. Enerji ve Tabii Kaynaklar Bakanl\u0131\u011f\u0131 M\u00fcste\u015far Yard\u0131mc\u0131s\u0131 Alparslan Bayraktar oldu. Resmi Gazete\u2019de yer alan atama karar\u0131na g\u00f6re,\u00a0a\u00e7\u0131k bulunan M\u00fcste\u015far Yard\u0131mc\u0131l\u0131\u011f\u0131 g\u00f6revine, Enerji [&hellip;]<\/p>\n","protected":false},"author":1,"featured_media":61391,"comment_status":"open","ping_status":"open","sticky":false,"template":"","format":"standard","meta":[],"categories":[53],"tags":[14004,63,67,1009,32980,2698,165,32981,27530],"views":2941,"_links":{"self":[{"href":"https:\/\/www.enerjigazetesi.ist\/en\/wp-json\/wp\/v2\/posts\/61390"}],"collection":[{"href":"https:\/\/www.enerjigazetesi.ist\/en\/wp-json\/wp\/v2\/posts"}],"about":[{"href":"https:\/\/www.enerjigazetesi.ist\/en\/wp-json\/wp\/v2\/types\/post"}],"author":[{"embeddable":true,"href":"https:\/\/www.enerjigazetesi.ist\/en\/wp-json\/wp\/v2\/users\/1"}],"replies":[{"embeddable":true,"href":"https:\/\/www.enerjigazetesi.ist\/en\/wp-json\/wp\/v2\/comments?post=61390"}],"version-history":[{"count":3,"href":"https:\/\/www.enerjigazetesi.ist\/en\/wp-json\/wp\/v2\/posts\/61390\/revisions"}],"predecessor-version":[{"id":61394,"href":"https:\/\/www.enerjigazetesi.ist\/en\/wp-json\/wp\/v2\/posts\/61390\/revisions\/61394"}],"wp:featuredmedia":[{"embeddable":true,"href":"https:\/\/www.enerjigazetesi.ist\/en\/wp-json\/wp\/v2\/media\/61391"}],"wp:attachment":[{"href":"https:\/\/www.enerjigazetesi.ist\/en\/wp-json\/wp\/v2\/media?parent=61390"}],"wp:term":[{"taxonomy":"category","embeddable":true,"href":"https:\/\/www.enerjigazetesi.ist\/en\/wp-json\/wp\/v2\/categories?post=61390"},{"taxonomy":"post_tag","embeddable":true,"href":"https:\/\/www.enerjigazetesi.ist\/en\/wp-json\/wp\/v2\/tags?post=61390"}],"curies":[{"name":"wp","href":"https:\/\/api.w.org\/{rel}","templated":true}]}}