{"id":61342,"date":"2017-01-27T10:47:34","date_gmt":"2017-01-27T07:47:34","guid":{"rendered":"https:\/\/www.enerjigazetesi.ist\/?p=61342"},"modified":"2017-01-27T10:53:57","modified_gmt":"2017-01-27T07:53:57","slug":"avrupa-parlamentosunda-kibris-sorunu-ve-cozumunun-enerjiye-etkisi-tartisti","status":"publish","type":"post","link":"https:\/\/www.enerjigazetesi.ist\/en\/avrupa-parlamentosunda-kibris-sorunu-ve-cozumunun-enerjiye-etkisi-tartisti\/","title":{"rendered":"(Turkish) Avrupa Parlamentosu K\u0131br\u0131s Sorunu ve \u00c7\u00f6z\u00fcm\u00fcn\u00fcn Enerjiye Etkisini Tart\u0131\u015ft\u0131"},"content":{"rendered":"<p class=\"qtranxs-available-languages-message qtranxs-available-languages-message-en\">Sorry, this entry is only available in <a href=\"https:\/\/www.enerjigazetesi.ist\/tr\/wp-json\/wp\/v2\/posts\/61342\" class=\"qtranxs-available-language-link qtranxs-available-language-link-tr\" title=\"Turkish\">Turkish<\/a>. For the sake of viewer convenience, the content is shown below in the alternative language. You may click the link to switch the active language.<\/p><p><\/p>\n<p style=\"color: #0a0a0a;\"><strong>Avrupa Parlamentosu\u2019nda (AP) taraf\u0131ndan K\u0131br\u0131s sorunu ve \u00e7\u00f6z\u00fcm\u00fcn enerji sekt\u00f6r\u00fcne etkileri tart\u0131\u015f\u0131ld\u0131. Avrupa Parlamentosu\u2019nda, AP Milletvekili ve Hak ve \u00d6zg\u00fcrl\u00fckler Hareketi Gen\u00e7lik Kollar\u0131 Ba\u015fkan\u0131 \u0130lhan K\u00fc\u00e7\u00fck sponsorlu\u011funda \u201cK\u0131br\u0131s ve Enerjide Geli\u015fmeler\u201d konulu bir toplant\u0131 yap\u0131ld\u0131.<\/strong><\/p>\n<p style=\"color: #0a0a0a;\"><span id=\"more-87860\"><\/span>Toplant\u0131da konu\u015fan, ODT\u00dc Kuzey K\u0131br\u0131s Kamp\u00fcs\u00fc\u2019nden Yrd. Do\u00e7. Dr. Hayriye Kahveci, \u201cG\u00fcney K\u0131br\u0131s, bu do\u011falgaz meselesiyle bir avantaj elde etmeye \u00e7al\u0131\u015f\u0131yorsa asl\u0131nda yolun o tarafa do\u011fru gitmedi\u011fini ge\u00e7mi\u015f olan tecr\u00fcbelerimiz bize g\u00f6stemi\u015ftir.\u201d dedi.<br \/>\n<a href=\"https:\/\/www.enerjigazetesi.ist\/wp-content\/uploads\/2017\/01\/avrupa-parlamentosu-kibris-sorunu-ve-cozumunun-enerjiye-etkilerini-tartisti.jpg\"><img loading=\"lazy\" class=\"alignleft size-medium wp-image-61343\" src=\"https:\/\/www.enerjigazetesi.ist\/wp-content\/uploads\/2017\/01\/avrupa-parlamentosu-kibris-sorunu-ve-cozumunun-enerjiye-etkilerini-tartisti-300x168.jpg\" alt=\"avrupa-parlamentosu-kibris-sorunu-ve-cozumunun-enerjiye-etkilerini-tartisti\" width=\"300\" height=\"168\" srcset=\"https:\/\/www.enerjigazetesi.ist\/wp-content\/uploads\/2017\/01\/avrupa-parlamentosu-kibris-sorunu-ve-cozumunun-enerjiye-etkilerini-tartisti-300x168.jpg 300w, https:\/\/www.enerjigazetesi.ist\/wp-content\/uploads\/2017\/01\/avrupa-parlamentosu-kibris-sorunu-ve-cozumunun-enerjiye-etkilerini-tartisti-500x281.jpg 500w, https:\/\/www.enerjigazetesi.ist\/wp-content\/uploads\/2017\/01\/avrupa-parlamentosu-kibris-sorunu-ve-cozumunun-enerjiye-etkilerini-tartisti-80x45.jpg 80w, https:\/\/www.enerjigazetesi.ist\/wp-content\/uploads\/2017\/01\/avrupa-parlamentosu-kibris-sorunu-ve-cozumunun-enerjiye-etkilerini-tartisti.jpg 700w\" sizes=\"(max-width: 300px) 100vw, 300px\" \/><\/a>K\u0131br\u0131s sorunu a\u00e7s\u0131s\u0131ndan kritik bir d\u00f6nemde olundu\u011funa dikkati \u00e7eken Kahveci, do\u011falgaz konusunun uzun y\u0131llard\u0131r K\u0131br\u0131s sorununa kaybolan ilgiyi tekrar \u00e7ekmek i\u00e7in \u00f6nemli bir itici g\u00fc\u00e7 oldu\u011funu\u00a0da belirtti.<\/p>\n<p style=\"color: #0a0a0a;\">Kahveci, 2002&#8217;den beri do\u011falgaz meselesinin her gerildi\u011fi d\u00f6nemin, K\u0131br\u0131s konusunda bir kritik s\u00fcre\u00e7 oldu\u011funu belirterek, \u201cRumlar s\u00fcrekli bu do\u011falgaz meselesini m\u00fczakereleri ve yak\u0131nla\u015fmay\u0131 gerektiren bir unsur olarak kullanmaya \u00e7al\u0131\u015fmaktad\u0131r.\u201d dedi. Tel Aviv \u00dcniversitesi\u2019nden Yard\u0131mc\u0131 Profes\u00f6r Angelos Giannakopoulos, T\u00fcrkiye\u2019ye ba\u015fkanl\u0131k sistemi gelmesiyle beraber K\u0131br\u0131s sorununun \u00e7\u00f6z\u00fcm\u00fcn\u00fcn kolayla\u015faca\u011f\u0131n\u0131 da ifade etti. T\u00fcrkiye\u2019nin Do\u011fu Akdeniz enerji havzalar\u0131nda kilit \u00fclke konumunda oldu\u011funa dikkati \u00e7eken Giannakopoulos, K\u0131br\u0131s sorununun T\u00fcrkiye olmadan \u00e7\u00f6z\u00fcmlenemeyece\u011fini s\u00f6yledi. \u0130sve\u00e7\u2019te bulunan Kalk\u0131nma ve G\u00fcvenlik Politikalar\u0131 Enstit\u00fcs\u00fc\u2019nden (ISDP) Dr. Ozan Serdaro\u011flu da \u201cK\u0131br\u0131s\u2019ta bulunan enerji kaynaklar\u0131ndan yararlanabilmek i\u00e7in Rum taraf\u0131yla T\u00fcrk taraf\u0131n\u0131n birlikte enerji konular\u0131n\u0131 g\u00f6r\u00fc\u015febilmesi gerekmektedir\u201d\u00a0ifadelerine yer verdi.<\/p>\n<p style=\"color: #0a0a0a;\">Haberin <a href=\"http:\/\/enerjienstitusu.com\/2017\/01\/26\/avrupa-parlamentosunda-kibris-sorunu-cozumun-enerji-sektorune-etkileri-tartisildi\/\" target=\"_blank\">Devam\u0131 \u0130\u00e7in TIKLAYINIZ&gt;&gt;&gt;<\/a><\/p>\n<p style=\"color: #0a0a0a;\">Kaynak: Enerji Enstit\u00fcs\u00fc<\/p>\n<p style=\"color: #0a0a0a;\">\n<p><\/p>","protected":false},"excerpt":{"rendered":"<p>Sorry, this entry is only available in Turkish. For the sake of viewer convenience, the content is shown below in the alternative language. You may click the link to switch the active language. Avrupa Parlamentosu\u2019nda (AP) taraf\u0131ndan K\u0131br\u0131s sorunu ve \u00e7\u00f6z\u00fcm\u00fcn enerji sekt\u00f6r\u00fcne etkileri tart\u0131\u015f\u0131ld\u0131. Avrupa Parlamentosu\u2019nda, AP Milletvekili ve Hak ve \u00d6zg\u00fcrl\u00fckler Hareketi Gen\u00e7lik [&hellip;]<\/p>\n","protected":false},"author":1,"featured_media":61343,"comment_status":"open","ping_status":"open","sticky":false,"template":"","format":"standard","meta":[],"categories":[46,53],"tags":[32959,92,226,19761,2092,2677,32960,63,67,1009,2698,165,32961,3754,28142,32962],"views":762,"_links":{"self":[{"href":"https:\/\/www.enerjigazetesi.ist\/en\/wp-json\/wp\/v2\/posts\/61342"}],"collection":[{"href":"https:\/\/www.enerjigazetesi.ist\/en\/wp-json\/wp\/v2\/posts"}],"about":[{"href":"https:\/\/www.enerjigazetesi.ist\/en\/wp-json\/wp\/v2\/types\/post"}],"author":[{"embeddable":true,"href":"https:\/\/www.enerjigazetesi.ist\/en\/wp-json\/wp\/v2\/users\/1"}],"replies":[{"embeddable":true,"href":"https:\/\/www.enerjigazetesi.ist\/en\/wp-json\/wp\/v2\/comments?post=61342"}],"version-history":[{"count":5,"href":"https:\/\/www.enerjigazetesi.ist\/en\/wp-json\/wp\/v2\/posts\/61342\/revisions"}],"predecessor-version":[{"id":61348,"href":"https:\/\/www.enerjigazetesi.ist\/en\/wp-json\/wp\/v2\/posts\/61342\/revisions\/61348"}],"wp:featuredmedia":[{"embeddable":true,"href":"https:\/\/www.enerjigazetesi.ist\/en\/wp-json\/wp\/v2\/media\/61343"}],"wp:attachment":[{"href":"https:\/\/www.enerjigazetesi.ist\/en\/wp-json\/wp\/v2\/media?parent=61342"}],"wp:term":[{"taxonomy":"category","embeddable":true,"href":"https:\/\/www.enerjigazetesi.ist\/en\/wp-json\/wp\/v2\/categories?post=61342"},{"taxonomy":"post_tag","embeddable":true,"href":"https:\/\/www.enerjigazetesi.ist\/en\/wp-json\/wp\/v2\/tags?post=61342"}],"curies":[{"name":"wp","href":"https:\/\/api.w.org\/{rel}","templated":true}]}}