{"id":6125,"date":"2013-02-05T16:18:11","date_gmt":"2013-02-05T13:18:11","guid":{"rendered":"https:\/\/www.enerjigazetesi.ist\/?p=6125"},"modified":"2013-02-05T16:18:11","modified_gmt":"2013-02-05T13:18:11","slug":"turkiyenin-ilk-orta-gerilim-gunes-enerjisi-projesi","status":"publish","type":"post","link":"https:\/\/www.enerjigazetesi.ist\/en\/turkiyenin-ilk-orta-gerilim-gunes-enerjisi-projesi\/","title":{"rendered":"(Turkish) T\u00fcrkiye\u2019nin \u0130lk Orta Gerilim G\u00fcne\u015f Enerjisi Projesi"},"content":{"rendered":"<p class=\"qtranxs-available-languages-message qtranxs-available-languages-message-en\">Sorry, this entry is only available in <a href=\"https:\/\/www.enerjigazetesi.ist\/tr\/wp-json\/wp\/v2\/posts\/6125\" class=\"qtranxs-available-language-link qtranxs-available-language-link-tr\" title=\"Turkish\">Turkish<\/a>. For the sake of viewer convenience, the content is shown below in the alternative language. You may click the link to switch the active language.<\/p><p><strong>Merk Solar, T\u00fcrkiye\u2019nin ilk Orta Gerilim (OG) \u015eebeke \u2019den ba\u011fl\u0131 g\u00fcne\u015f enerji projesini devreye ald\u0131.A\u011fustos ay\u0131nda G\u00fcrsu Belediyesi taraf\u0131ndan ihalesi yap\u0131lan proje Bursa Eski\u015fehir Bilecik Kalk\u0131nma Ajans\u0131 (BEBKA) taraf\u0131ndan destekleniyor. Arazi \u00fczerine kurulan 96 kWp kurulu g\u00fcce sahip olan sistemin \u00fcretti\u011fi elektri\u011fin t\u00fcm\u00fcn\u00fc da\u011f\u0131t\u0131m \u015firketi UEDA\u015e\u2019a vererek G\u00fcrsu Belediye Binas\u0131\u2019n\u0131n elektrik faturas\u0131n\u0131 s\u0131f\u0131rlamas\u0131 hedefleniyor. Konumu itibariyle proje, Lisanss\u0131z Elektrik \u00dcretimi Y\u00f6netmeli\u011fi kapsam\u0131nda \u00fcretim-t\u00fcketim noktalar\u0131n\u0131n farkl\u0131 oldu\u011fu ilk referans uygulama oldu.<\/strong><\/p>\n<p>Lisanss\u0131z Elektrik \u00dcretimi Y\u00f6netmeli\u011fi kapsam\u0131nda Ankara TEDA\u015e taraf\u0131ndan onaylanan ve Orta Gerilim \u015eebekesi\u2019nden ba\u011flant\u0131 yaparak enerji sat\u0131\u015f\u0131na ba\u015flayan ilk fotovoltaik projesi tamamlanm\u0131\u015f olundu.<\/p>\n<p><img loading=\"lazy\" class=\"alignleft size-medium wp-image-6126\" title=\"merk-solar-gursu-solar-enerjisi-gunes-orta-gerilim-bursa-505x377\" src=\"https:\/\/www.enerjigazetesi.ist\/wp-content\/uploads\/2013\/02\/merk-solar-gursu-solar-enerjisi-gunes-orta-gerilim-bursa-505x377-300x223.jpg\" alt=\"\" width=\"300\" height=\"223\" srcset=\"https:\/\/www.enerjigazetesi.ist\/wp-content\/uploads\/2013\/02\/merk-solar-gursu-solar-enerjisi-gunes-orta-gerilim-bursa-505x377-300x223.jpg 300w, https:\/\/www.enerjigazetesi.ist\/wp-content\/uploads\/2013\/02\/merk-solar-gursu-solar-enerjisi-gunes-orta-gerilim-bursa-505x377-500x373.jpg 500w, https:\/\/www.enerjigazetesi.ist\/wp-content\/uploads\/2013\/02\/merk-solar-gursu-solar-enerjisi-gunes-orta-gerilim-bursa-505x377-66x50.jpg 66w, https:\/\/www.enerjigazetesi.ist\/wp-content\/uploads\/2013\/02\/merk-solar-gursu-solar-enerjisi-gunes-orta-gerilim-bursa-505x377.jpg 505w\" sizes=\"(max-width: 300px) 100vw, 300px\" \/>\u015eirketten yap\u0131lan a\u00e7\u0131klamada, \u201cG\u00fcrsu projesi kapsam\u0131nda haz\u0131rlad\u0131\u011f\u0131m\u0131z projeler ve TE\u0130A\u015e\u2019a yapt\u0131\u011f\u0131m\u0131z giri\u015fimler sonucu g\u00fcne\u015f enerji yat\u0131r\u0131mlar\u0131nda ilgili da\u011f\u0131t\u0131m \u015firketlerince istenebilecek \u2018otoprod\u00fckt\u00f6r fideri donat\u0131m\u0131\u2019 \u015fart\u0131n\u0131 ortadan kald\u0131rarak yat\u0131r\u0131mc\u0131lar\u0131 ek bir maliyetten kurtarm\u0131\u015f bulunmaktay\u0131z. \u201d denildi.<\/p>\n<p>Buna ilave olarak Belediye binas\u0131n\u0131n \u00f6n\u00fcne \u00e7ift eksenli tracker sistemi yap\u0131ld\u0131. 7 kW kurulu g\u00fcce sahip olan sistem park\u0131n i\u00e7erisinde yer alan g\u00fcne\u015f evinin enerji ihtiyac\u0131n\u0131 kar\u015f\u0131l\u0131yor.<\/p>\n<p>Kaynak: <a href=\"http:\/\/enerjienstitusu.com\/2013\/02\/05\/turkiyenin-ilk-orta-gerilim-gunes-enerjisi-projesi\/\" target=\"_blank\">Enerji Enstit\u00fcs\u00fc<\/a><\/p>","protected":false},"excerpt":{"rendered":"<p>Sorry, this entry is only available in Turkish. For the sake of viewer convenience, the content is shown below in the alternative language. You may click the link to switch the active language.Merk Solar, T\u00fcrkiye\u2019nin ilk Orta Gerilim (OG) \u015eebeke \u2019den ba\u011fl\u0131 g\u00fcne\u015f enerji projesini devreye ald\u0131.A\u011fustos ay\u0131nda G\u00fcrsu Belediyesi taraf\u0131ndan ihalesi yap\u0131lan proje Bursa [&hellip;]<\/p>\n","protected":false},"author":1,"featured_media":6126,"comment_status":"open","ping_status":"open","sticky":false,"template":"","format":"standard","meta":[],"categories":[51,53,49],"tags":[2226,67,12,227,13,2223,2225,2224,1216,2227],"views":724,"_links":{"self":[{"href":"https:\/\/www.enerjigazetesi.ist\/en\/wp-json\/wp\/v2\/posts\/6125"}],"collection":[{"href":"https:\/\/www.enerjigazetesi.ist\/en\/wp-json\/wp\/v2\/posts"}],"about":[{"href":"https:\/\/www.enerjigazetesi.ist\/en\/wp-json\/wp\/v2\/types\/post"}],"author":[{"embeddable":true,"href":"https:\/\/www.enerjigazetesi.ist\/en\/wp-json\/wp\/v2\/users\/1"}],"replies":[{"embeddable":true,"href":"https:\/\/www.enerjigazetesi.ist\/en\/wp-json\/wp\/v2\/comments?post=6125"}],"version-history":[{"count":2,"href":"https:\/\/www.enerjigazetesi.ist\/en\/wp-json\/wp\/v2\/posts\/6125\/revisions"}],"predecessor-version":[{"id":6128,"href":"https:\/\/www.enerjigazetesi.ist\/en\/wp-json\/wp\/v2\/posts\/6125\/revisions\/6128"}],"wp:featuredmedia":[{"embeddable":true,"href":"https:\/\/www.enerjigazetesi.ist\/en\/wp-json\/wp\/v2\/media\/6126"}],"wp:attachment":[{"href":"https:\/\/www.enerjigazetesi.ist\/en\/wp-json\/wp\/v2\/media?parent=6125"}],"wp:term":[{"taxonomy":"category","embeddable":true,"href":"https:\/\/www.enerjigazetesi.ist\/en\/wp-json\/wp\/v2\/categories?post=6125"},{"taxonomy":"post_tag","embeddable":true,"href":"https:\/\/www.enerjigazetesi.ist\/en\/wp-json\/wp\/v2\/tags?post=6125"}],"curies":[{"name":"wp","href":"https:\/\/api.w.org\/{rel}","templated":true}]}}