{"id":61236,"date":"2017-01-25T11:58:06","date_gmt":"2017-01-25T08:58:06","guid":{"rendered":"https:\/\/www.enerjigazetesi.ist\/?p=61236"},"modified":"2017-01-25T12:31:51","modified_gmt":"2017-01-25T09:31:51","slug":"gazprom-turk-dogalgaz-sirketleri-icin-tahkim-surecine-gitmiyor","status":"publish","type":"post","link":"https:\/\/www.enerjigazetesi.ist\/en\/gazprom-turk-dogalgaz-sirketleri-icin-tahkim-surecine-gitmiyor\/","title":{"rendered":"(Turkish) Gazprom, T\u00fcrk Do\u011falgaz \u015eirketleri \u0130\u00e7in Tahkim S\u00fcrecine Gitmiyor"},"content":{"rendered":"<p class=\"qtranxs-available-languages-message qtranxs-available-languages-message-en\">Sorry, this entry is only available in <a href=\"https:\/\/www.enerjigazetesi.ist\/tr\/wp-json\/wp\/v2\/posts\/61236\" class=\"qtranxs-available-language-link qtranxs-available-language-link-tr\" title=\"Turkish\">Turkish<\/a>. For the sake of viewer convenience, the content is shown below in the alternative language. You may click the link to switch the active language.<\/p><p><\/p>\n<p style=\"color: #0a0a0a;\"><strong>Rus enerji \u015firketi Gazprom\u2019un, T\u00fcrk do\u011falgaz \u015firketlerine kar\u015f\u0131 tahkim s\u00fcrecine gitmeyi planlamad\u0131\u011f\u0131\u00a0belirtildi.<a href=\"https:\/\/www.enerjigazetesi.ist\/wp-content\/uploads\/2015\/08\/gazprom-dogalgaz-indirim-fiyat-696x385.jpg\"><img loading=\"lazy\" class=\"alignright  wp-image-42761\" src=\"https:\/\/www.enerjigazetesi.ist\/wp-content\/uploads\/2015\/08\/gazprom-dogalgaz-indirim-fiyat-696x385-300x165.jpg\" alt=\"gazprom-dogalgaz\" width=\"300\" height=\"193\" \/><\/a><\/strong><\/p>\n<p style=\"color: #0a0a0a;\">Viyana\u2019daki Uluslararas\u0131 Do\u011falgaz Konferans\u0131nda de\u011ferlendirmelerde bulunan Rus yetkililerince, daha \u00f6nce uluslararas\u0131 medyaya yans\u0131yan, Gazprom\u2019un, gaz fiyat\u0131nda anla\u015famad\u0131\u011f\u0131 i\u00e7in T\u00fcrk \u015firketlerini \u201cStockholm\u2019deki tahkim mahkemesine vermeye haz\u0131rland\u0131\u011f\u0131na\u201d y\u00f6nelik haberlerin ger\u00e7e\u011fi yans\u0131tmad\u0131\u011f\u0131\u00a0ifade edildi.<\/p>\n<p style=\"color: #0a0a0a;\">T\u00fcrkiye ve Rusya aras\u0131ndaki ili\u015fkilerin son d\u00f6nemde ivme kazand\u0131\u011f\u0131na i\u015faret eden yetkililer, T\u00fcrk Ak\u0131m\u0131 projesinin de g\u00fcndemde bulundu\u011funu ve bu olumlu geli\u015fmelerin \u0131\u015f\u0131\u011f\u0131nda tahkim yoluna gidilmesinin \u00e7ok zay\u0131f bir ihtimal oldu\u011funu dile getirdi. Rus yetkililerce, T\u00fcrk \u015firketleriyle do\u011falgaz fiyatlar\u0131 konusunda zaman zaman anla\u015fmazl\u0131klar ya\u015fand\u0131\u011f\u0131na, ancak sonu\u00e7ta taraflar\u0131n her zaman m\u00fczakere yoluyla anla\u015fmay\u0131 ba\u015fard\u0131\u011f\u0131 da belirtildi.<\/p>\n<p><\/p>","protected":false},"excerpt":{"rendered":"<p>Sorry, this entry is only available in Turkish. For the sake of viewer convenience, the content is shown below in the alternative language. You may click the link to switch the active language. Rus enerji \u015firketi Gazprom\u2019un, T\u00fcrk do\u011falgaz \u015firketlerine kar\u015f\u0131 tahkim s\u00fcrecine gitmeyi planlamad\u0131\u011f\u0131\u00a0belirtildi. Viyana\u2019daki Uluslararas\u0131 Do\u011falgaz Konferans\u0131nda de\u011ferlendirmelerde bulunan Rus yetkililerince, daha \u00f6nce [&hellip;]<\/p>\n","protected":false},"author":1,"featured_media":42761,"comment_status":"open","ping_status":"open","sticky":false,"template":"","format":"standard","meta":[],"categories":[46,53],"tags":[92,226,19761,2092,2677,63,67,1009,2698,165,1277,885,22270,20076,32937,846,3758],"views":627,"_links":{"self":[{"href":"https:\/\/www.enerjigazetesi.ist\/en\/wp-json\/wp\/v2\/posts\/61236"}],"collection":[{"href":"https:\/\/www.enerjigazetesi.ist\/en\/wp-json\/wp\/v2\/posts"}],"about":[{"href":"https:\/\/www.enerjigazetesi.ist\/en\/wp-json\/wp\/v2\/types\/post"}],"author":[{"embeddable":true,"href":"https:\/\/www.enerjigazetesi.ist\/en\/wp-json\/wp\/v2\/users\/1"}],"replies":[{"embeddable":true,"href":"https:\/\/www.enerjigazetesi.ist\/en\/wp-json\/wp\/v2\/comments?post=61236"}],"version-history":[{"count":3,"href":"https:\/\/www.enerjigazetesi.ist\/en\/wp-json\/wp\/v2\/posts\/61236\/revisions"}],"predecessor-version":[{"id":61251,"href":"https:\/\/www.enerjigazetesi.ist\/en\/wp-json\/wp\/v2\/posts\/61236\/revisions\/61251"}],"wp:featuredmedia":[{"embeddable":true,"href":"https:\/\/www.enerjigazetesi.ist\/en\/wp-json\/wp\/v2\/media\/42761"}],"wp:attachment":[{"href":"https:\/\/www.enerjigazetesi.ist\/en\/wp-json\/wp\/v2\/media?parent=61236"}],"wp:term":[{"taxonomy":"category","embeddable":true,"href":"https:\/\/www.enerjigazetesi.ist\/en\/wp-json\/wp\/v2\/categories?post=61236"},{"taxonomy":"post_tag","embeddable":true,"href":"https:\/\/www.enerjigazetesi.ist\/en\/wp-json\/wp\/v2\/tags?post=61236"}],"curies":[{"name":"wp","href":"https:\/\/api.w.org\/{rel}","templated":true}]}}