{"id":61202,"date":"2017-01-24T12:05:53","date_gmt":"2017-01-24T09:05:53","guid":{"rendered":"https:\/\/www.enerjigazetesi.ist\/?p=61202"},"modified":"2017-01-24T12:07:20","modified_gmt":"2017-01-24T09:07:20","slug":"2016-yilinda-tum-zamanlarin-en-cok-elektrik-tuketimi-yapildi","status":"publish","type":"post","link":"https:\/\/www.enerjigazetesi.ist\/en\/2016-yilinda-tum-zamanlarin-en-cok-elektrik-tuketimi-yapildi\/","title":{"rendered":"(Turkish) 2016 Y\u0131l\u0131nda T\u00fcm Zamanlar\u0131n En \u00c7ok Elektrik T\u00fcketimi Yap\u0131ld\u0131"},"content":{"rendered":"<p class=\"qtranxs-available-languages-message qtranxs-available-languages-message-en\">Sorry, this entry is only available in <a href=\"https:\/\/www.enerjigazetesi.ist\/tr\/wp-json\/wp\/v2\/posts\/61202\" class=\"qtranxs-available-language-link qtranxs-available-language-link-tr\" title=\"Turkish\">Turkish<\/a>. For the sake of viewer convenience, the content is shown below in the alternative language. You may click the link to switch the active language.<\/p><p><\/p>\n<p style=\"color: #0a0a0a;\"><strong>T\u00fcrkiye Elektrik \u0130letim A\u015e&#8217;nin (TE\u0130A\u015e) verilerine g\u00f6re, ge\u00e7ti\u011fimiz y\u0131l 272 milyar kilovatsaat seviyesinde elektrik \u00fcretimi ger\u00e7ekle\u015ftiren T\u00fcrkiye de, 277.2 milyar kilovatsaat de elektrik t\u00fcketimi yap\u0131ld\u0131.<a href=\"https:\/\/www.enerjigazetesi.ist\/wp-content\/uploads\/2016\/03\/subatta-elektrik-tuketimi-dustu.jpg\"><img loading=\"lazy\" class=\"alignright  wp-image-51233\" src=\"https:\/\/www.enerjigazetesi.ist\/wp-content\/uploads\/2016\/03\/subatta-elektrik-tuketimi-dustu.jpg\" alt=\"elektrik-tuketimi\" width=\"300\" height=\"195\" \/><\/a> <\/strong><\/p>\n<p style=\"color: #0a0a0a;\">S\u00f6z konusu t\u00fcketim, bir \u00f6nceki y\u0131l t\u00fcketilen 265.7 milyar kilovatsaate g\u00f6re y\u00fczde 4.3 art\u0131\u015f g\u00f6stermi\u015ftir. Ayn\u0131 zamanda, 2016 t\u00fcm zamanlar\u0131n en \u00e7ok elektrik t\u00fcketilen y\u0131l\u0131 olarak da kay\u0131tlara ge\u00e7mi\u015ftir. Elektrik \u00fcretimi ile t\u00fcketimi aras\u0131ndaki 5.5 milyar kilovatsaat seviyesindeki fark ise ithalatla kar\u015f\u0131lanm\u0131\u015ft\u0131r. Ge\u00e7ti\u011fimiz\u00a0y\u0131l elektrik t\u00fcketimi g\u00fcnl\u00fck bazda en y\u00fcksek 10 A\u011fustos tarihinde\u00a0ger\u00e7ekle\u015fmi\u015ftir. T\u00fcrkiye, 10 A\u011fustos&#8217;ta artan hava s\u0131cakl\u0131klar\u0131 sebebiyle a\u015f\u0131r\u0131 klima kullan\u0131m\u0131na ba\u011fl\u0131 olarak 905 milyon 764 bin 38 kilovatsaat elektrik kullan\u0131m\u0131 ger\u00e7ekle\u015ftirdi.<\/p>\n<p style=\"color: #0a0a0a;\">En d\u00fc\u015f\u00fck t\u00fcketim de Kurban Bayram\u0131\u2019n\u0131n birinci g\u00fcn\u00fcne denk gelen 12 Eyl\u00fcl 2016 tarihinde ise g\u00fcnl\u00fck 513 milyon 805 bin 39 kilovatsaat elektrik t\u00fcketildi. T\u00fcrkiye\u2019nin elektrikte kurulu g\u00fcc\u00fc 2016\u2019da bir \u00f6nceki y\u0131la g\u00f6re y\u00fczde 7 oran\u0131nda b\u00fcy\u00fcrken, Enerji ve Tabii Kaynaklar Bakan\u0131 Berat Albayrak taraf\u0131ndan da\u00a0T\u00fcrkiye\u2019nin artan elektrik t\u00fcketimi yat\u0131r\u0131mlar\u0131n artarak s\u00fcrece\u011fi dile getirilmi\u015fti.<\/p>\n<p><\/p>","protected":false},"excerpt":{"rendered":"<p>Sorry, this entry is only available in Turkish. For the sake of viewer convenience, the content is shown below in the alternative language. You may click the link to switch the active language. T\u00fcrkiye Elektrik \u0130letim A\u015e&#8217;nin (TE\u0130A\u015e) verilerine g\u00f6re, ge\u00e7ti\u011fimiz y\u0131l 272 milyar kilovatsaat seviyesinde elektrik \u00fcretimi ger\u00e7ekle\u015ftiren T\u00fcrkiye de, 277.2 milyar kilovatsaat de [&hellip;]<\/p>\n","protected":false},"author":1,"featured_media":51233,"comment_status":"open","ping_status":"open","sticky":false,"template":"","format":"standard","meta":[],"categories":[51,53],"tags":[27051,68,61,19638,140,1451,2873,130,32923,63,67,1009,2698,165,1389,846],"views":811,"_links":{"self":[{"href":"https:\/\/www.enerjigazetesi.ist\/en\/wp-json\/wp\/v2\/posts\/61202"}],"collection":[{"href":"https:\/\/www.enerjigazetesi.ist\/en\/wp-json\/wp\/v2\/posts"}],"about":[{"href":"https:\/\/www.enerjigazetesi.ist\/en\/wp-json\/wp\/v2\/types\/post"}],"author":[{"embeddable":true,"href":"https:\/\/www.enerjigazetesi.ist\/en\/wp-json\/wp\/v2\/users\/1"}],"replies":[{"embeddable":true,"href":"https:\/\/www.enerjigazetesi.ist\/en\/wp-json\/wp\/v2\/comments?post=61202"}],"version-history":[{"count":3,"href":"https:\/\/www.enerjigazetesi.ist\/en\/wp-json\/wp\/v2\/posts\/61202\/revisions"}],"predecessor-version":[{"id":61205,"href":"https:\/\/www.enerjigazetesi.ist\/en\/wp-json\/wp\/v2\/posts\/61202\/revisions\/61205"}],"wp:featuredmedia":[{"embeddable":true,"href":"https:\/\/www.enerjigazetesi.ist\/en\/wp-json\/wp\/v2\/media\/51233"}],"wp:attachment":[{"href":"https:\/\/www.enerjigazetesi.ist\/en\/wp-json\/wp\/v2\/media?parent=61202"}],"wp:term":[{"taxonomy":"category","embeddable":true,"href":"https:\/\/www.enerjigazetesi.ist\/en\/wp-json\/wp\/v2\/categories?post=61202"},{"taxonomy":"post_tag","embeddable":true,"href":"https:\/\/www.enerjigazetesi.ist\/en\/wp-json\/wp\/v2\/tags?post=61202"}],"curies":[{"name":"wp","href":"https:\/\/api.w.org\/{rel}","templated":true}]}}