{"id":61184,"date":"2017-01-23T14:31:36","date_gmt":"2017-01-23T11:31:36","guid":{"rendered":"https:\/\/www.enerjigazetesi.ist\/?p=61184"},"modified":"2017-01-23T14:31:36","modified_gmt":"2017-01-23T11:31:36","slug":"elektrik-faturasini-duzenli-odeyene-sadik-tuketici-tarifesi-geliyor","status":"publish","type":"post","link":"https:\/\/www.enerjigazetesi.ist\/en\/elektrik-faturasini-duzenli-odeyene-sadik-tuketici-tarifesi-geliyor\/","title":{"rendered":"(Turkish) Elektrik Faturas\u0131n\u0131 D\u00fczenli \u00d6deyene \u201cSad\u0131k T\u00fcketici\u201d Tarifesi Geliyor"},"content":{"rendered":"<p class=\"qtranxs-available-languages-message qtranxs-available-languages-message-en\">Sorry, this entry is only available in <a href=\"https:\/\/www.enerjigazetesi.ist\/tr\/wp-json\/wp\/v2\/posts\/61184\" class=\"qtranxs-available-language-link qtranxs-available-language-link-tr\" title=\"Turkish\">Turkish<\/a>. For the sake of viewer convenience, the content is shown below in the alternative language. You may click the link to switch the active language.<\/p><p><strong>Elektrik sekt\u00f6r\u00fcnde\u00a0t\u00fcketiciler<img loading=\"lazy\" class=\"alignright wp-image-35819 size-medium\" src=\"https:\/\/www.enerjigazetesi.ist\/wp-content\/uploads\/2015\/01\/elektrik-faturas\u0131-2397823333231-300x224.jpg\" alt=\"elektrik-faturas\u0131-239782333323\" width=\"300\" height=\"224\" srcset=\"https:\/\/www.enerjigazetesi.ist\/wp-content\/uploads\/2015\/01\/elektrik-faturas\u0131-2397823333231-300x224.jpg 300w, https:\/\/www.enerjigazetesi.ist\/wp-content\/uploads\/2015\/01\/elektrik-faturas\u0131-2397823333231-500x374.jpg 500w, https:\/\/www.enerjigazetesi.ist\/wp-content\/uploads\/2015\/01\/elektrik-faturas\u0131-2397823333231-66x50.jpg 66w, https:\/\/www.enerjigazetesi.ist\/wp-content\/uploads\/2015\/01\/elektrik-faturas\u0131-2397823333231.jpg 870w\" sizes=\"(max-width: 300px) 100vw, 300px\" \/>in m\u00fc\u015fteri profilleri \u00e7\u0131kart\u0131larak \u00f6demelerine ne kadar sad\u0131k\u00a0olduklar\u0131na bak\u0131lacak ve daha sonra bu ki\u015filere \u2018sad\u0131k t\u00fcketici\u2019 tarifesi\u00a0uygulamas\u0131 yap\u0131lacakt\u0131r.<\/strong><\/p>\n<p>Yay\u0131nlanan\u00a0habere g\u00f6re t\u00fcketicilerin m\u00fc\u015fteri profilleri \u00e7\u0131kar\u0131lacak ve \u00f6demelerine ne kadar sad\u0131k olduklar\u0131na bak\u0131lacakt\u0131r.<\/p>\n<p>Daha sonra bu ki\u015filere \u2018sad\u0131k t\u00fcketici\u2019 tarifesi uygulanacakt\u0131r. Faturas\u0131n\u0131 d\u00fczenli olarak yapanlar \u00f6demesini bir ay geciktirse dahi elektri\u011fi kesilmeyecektir. Faturan\u0131n son \u00f6deme tarihi ge\u00e7ti\u011finde t\u00fcketicilere bu durum SMS ile bildirilecek ve 5 i\u015f g\u00fcn\u00fc i\u00e7erisinde faturalar\u0131n\u0131 \u00f6demedikleri takdirde elektriklerinin kesilece\u011fi hat\u0131rlat\u0131lacakt\u0131r. Sad\u0131k t\u00fcketicilerden 25 liral\u0131k a\u00e7ma ve kapama \u00fccreti de al\u0131nmayacakt\u0131r.<\/p>","protected":false},"excerpt":{"rendered":"<p>Sorry, this entry is only available in Turkish. For the sake of viewer convenience, the content is shown below in the alternative language. You may click the link to switch the active language.Elektrik sekt\u00f6r\u00fcnde\u00a0t\u00fcketicilerin m\u00fc\u015fteri profilleri \u00e7\u0131kart\u0131larak \u00f6demelerine ne kadar sad\u0131k\u00a0olduklar\u0131na bak\u0131lacak ve daha sonra bu ki\u015filere \u2018sad\u0131k t\u00fcketici\u2019 tarifesi\u00a0uygulamas\u0131 yap\u0131lacakt\u0131r. Yay\u0131nlanan\u00a0habere g\u00f6re t\u00fcketicilerin m\u00fc\u015fteri [&hellip;]<\/p>\n","protected":false},"author":1,"featured_media":35819,"comment_status":"open","ping_status":"open","sticky":false,"template":"","format":"standard","meta":[],"categories":[51,53],"tags":[68,61,1229,19638,32910,1451,2873,63,67,1009,2698,165,32911,32912,32913],"views":856,"_links":{"self":[{"href":"https:\/\/www.enerjigazetesi.ist\/en\/wp-json\/wp\/v2\/posts\/61184"}],"collection":[{"href":"https:\/\/www.enerjigazetesi.ist\/en\/wp-json\/wp\/v2\/posts"}],"about":[{"href":"https:\/\/www.enerjigazetesi.ist\/en\/wp-json\/wp\/v2\/types\/post"}],"author":[{"embeddable":true,"href":"https:\/\/www.enerjigazetesi.ist\/en\/wp-json\/wp\/v2\/users\/1"}],"replies":[{"embeddable":true,"href":"https:\/\/www.enerjigazetesi.ist\/en\/wp-json\/wp\/v2\/comments?post=61184"}],"version-history":[{"count":1,"href":"https:\/\/www.enerjigazetesi.ist\/en\/wp-json\/wp\/v2\/posts\/61184\/revisions"}],"predecessor-version":[{"id":61185,"href":"https:\/\/www.enerjigazetesi.ist\/en\/wp-json\/wp\/v2\/posts\/61184\/revisions\/61185"}],"wp:featuredmedia":[{"embeddable":true,"href":"https:\/\/www.enerjigazetesi.ist\/en\/wp-json\/wp\/v2\/media\/35819"}],"wp:attachment":[{"href":"https:\/\/www.enerjigazetesi.ist\/en\/wp-json\/wp\/v2\/media?parent=61184"}],"wp:term":[{"taxonomy":"category","embeddable":true,"href":"https:\/\/www.enerjigazetesi.ist\/en\/wp-json\/wp\/v2\/categories?post=61184"},{"taxonomy":"post_tag","embeddable":true,"href":"https:\/\/www.enerjigazetesi.ist\/en\/wp-json\/wp\/v2\/tags?post=61184"}],"curies":[{"name":"wp","href":"https:\/\/api.w.org\/{rel}","templated":true}]}}