{"id":61152,"date":"2017-01-23T10:58:11","date_gmt":"2017-01-23T07:58:11","guid":{"rendered":"https:\/\/www.enerjigazetesi.ist\/?p=61152"},"modified":"2017-01-23T12:19:41","modified_gmt":"2017-01-23T09:19:41","slug":"yenilenebilir-enerji-ve-ekipman-uretiminde-yerlilesme-buyuk-katkilar-saglayacak","status":"publish","type":"post","link":"https:\/\/www.enerjigazetesi.ist\/en\/yenilenebilir-enerji-ve-ekipman-uretiminde-yerlilesme-buyuk-katkilar-saglayacak\/","title":{"rendered":"(Turkish) Yenilenebilir Ekipman \u00dcretiminde Yerlile\u015fme B\u00fcy\u00fck Katk\u0131lar Sa\u011flayacak"},"content":{"rendered":"<p class=\"qtranxs-available-languages-message qtranxs-available-languages-message-en\">Sorry, this entry is only available in <a href=\"https:\/\/www.enerjigazetesi.ist\/tr\/wp-json\/wp\/v2\/posts\/61152\" class=\"qtranxs-available-language-link qtranxs-available-language-link-tr\" title=\"Turkish\">Turkish<\/a>. For the sake of viewer convenience, the content is shown below in the alternative language. You may click the link to switch the active language.<\/p><p><\/p>\n<p style=\"color: #0a0a0a;\"><strong>Uluslararas\u0131 Yenilenebilir Enerji Ajans\u0131 (IRENA) Genel Direkt\u00f6r Amin taraf\u0131ndan \u201cYenilenebilirde hem enerji hem de ekipman \u00fcretiminin yerlile\u015fmesi \u00fclkelerin kendi istihdam\u0131na da b\u00fcy\u00fck katk\u0131lar sa\u011flayacakt\u0131r.\u201d denildi.<\/strong><\/p>\n<p style=\"color: #0a0a0a;\">Amin, yapt\u0131\u011f\u0131 de\u011ferlendirmede, yenilenebilir enerji kaynaklar\u0131nda giderek maliyetin d\u00fc\u015ft\u00fc\u011f\u00fcn\u00fc ve b\u00f6ylelikl<a href=\"https:\/\/www.enerjigazetesi.ist\/wp-content\/uploads\/2016\/04\/yenilenebilir-enerji-kapasitesi-2015te-yuzde-8-3-artti.jpg\"><img loading=\"lazy\" class=\"alignright size-medium wp-image-51962\" src=\"https:\/\/www.enerjigazetesi.ist\/wp-content\/uploads\/2016\/04\/yenilenebilir-enerji-kapasitesi-2015te-yuzde-8-3-artti-300x199.jpg\" alt=\"yenilenebilir-enerji\" width=\"300\" height=\"199\" srcset=\"https:\/\/www.enerjigazetesi.ist\/wp-content\/uploads\/2016\/04\/yenilenebilir-enerji-kapasitesi-2015te-yuzde-8-3-artti-300x199.jpg 300w, https:\/\/www.enerjigazetesi.ist\/wp-content\/uploads\/2016\/04\/yenilenebilir-enerji-kapasitesi-2015te-yuzde-8-3-artti-500x332.jpg 500w, https:\/\/www.enerjigazetesi.ist\/wp-content\/uploads\/2016\/04\/yenilenebilir-enerji-kapasitesi-2015te-yuzde-8-3-artti-75x50.jpg 75w, https:\/\/www.enerjigazetesi.ist\/wp-content\/uploads\/2016\/04\/yenilenebilir-enerji-kapasitesi-2015te-yuzde-8-3-artti.jpg 870w\" sizes=\"(max-width: 300px) 100vw, 300px\" \/><\/a>e kapasitelerinin de h\u0131zla b\u00fcy\u00fcyece\u011fini ifade etti.<\/p>\n<p style=\"color: #0a0a0a;\">Amin, yenilenebilir enerji end\u00fcstrisinde istihdam\u0131n d\u00fcnya \u00e7ap\u0131nda 9,5 milyona ula\u015ft\u0131\u011f\u0131n\u0131 belirterek, s\u00f6zlerini \u015f\u00f6yle s\u00fcrd\u00fcrd\u00fc: \u201c\u015eu anda d\u00fcnya \u00e7ap\u0131nda 9,5 milyon insan yenilenebilir enerji sekt\u00f6r\u00fcnde istihdam edilmektedir. Yenilenebilirde hem enerji hem de ekipman \u00fcretiminin yerlile\u015fmesi \u00fclkelerin kendi istihdam\u0131na da b\u00fcy\u00fck katk\u0131lar sa\u011flayacakt\u0131r, \u00f6zellikle gen\u00e7 n\u00fcfusa istihdam olu\u015fturulmas\u0131 a\u00e7\u0131s\u0131ndan \u00e7ok \u00f6nemlidir. Bu yerlile\u015fme anlay\u0131\u015f\u0131 gelece\u011fin trendi olacak ve \u00fclkelerin hem ekonomik hem de siyasi istikrarlar\u0131na katk\u0131 yapacak bir \u015fartt\u0131r. B\u00fcy\u00fck firmalar da sekt\u00f6rde kalmak istiyorlarsa, yerlile\u015fme d\u00fc\u015f\u00fcncesini kabul etmek zorundalard\u0131r. Tabii ki yerli \u00fcretim yaparken, kalite ve standartlardan \u00f6d\u00fcn vermemek \u00e7ok \u00f6nemlidir, \u00e7\u00fcnk\u00fc \u00fcretimin kalitesi de yenilenebilir enerji kaynaklar\u0131n\u0131n gelece\u011fini etkileyecek bir unsurdur.\u201d dedi.<\/p>\n<p style=\"color: #0a0a0a;\">Kaynak: <a href=\"https:\/\/www.enerjigazetesi.ist\/yenilenebilir-enerji-ve-ekipman-uretiminde-yerlilesme-buyuk-katkilar-saglayacak\/\" target=\"_blank\" rel=\"nofollow\">Enerji Enstit\u00fcs\u00fc<\/a><\/p>\n<p><\/p>","protected":false},"excerpt":{"rendered":"<p>Sorry, this entry is only available in Turkish. For the sake of viewer convenience, the content is shown below in the alternative language. You may click the link to switch the active language. Uluslararas\u0131 Yenilenebilir Enerji Ajans\u0131 (IRENA) Genel Direkt\u00f6r Amin taraf\u0131ndan \u201cYenilenebilirde hem enerji hem de ekipman \u00fcretiminin yerlile\u015fmesi \u00fclkelerin kendi istihdam\u0131na da b\u00fcy\u00fck [&hellip;]<\/p>\n","protected":false},"author":1,"featured_media":51962,"comment_status":"open","ping_status":"open","sticky":false,"template":"","format":"standard","meta":[],"categories":[53,49,50],"tags":[3397,63,67,1009,1475,2698,165,3386,3387,105,1802,32902],"views":711,"_links":{"self":[{"href":"https:\/\/www.enerjigazetesi.ist\/en\/wp-json\/wp\/v2\/posts\/61152"}],"collection":[{"href":"https:\/\/www.enerjigazetesi.ist\/en\/wp-json\/wp\/v2\/posts"}],"about":[{"href":"https:\/\/www.enerjigazetesi.ist\/en\/wp-json\/wp\/v2\/types\/post"}],"author":[{"embeddable":true,"href":"https:\/\/www.enerjigazetesi.ist\/en\/wp-json\/wp\/v2\/users\/1"}],"replies":[{"embeddable":true,"href":"https:\/\/www.enerjigazetesi.ist\/en\/wp-json\/wp\/v2\/comments?post=61152"}],"version-history":[{"count":4,"href":"https:\/\/www.enerjigazetesi.ist\/en\/wp-json\/wp\/v2\/posts\/61152\/revisions"}],"predecessor-version":[{"id":61166,"href":"https:\/\/www.enerjigazetesi.ist\/en\/wp-json\/wp\/v2\/posts\/61152\/revisions\/61166"}],"wp:featuredmedia":[{"embeddable":true,"href":"https:\/\/www.enerjigazetesi.ist\/en\/wp-json\/wp\/v2\/media\/51962"}],"wp:attachment":[{"href":"https:\/\/www.enerjigazetesi.ist\/en\/wp-json\/wp\/v2\/media?parent=61152"}],"wp:term":[{"taxonomy":"category","embeddable":true,"href":"https:\/\/www.enerjigazetesi.ist\/en\/wp-json\/wp\/v2\/categories?post=61152"},{"taxonomy":"post_tag","embeddable":true,"href":"https:\/\/www.enerjigazetesi.ist\/en\/wp-json\/wp\/v2\/tags?post=61152"}],"curies":[{"name":"wp","href":"https:\/\/api.w.org\/{rel}","templated":true}]}}