{"id":6110,"date":"2013-02-05T14:47:01","date_gmt":"2013-02-05T11:47:01","guid":{"rendered":"https:\/\/www.enerjigazetesi.ist\/?p=6110"},"modified":"2013-02-05T14:48:36","modified_gmt":"2013-02-05T11:48:36","slug":"sanayi-ve-enerji-verimliligi","status":"publish","type":"post","link":"https:\/\/www.enerjigazetesi.ist\/en\/sanayi-ve-enerji-verimliligi\/","title":{"rendered":"(Turkish) Sanayi ve Enerji G\u00fcndemi"},"content":{"rendered":"<p class=\"qtranxs-available-languages-message qtranxs-available-languages-message-en\">Sorry, this entry is only available in <a href=\"https:\/\/www.enerjigazetesi.ist\/tr\/wp-json\/wp\/v2\/posts\/6110\" class=\"qtranxs-available-language-link qtranxs-available-language-link-tr\" title=\"Turkish\">Turkish<\/a>. For the sake of viewer convenience, the content is shown below in the alternative language. You may click the link to switch the active language.<\/p><p><strong>10 y\u0131l \u00f6nce her kavram\u0131n ba\u015f\u0131na \u201cs\u00fcrd\u00fcr\u00fclebilir\u201d kelimesini koyard\u0131k.<\/strong><\/p>\n<p>\u015eimdi ekonomiye dair her c\u00fcmlemiz \u201cenerji\u201d ile ba\u015fl\u0131yor, \u201cverimlilik\u201d ile bitiyor neredeyse\u2026 Sebebi anla\u015f\u0131labilir\u2026 Zira gezegen \u0131s\u0131n\u0131yor, \u00e7evre temel duyarl\u0131l\u0131k, kriz kaynaklar\u0131 sorgulat\u0131yor ve petrol, do\u011falgaz, k\u00f6m\u00fcr azal\u0131yor.<\/p>\n<p>Zaten s\u00fcrd\u00fcr\u00fclebilir kalk\u0131nman\u0131n temel prensiplerinden biri, do\u011fal kaynaklar\u0131n \u00fczerindeki bask\u0131y\u0131 d\u00fc\u015f\u00fcrmek ise t\u00fcketilen enerjiyi azaltmak, bunu sa\u011flayacak. Birle\u015fmi\u015f Milletler Kalk\u0131nma Program\u0131 UNDP ile Enerji Bakanl\u0131\u011f\u0131 Yenilenebilir Enerji Genel M\u00fcd\u00fcrl\u00fc\u011f\u00fc, bu ama\u00e7la proje geli\u015ftirmi\u015f: Sanayide enerji verimlili\u011fini art\u0131rma\u2026<\/p>\n<p><img loading=\"lazy\" class=\"alignleft size-medium wp-image-6111\" title=\"sanayi-ve-enerji-verimliligi505x378\" src=\"https:\/\/www.enerjigazetesi.ist\/wp-content\/uploads\/2013\/02\/sanayi-ve-enerji-verimliligi505x378-300x224.jpg\" alt=\"\" width=\"300\" height=\"224\" srcset=\"https:\/\/www.enerjigazetesi.ist\/wp-content\/uploads\/2013\/02\/sanayi-ve-enerji-verimliligi505x378-300x224.jpg 300w, https:\/\/www.enerjigazetesi.ist\/wp-content\/uploads\/2013\/02\/sanayi-ve-enerji-verimliligi505x378-500x374.jpg 500w, https:\/\/www.enerjigazetesi.ist\/wp-content\/uploads\/2013\/02\/sanayi-ve-enerji-verimliligi505x378-66x50.jpg 66w, https:\/\/www.enerjigazetesi.ist\/wp-content\/uploads\/2013\/02\/sanayi-ve-enerji-verimliligi505x378.jpg 505w\" sizes=\"(max-width: 300px) 100vw, 300px\" \/>Program\u0131n y\u00f6neticisi Necmettin Tokur, ama\u00e7lar\u0131n\u0131n, enerji yo\u011fun sekt\u00f6rlerde t\u00fcketimin azalt\u0131lmas\u0131n\u0131 sa\u011flamak oldu\u011funu s\u00f6yl\u00fcyor. Bu ama\u00e7la 350 kurulu\u015fta enerji et\u00fcd\u00fc ger\u00e7ekle\u015ftiriyorlar. %20 tasarruf sa\u011flansa dahi, bunun ekonomiye katk\u0131s\u0131 yads\u0131namaz.<\/p>\n<p>\u0130kinci projeleri, binalardaki yenilenmeyi hedef al\u0131yor. Enerji verimlili\u011finin ba\u015ftan tasarlanmas\u0131 i\u00e7in entegre bina tasar\u0131 konsepti geli\u015ftiriyorlar. Makine, in\u015faat, elektrik m\u00fchendisleri, projeyi bir arada ele alarak verimlili\u011fi binan\u0131n temeline koyacaklar.<\/p>\n<p>Bu y\u00f6ntemle 2 okul ve 1 kamu binas\u0131 tasarland\u0131 bile\u2026 Yak\u0131n gelecekte, beyaz e\u015fyalar\u0131n \u00fczerindeki enerji etiketlerini, bina giri\u015flerinde g\u00f6rebilece\u011fiz: \u201cBu bina A+++ etiketlidir.\u201d<\/p>\n<p>Ancak enerji verimlili\u011fini tabana yaymada daha fazla kat\u0131l\u0131m\u0131 gerektiren proje, enerji verimli cihazlar\u0131n piyasa d\u00f6n\u00fc\u015f\u00fcm\u00fcn\u00fc ama\u00e7l\u0131yor. \u015eu anda buzdolab\u0131ndaki enerji etiketi zorunlulu\u011fu, bu y\u0131l i\u00e7inde televizyon, \u00e7ama\u015f\u0131r, kurutma, klima ve bula\u015f\u0131k makinesi i\u00e7in de gerekli hale getirilecek.<\/p>\n<p>Anlam\u0131, art\u0131k sanayi, belli t\u00fcketimi d\u00fczeyinin \u00fcst\u00fcnde sarfiyatl\u0131 cihaz \u00fcretemeyecek, satamayacak.<\/p>\n<p>1 Temmuz 2012\u2032den beri piyasada A+ alt\u0131nda etiketli buzdolab\u0131 sat\u0131\u015f\u0131 yasak. Necmettin Tokur, bu y\u0131l kapsam\u0131 geni\u015fletmek i\u00e7in \u00e7al\u0131\u015ft\u0131klar\u0131n\u0131 s\u00f6yl\u00fcyor.<\/p>\n<p>UNDP\u2019den Deniz \u015eilliler Tapan da AB\u2019nin en iyi etiketleme mevzuat\u0131n\u0131 \u00fclkemizde hayata ge\u00e7irmek i\u00e7in Sanayi Bakanl\u0131\u011f\u0131 \u0130l M\u00fcd\u00fcrl\u00fcklerindeki 300 denet\u00e7iyi e\u011fittiklerini belirtiyor.<\/p>\n<p>Piyasa izleme veri taban\u0131, sera gaz\u0131 sal\u0131n\u0131mlar\u0131 \u00f6l\u00e7me, toplama, binalar i\u00e7in etiket\u2026<\/p>\n<p>T\u00fcrkiye bu sayede 66 terawat tasarruf yapman\u0131n \u00f6tesinde, enerjinin damlas\u0131n\u0131 ziyan etmemeyi \u00f6\u011frenmi\u015f olacak&#8230;<\/p>\n<p>Kaynak: <a href=\"http:\/\/enerjienstitusu.com\/2013\/02\/04\/kose-yazisi-sanayi-ve-enerji\/\" target=\"_blank\">Enerji Enstit\u00fcs\u00fc<\/a><\/p>","protected":false},"excerpt":{"rendered":"<p>Sorry, this entry is only available in Turkish. For the sake of viewer convenience, the content is shown below in the alternative language. You may click the link to switch the active language.10 y\u0131l \u00f6nce her kavram\u0131n ba\u015f\u0131na \u201cs\u00fcrd\u00fcr\u00fclebilir\u201d kelimesini koyard\u0131k. \u015eimdi ekonomiye dair her c\u00fcmlemiz \u201cenerji\u201d ile ba\u015fl\u0131yor, \u201cverimlilik\u201d ile bitiyor neredeyse\u2026 Sebebi anla\u015f\u0131labilir\u2026 [&hellip;]<\/p>\n","protected":false},"author":1,"featured_media":6111,"comment_status":"open","ping_status":"open","sticky":false,"template":"","format":"standard","meta":[],"categories":[53,52],"tags":[2219,67,165,103,12,1902,2220,846,2218,1781,133,1782,2168],"views":800,"_links":{"self":[{"href":"https:\/\/www.enerjigazetesi.ist\/en\/wp-json\/wp\/v2\/posts\/6110"}],"collection":[{"href":"https:\/\/www.enerjigazetesi.ist\/en\/wp-json\/wp\/v2\/posts"}],"about":[{"href":"https:\/\/www.enerjigazetesi.ist\/en\/wp-json\/wp\/v2\/types\/post"}],"author":[{"embeddable":true,"href":"https:\/\/www.enerjigazetesi.ist\/en\/wp-json\/wp\/v2\/users\/1"}],"replies":[{"embeddable":true,"href":"https:\/\/www.enerjigazetesi.ist\/en\/wp-json\/wp\/v2\/comments?post=6110"}],"version-history":[{"count":4,"href":"https:\/\/www.enerjigazetesi.ist\/en\/wp-json\/wp\/v2\/posts\/6110\/revisions"}],"predecessor-version":[{"id":6115,"href":"https:\/\/www.enerjigazetesi.ist\/en\/wp-json\/wp\/v2\/posts\/6110\/revisions\/6115"}],"wp:featuredmedia":[{"embeddable":true,"href":"https:\/\/www.enerjigazetesi.ist\/en\/wp-json\/wp\/v2\/media\/6111"}],"wp:attachment":[{"href":"https:\/\/www.enerjigazetesi.ist\/en\/wp-json\/wp\/v2\/media?parent=6110"}],"wp:term":[{"taxonomy":"category","embeddable":true,"href":"https:\/\/www.enerjigazetesi.ist\/en\/wp-json\/wp\/v2\/categories?post=6110"},{"taxonomy":"post_tag","embeddable":true,"href":"https:\/\/www.enerjigazetesi.ist\/en\/wp-json\/wp\/v2\/tags?post=6110"}],"curies":[{"name":"wp","href":"https:\/\/api.w.org\/{rel}","templated":true}]}}