{"id":61080,"date":"2017-01-20T13:32:59","date_gmt":"2017-01-20T10:32:59","guid":{"rendered":"https:\/\/www.enerjigazetesi.ist\/?p=61080"},"modified":"2017-01-20T13:32:59","modified_gmt":"2017-01-20T10:32:59","slug":"artik-evler-elektrik-ureten-kucuk-santraller-haline-donusecek","status":"publish","type":"post","link":"https:\/\/www.enerjigazetesi.ist\/en\/artik-evler-elektrik-ureten-kucuk-santraller-haline-donusecek\/","title":{"rendered":"(Turkish) Art\u0131k Evler Elektrik \u00dcreten K\u00fc\u00e7\u00fck Santraller Haline D\u00f6n\u00fc\u015fecek"},"content":{"rendered":"<p class=\"qtranxs-available-languages-message qtranxs-available-languages-message-en\">Sorry, this entry is only available in <a href=\"https:\/\/www.enerjigazetesi.ist\/tr\/wp-json\/wp\/v2\/posts\/61080\" class=\"qtranxs-available-language-link qtranxs-available-language-link-tr\" title=\"Turkish\">Turkish<\/a>. For the sake of viewer convenience, the content is shown below in the alternative language. You may click the link to switch the active language.<\/p><p><\/p>\n<p style=\"color: #0a0a0a;\"><strong>Karadeniz Teknik \u00dcniversitesi (KT\u00dc) Elektrik Elektronik M\u00fchendisli\u011fi B\u00f6l\u00fcm\u00fc taraf\u0131ndan y\u00fcr\u00fct\u00fclen, \u201cG\u00fcne\u015f Enerjisinden Beslenen Ev ve \u015eebekelerde Enerji Verimlili\u011finin Artt\u0131r\u0131lmas\u0131\u201d projesiyle evlerin elektrik \u00fcreten k\u00fc\u00e7\u00fck birer santral haline d\u00f6n\u00fc\u015ft\u00fcr\u00fclmesi hedeflenmektedir.<\/strong><\/p>\n<p style=\"color: #0a0a0a;\">B\u00f6l\u00fcm Ba\u015fkan\u0131 Prof. Dr. \u0130smail Hakk\u0131 Alta\u015f dan\u0131\u015fmanl\u0131\u011f\u0131nda doktora \u00f6\u011frencileri Recep \u00c7akmak ve Yahya Da<a href=\"https:\/\/www.enerjigazetesi.ist\/wp-content\/uploads\/2012\/12\/gunes-enerjisi-cati-ustu-sistemler-abd.jpg\"><img loading=\"lazy\" class=\"alignright size-medium wp-image-4366\" src=\"https:\/\/www.enerjigazetesi.ist\/wp-content\/uploads\/2012\/12\/gunes-enerjisi-cati-ustu-sistemler-abd-300x201.jpg\" alt=\"gunes-enerjisi-cati-ustu-sistemler\" width=\"300\" height=\"201\" srcset=\"https:\/\/www.enerjigazetesi.ist\/wp-content\/uploads\/2012\/12\/gunes-enerjisi-cati-ustu-sistemler-abd-300x201.jpg 300w, https:\/\/www.enerjigazetesi.ist\/wp-content\/uploads\/2012\/12\/gunes-enerjisi-cati-ustu-sistemler-abd-74x50.jpg 74w, https:\/\/www.enerjigazetesi.ist\/wp-content\/uploads\/2012\/12\/gunes-enerjisi-cati-ustu-sistemler-abd.jpg 372w\" sizes=\"(max-width: 300px) 100vw, 300px\" \/><\/a>nayiyen\u2019in tez \u00e7al\u0131\u015fmas\u0131nda, \u201cG\u00fcne\u015f Enerjisinden Beslenen Ev ve \u015eebekelerde Enerji Verimlili\u011finin Artt\u0131r\u0131lmas\u0131\u201d konulu AR-GE projesi haz\u0131rland\u0131. Doktora \u00f6\u011frencileri \u00c7akmak ve Danayiyen ile y\u00fcksek lisans \u00f6\u011frencisi Sibel \u00c7evik ve Ahsen Uluta\u015f\u2019\u0131n da kat\u0131ld\u0131\u011f\u0131 ve prototipi haz\u0131rlanan projeyle t\u00fcketicilerinin elektrik faturas\u0131 tutar\u0131n\u0131n d\u00fc\u015f\u00fcr\u00fclmesi, da\u011f\u0131t\u0131m \u015febekesindeki kay\u0131plar\u0131n azalt\u0131lmas\u0131 ve \u015febekenin \u00f6mr\u00fcn\u00fcn uzat\u0131lmas\u0131 hedeflenmektedir.<\/p>\n<p style=\"color: #0a0a0a;\">Proje kapsam\u0131nda evlerin \u00e7at\u0131lar\u0131 ve g\u00fcne\u015fe bakan cephelerinin g\u00fcne\u015f panelleriyle kaplanaca\u011f\u0131n\u0131, b\u00f6ylece konutlar\u0131n hem t\u00fcketim hem de \u00fcretim yapaca\u011f\u0131n\u0131 belirten\u00a0Alta\u015f, \u201cBu projeyle \u00fcretim yapan t\u00fcketiciler de olacak. Evinin yap\u0131sal \u00f6zelli\u011fine ba\u011fl\u0131 olarak duvar\u0131na ya da \u00e7at\u0131s\u0131na konulan panelle \u00fcretti\u011fi elektri\u011fi, t\u00fcketmezse elektrik \u015febekesine satabilecektir. B\u00f6ylece t\u00fcketici, \u00fcretici olarak para kazanabilecektir.\u201d\u00a0ifadelerine yer verdi.<\/p>\n<p><\/p>","protected":false},"excerpt":{"rendered":"<p>Sorry, this entry is only available in Turkish. For the sake of viewer convenience, the content is shown below in the alternative language. You may click the link to switch the active language. Karadeniz Teknik \u00dcniversitesi (KT\u00dc) Elektrik Elektronik M\u00fchendisli\u011fi B\u00f6l\u00fcm\u00fc taraf\u0131ndan y\u00fcr\u00fct\u00fclen, \u201cG\u00fcne\u015f Enerjisinden Beslenen Ev ve \u015eebekelerde Enerji Verimlili\u011finin Artt\u0131r\u0131lmas\u0131\u201d projesiyle evlerin elektrik [&hellip;]<\/p>\n","protected":false},"author":1,"featured_media":4366,"comment_status":"open","ping_status":"open","sticky":false,"template":"","format":"standard","meta":[],"categories":[51,53,49],"tags":[21112,63,67,1009,2698,165,227,13,32874,23133,22975,4269,32875,1190,22474,105],"views":1218,"_links":{"self":[{"href":"https:\/\/www.enerjigazetesi.ist\/en\/wp-json\/wp\/v2\/posts\/61080"}],"collection":[{"href":"https:\/\/www.enerjigazetesi.ist\/en\/wp-json\/wp\/v2\/posts"}],"about":[{"href":"https:\/\/www.enerjigazetesi.ist\/en\/wp-json\/wp\/v2\/types\/post"}],"author":[{"embeddable":true,"href":"https:\/\/www.enerjigazetesi.ist\/en\/wp-json\/wp\/v2\/users\/1"}],"replies":[{"embeddable":true,"href":"https:\/\/www.enerjigazetesi.ist\/en\/wp-json\/wp\/v2\/comments?post=61080"}],"version-history":[{"count":1,"href":"https:\/\/www.enerjigazetesi.ist\/en\/wp-json\/wp\/v2\/posts\/61080\/revisions"}],"predecessor-version":[{"id":61081,"href":"https:\/\/www.enerjigazetesi.ist\/en\/wp-json\/wp\/v2\/posts\/61080\/revisions\/61081"}],"wp:featuredmedia":[{"embeddable":true,"href":"https:\/\/www.enerjigazetesi.ist\/en\/wp-json\/wp\/v2\/media\/4366"}],"wp:attachment":[{"href":"https:\/\/www.enerjigazetesi.ist\/en\/wp-json\/wp\/v2\/media?parent=61080"}],"wp:term":[{"taxonomy":"category","embeddable":true,"href":"https:\/\/www.enerjigazetesi.ist\/en\/wp-json\/wp\/v2\/categories?post=61080"},{"taxonomy":"post_tag","embeddable":true,"href":"https:\/\/www.enerjigazetesi.ist\/en\/wp-json\/wp\/v2\/tags?post=61080"}],"curies":[{"name":"wp","href":"https:\/\/api.w.org\/{rel}","templated":true}]}}