{"id":61071,"date":"2017-01-19T12:47:19","date_gmt":"2017-01-19T09:47:19","guid":{"rendered":"https:\/\/www.enerjigazetesi.ist\/?p=61071"},"modified":"2017-01-19T12:47:19","modified_gmt":"2017-01-19T09:47:19","slug":"yuzde-100-yenilenebilir-enerjiyle-calisan-kataraman-yat-dunya-turuna-cikiyor","status":"publish","type":"post","link":"https:\/\/www.enerjigazetesi.ist\/en\/yuzde-100-yenilenebilir-enerjiyle-calisan-kataraman-yat-dunya-turuna-cikiyor\/","title":{"rendered":"(Turkish) %100 Yenilenebilir Enerjiyle \u00c7al\u0131\u015fan Kataraman Yat D\u00fcnya Turuna \u00c7\u0131k\u0131yor"},"content":{"rendered":"<p class=\"qtranxs-available-languages-message qtranxs-available-languages-message-en\">Sorry, this entry is only available in <a href=\"https:\/\/www.enerjigazetesi.ist\/tr\/wp-json\/wp\/v2\/posts\/61071\" class=\"qtranxs-available-language-link qtranxs-available-language-link-tr\" title=\"Turkish\">Turkish<\/a>. For the sake of viewer convenience, the content is shown below in the alternative language. You may click the link to switch the active language.<\/p><p><\/p>\n<p style=\"color: #0a0a0a;\"><strong>Y\u00fczde 100 olarak yenilenebilir enerjiyle \u00e7al\u0131\u015fan katamaran yat \u2018Energy Observer\u2019in tasar\u0131m\u0131, tarihi D\u00fcnya turuna \u00e7\u0131k\u0131yor. Alt\u0131 y\u0131l s\u00fcrecek yolculukta Katamaran yatta g\u00fcne\u015f ve r\u00fczgar enerjisi haricinde deniz suyunu hidrojene \u00e7eviren bir yak\u0131t bataryas\u0131\u00a0da kullan\u0131lacak.<\/strong><\/p>\n<p style=\"color: #0a0a0a;\">Hi\u00e7bir \u015fekilde karbon monoksit a\u00e7\u0131\u011fa \u00e7\u0131karmayan yat Fransa\u2019n\u0131n kuzey bat\u0131s\u0131nda bulunan Britanny \u015fehrinde m\u00fchendis, mimar <a href=\"https:\/\/www.enerjigazetesi.ist\/wp-content\/uploads\/2017\/01\/yuzde-100-yenilenebilir-enerjiyle-calisan-kataraman-yat-dunya-turuna-cikiyor.jpg\"><img loading=\"lazy\" class=\"alignleft  wp-image-61072\" src=\"https:\/\/www.enerjigazetesi.ist\/wp-content\/uploads\/2017\/01\/yuzde-100-yenilenebilir-enerjiyle-calisan-kataraman-yat-dunya-turuna-cikiyor-300x225.jpg\" alt=\"yuzde-100-yenilenebilir-enerjiyle-calisan-kataraman-yat-dunya-turuna-cikiyor\" width=\"300\" height=\"175\" \/><\/a>ve denizcilerden olu\u015fan 50 ki\u015filik bir ekip taraf\u0131ndan haz\u0131rlan\u0131yor. Victorien Erusard, Energy Observer Kaptan\u0131: \u201cEnergy Observer teknolojiye adeta bir meydan okumad\u0131r. G\u00fcne\u015fin g\u00fcc\u00fcn\u00fc kullanarak hareket eden ve Fransa\u2019da \u00fcretilen bu tekne, tamam\u0131yla do\u011fal yenilenebilir enerji kullanarak D\u00fcnya turunu ba\u015fka hi\u00e7bir \u015feye ihtiya\u00e7 duymadan yapabilecektir.\u201d dedi.<\/p>\n<p style=\"color: #0a0a0a;\">30 metrelik katamaran tipi yatta g\u00fcne\u015f panelleri, r\u00fczgar t\u00fcrbini ve hidrojen yak\u0131t-batarya sistemi bulunmaktad\u0131r. Energy Observer daha \u00f6nce yar\u0131\u015flarda kullan\u0131lan bir s\u00fcrat teknesinin g\u00f6vdesi kullan\u0131larak in\u015fa edilmi\u015ftir. Teknenin tasar\u0131m a\u015famas\u0131 \u00fc\u00e7 y\u0131l s\u00fcrm\u00fc\u015ft\u00fcr. Boyutu ayn\u0131 kalm\u0131\u015f ancak a\u011f\u0131rl\u0131\u011f\u0131 iki kat artm\u0131\u015ft\u0131r. \u015eu anda 20 tonluk bir a\u011f\u0131rl\u0131\u011fa sahiptir. Teknenin yapaca\u011f\u0131 D\u00fcnya turu kameraya kaydedilerek bir belgesel de yap\u0131lacakt\u0131r.<\/p>\n<p style=\"color: #0a0a0a;\">Kaynak: <a href=\"http:\/\/enerjienstitusu.com\/2017\/01\/17\/%100-yenilenebilir-enerjiyle-calisan-energy-observer-teknesi-dunya-turuna-cikacak\/\" target=\"_blank\" rel=\"nofollow\">Enerji Enstit\u00fcs\u00fc<\/a><\/p>\n<p><\/p>","protected":false},"excerpt":{"rendered":"<p>Sorry, this entry is only available in Turkish. For the sake of viewer convenience, the content is shown below in the alternative language. You may click the link to switch the active language. Y\u00fczde 100 olarak yenilenebilir enerjiyle \u00e7al\u0131\u015fan katamaran yat \u2018Energy Observer\u2019in tasar\u0131m\u0131, tarihi D\u00fcnya turuna \u00e7\u0131k\u0131yor. Alt\u0131 y\u0131l s\u00fcrecek yolculukta Katamaran yatta g\u00fcne\u015f [&hellip;]<\/p>\n","protected":false},"author":1,"featured_media":61072,"comment_status":"open","ping_status":"open","sticky":false,"template":"","format":"standard","meta":[],"categories":[53,49,50],"tags":[27868,32870,63,67,1009,2698,165,1346,227,13,23133,22975,4269,1210,32871,16,32869,105],"views":1271,"_links":{"self":[{"href":"https:\/\/www.enerjigazetesi.ist\/en\/wp-json\/wp\/v2\/posts\/61071"}],"collection":[{"href":"https:\/\/www.enerjigazetesi.ist\/en\/wp-json\/wp\/v2\/posts"}],"about":[{"href":"https:\/\/www.enerjigazetesi.ist\/en\/wp-json\/wp\/v2\/types\/post"}],"author":[{"embeddable":true,"href":"https:\/\/www.enerjigazetesi.ist\/en\/wp-json\/wp\/v2\/users\/1"}],"replies":[{"embeddable":true,"href":"https:\/\/www.enerjigazetesi.ist\/en\/wp-json\/wp\/v2\/comments?post=61071"}],"version-history":[{"count":1,"href":"https:\/\/www.enerjigazetesi.ist\/en\/wp-json\/wp\/v2\/posts\/61071\/revisions"}],"predecessor-version":[{"id":61073,"href":"https:\/\/www.enerjigazetesi.ist\/en\/wp-json\/wp\/v2\/posts\/61071\/revisions\/61073"}],"wp:featuredmedia":[{"embeddable":true,"href":"https:\/\/www.enerjigazetesi.ist\/en\/wp-json\/wp\/v2\/media\/61072"}],"wp:attachment":[{"href":"https:\/\/www.enerjigazetesi.ist\/en\/wp-json\/wp\/v2\/media?parent=61071"}],"wp:term":[{"taxonomy":"category","embeddable":true,"href":"https:\/\/www.enerjigazetesi.ist\/en\/wp-json\/wp\/v2\/categories?post=61071"},{"taxonomy":"post_tag","embeddable":true,"href":"https:\/\/www.enerjigazetesi.ist\/en\/wp-json\/wp\/v2\/tags?post=61071"}],"curies":[{"name":"wp","href":"https:\/\/api.w.org\/{rel}","templated":true}]}}