{"id":61056,"date":"2017-01-19T11:44:13","date_gmt":"2017-01-19T08:44:13","guid":{"rendered":"https:\/\/www.enerjigazetesi.ist\/?p=61056"},"modified":"2017-01-19T11:44:13","modified_gmt":"2017-01-19T08:44:13","slug":"izmir-reste-1000-mw-sinirini-asarak-turkiyenin-lideri-konumuna-geldi","status":"publish","type":"post","link":"https:\/\/www.enerjigazetesi.ist\/en\/izmir-reste-1000-mw-sinirini-asarak-turkiyenin-lideri-konumuna-geldi\/","title":{"rendered":"(Turkish) \u0130zmir, RES&#8217;te 1000 MW S\u0131n\u0131r\u0131n\u0131 A\u015farak T\u00fcrkiye\u2019nin Lideri Konumuna Geldi"},"content":{"rendered":"<p class=\"qtranxs-available-languages-message qtranxs-available-languages-message-en\">Sorry, this entry is only available in <a href=\"https:\/\/www.enerjigazetesi.ist\/tr\/wp-json\/wp\/v2\/posts\/61056\" class=\"qtranxs-available-language-link qtranxs-available-language-link-tr\" title=\"Turkish\">Turkish<\/a>. For the sake of viewer convenience, the content is shown below in the alternative language. You may click the link to switch the active language.<\/p><p><\/p>\n<p style=\"color: #0a0a0a;\"><strong>Ge\u00e7ti\u011fimiz\u00a0on y\u0131l i\u00e7erisinde R\u00fczgar Enerjisi Santralleri\u2019nde (RES) pek \u00e7ok yat\u0131r\u0131m\u0131n devreye al\u0131nd\u0131\u011f\u0131 \u0130zmir, 2017 y\u0131l\u0131 ile birlikte kurulu g\u00fc\u00e7te 1000 Megavat (MW) s\u0131n\u0131r\u0131n\u0131 a\u015farak, T\u00fcrkiye\u2019nin lideri\u00a0konumuna gelmi\u015ftir.<\/strong><\/p>\n<p style=\"color: #0a0a0a;\">\u0130zmir&#8217;de aral\u0131kta 127 MW g\u00fcc\u00fcnde RES yat\u0131r\u0131m\u0131n\u0131n devreye al\u0131nmas\u0131 ile toplam kurulu g\u00fc\u00e7 1076 MW olurken; \u0130z<a href=\"https:\/\/www.enerjigazetesi.ist\/wp-content\/uploads\/2015\/10\/yaresden-bursaya-50-mwlik-res.jpg\"><img loading=\"lazy\" class=\"alignright  wp-image-45011\" src=\"https:\/\/www.enerjigazetesi.ist\/wp-content\/uploads\/2015\/10\/yaresden-bursaya-50-mwlik-res-300x144.jpg\" alt=\"yaresden-bursaya-50-mwlik-res\" width=\"300\" height=\"181\" \/><\/a>mir\u2019i, 971 MW ile Bal\u0131kesir, 597 MW ile Manisa takip etmektedir. T\u00fcrkiye\u2019deki RES kurulu g\u00fcc\u00fc ise 2016 y\u0131l\u0131nda ge\u00e7ti\u011fimiz y\u0131la g\u00f6re 1240 MW art\u0131\u015f g\u00f6stererek 5738 MW seviyesine y\u00fckselirken; toplam kurulu g\u00fc\u00e7 i\u00e7inde RES\u2019in pay\u0131 y\u00fczde 7.31\u00a0olmu\u015ftur.<\/p>\n<p style=\"color: #0a0a0a;\">Yap\u0131lan\u00a0enerji \u00fcretiminin ise potansiyelin 11\u2019de biri seviyesinde oldu\u011funa dikkat \u00e7eken Enerji Sanayicileri ve \u0130\u015f Adamlar\u0131 Derne\u011fi (ENS\u0130A) ve Bergama OSB Y\u00f6netim Kurulu Ba\u015fkan\u0131 H\u00fcseyin Vatansever, \u015fu ifadelere yer verdi: \u201cT\u00fcrkiye\u2019deki her be\u015f r\u00fczgar santralinden biri, yenilenebilir ve temiz enerjinin ba\u015fkenti \u0130zmir\u2019de yer almaktad\u0131r. \u0130zmir\u2019de halen 444 MW g\u00fc\u00e7te RES in\u015faat a\u015famas\u0131nda. Yan\u0131 s\u0131ra 79 MW g\u00fcc\u00fcnde lisans\u0131, 23 MW g\u00fcc\u00fcnde ise \u00f6n lisans\u0131 al\u0131nm\u0131\u015f projeler mevcuttur. T\u00fcm bunlar devreye al\u0131nd\u0131\u011f\u0131nda \u0130zmir\u2019in toplam RES kapasitesi 1622 MW\u2019a \u00e7\u0131kacakt\u0131r.\u201d ifadelerine yer verdi.<\/p>\n<p><\/p>","protected":false},"excerpt":{"rendered":"<p>Sorry, this entry is only available in Turkish. For the sake of viewer convenience, the content is shown below in the alternative language. You may click the link to switch the active language. Ge\u00e7ti\u011fimiz\u00a0on y\u0131l i\u00e7erisinde R\u00fczgar Enerjisi Santralleri\u2019nde (RES) pek \u00e7ok yat\u0131r\u0131m\u0131n devreye al\u0131nd\u0131\u011f\u0131 \u0130zmir, 2017 y\u0131l\u0131 ile birlikte kurulu g\u00fc\u00e7te 1000 Megavat (MW) [&hellip;]<\/p>\n","protected":false},"author":1,"featured_media":45011,"comment_status":"open","ping_status":"open","sticky":false,"template":"","format":"standard","meta":[],"categories":[53,50],"tags":[63,67,1009,2698,32860,165,18,32861,32862,2689,474,69,16,231,23318,22615,4784,21101],"views":787,"_links":{"self":[{"href":"https:\/\/www.enerjigazetesi.ist\/en\/wp-json\/wp\/v2\/posts\/61056"}],"collection":[{"href":"https:\/\/www.enerjigazetesi.ist\/en\/wp-json\/wp\/v2\/posts"}],"about":[{"href":"https:\/\/www.enerjigazetesi.ist\/en\/wp-json\/wp\/v2\/types\/post"}],"author":[{"embeddable":true,"href":"https:\/\/www.enerjigazetesi.ist\/en\/wp-json\/wp\/v2\/users\/1"}],"replies":[{"embeddable":true,"href":"https:\/\/www.enerjigazetesi.ist\/en\/wp-json\/wp\/v2\/comments?post=61056"}],"version-history":[{"count":1,"href":"https:\/\/www.enerjigazetesi.ist\/en\/wp-json\/wp\/v2\/posts\/61056\/revisions"}],"predecessor-version":[{"id":61057,"href":"https:\/\/www.enerjigazetesi.ist\/en\/wp-json\/wp\/v2\/posts\/61056\/revisions\/61057"}],"wp:featuredmedia":[{"embeddable":true,"href":"https:\/\/www.enerjigazetesi.ist\/en\/wp-json\/wp\/v2\/media\/45011"}],"wp:attachment":[{"href":"https:\/\/www.enerjigazetesi.ist\/en\/wp-json\/wp\/v2\/media?parent=61056"}],"wp:term":[{"taxonomy":"category","embeddable":true,"href":"https:\/\/www.enerjigazetesi.ist\/en\/wp-json\/wp\/v2\/categories?post=61056"},{"taxonomy":"post_tag","embeddable":true,"href":"https:\/\/www.enerjigazetesi.ist\/en\/wp-json\/wp\/v2\/tags?post=61056"}],"curies":[{"name":"wp","href":"https:\/\/api.w.org\/{rel}","templated":true}]}}