{"id":61035,"date":"2017-01-18T15:06:17","date_gmt":"2017-01-18T12:06:17","guid":{"rendered":"https:\/\/www.enerjigazetesi.ist\/?p=61035"},"modified":"2017-01-18T15:06:52","modified_gmt":"2017-01-18T12:06:52","slug":"ewe-enerjiden-gumtob-ile-is-birligine-dair-imza","status":"publish","type":"post","link":"https:\/\/www.enerjigazetesi.ist\/en\/ewe-enerjiden-gumtob-ile-is-birligine-dair-imza\/","title":{"rendered":"(Turkish) EWE Enerji&#8217;den G\u00dcMTOB \u0130le \u0130\u015f Birli\u011fine Dair Anla\u015fma"},"content":{"rendered":"<p class=\"qtranxs-available-languages-message qtranxs-available-languages-message-en\">Sorry, this entry is only available in <a href=\"https:\/\/www.enerjigazetesi.ist\/tr\/wp-json\/wp\/v2\/posts\/61035\" class=\"qtranxs-available-language-link qtranxs-available-language-link-tr\" title=\"Turkish\">Turkish<\/a>. For the sake of viewer convenience, the content is shown below in the alternative language. You may click the link to switch the active language.<\/p><p><\/p>\n<h4>EWE Turkey Holding \u015firketlerinden EWE Enerji taraf\u0131ndan G\u00fcney Marmara Turistik Otelciler ve \u0130\u015fletmeciler Birli\u011fi Derne\u011fi (G\u00dcMTOB) ile i\u015f birli\u011fi protokol\u00fc imzaland\u0131. \u0130\u015f birli\u011fi kapsam\u0131nda G\u00dcMTOB \u00fcye i\u015f yerleri, EWE Enerji\u2019nin sa\u011flad\u0131\u011f\u0131 elektrik hizmetini indirimli alma hakk\u0131na sahip olacak.<\/h4>\n<p>Enerji sekt\u00f6r\u00fcn\u00fcn \u00f6nemli \u015firketlerinden EWE Enerji, i\u015f birliklerine yenisini ekledi. Son olarak, Marmara D<a href=\"https:\/\/www.enerjigazetesi.ist\/wp-content\/uploads\/2017\/01\/ewe-enerjiden-gumtob-ile-is-birligine-dair-imza.jpg\"><img loading=\"lazy\" class=\"alignright size-medium wp-image-61036\" src=\"https:\/\/www.enerjigazetesi.ist\/wp-content\/uploads\/2017\/01\/ewe-enerjiden-gumtob-ile-is-birligine-dair-imza-300x200.jpg\" alt=\"ewe-enerjiden-gumtob-ile-is-birligine-dair-imza\" width=\"300\" height=\"200\" srcset=\"https:\/\/www.enerjigazetesi.ist\/wp-content\/uploads\/2017\/01\/ewe-enerjiden-gumtob-ile-is-birligine-dair-imza-300x200.jpg 300w, https:\/\/www.enerjigazetesi.ist\/wp-content\/uploads\/2017\/01\/ewe-enerjiden-gumtob-ile-is-birligine-dair-imza-500x333.jpg 500w, https:\/\/www.enerjigazetesi.ist\/wp-content\/uploads\/2017\/01\/ewe-enerjiden-gumtob-ile-is-birligine-dair-imza-74x50.jpg 74w, https:\/\/www.enerjigazetesi.ist\/wp-content\/uploads\/2017\/01\/ewe-enerjiden-gumtob-ile-is-birligine-dair-imza.jpg 1024w\" sizes=\"(max-width: 300px) 100vw, 300px\" \/><\/a>enizi g\u00fcneyinde 15.000\u2019e yak\u0131n oda ve 30.000\u2019e yak\u0131n yatak kapasitesine sahip 225 \u00fcyeli T\u00fcrkiye turizminin \u00f6nemli derneklerinden G\u00fcney Marmara Turistik Otelciler ve \u0130\u015fletmeciler Birli\u011fi Derne\u011fi (G\u00dcMTOB) ile EWE Enerji aras\u0131nda i\u015f birli\u011fi protokol\u00fcne imza at\u0131ld\u0131. EWE Enerji Genel M\u00fcd\u00fcr\u00fc \u00d6zkan Aky\u0131ld\u0131z ve G\u00dcMTOB Y\u00f6netim Kurulu Ba\u015fkan\u0131 Mehmet Haluk Beceren taraf\u0131ndan imzalar\u0131n at\u0131ld\u0131\u011f\u0131 t\u00f6rende, EWE Enerji \u00fcst y\u00f6netimi ve G\u00dcMTOB Y\u00f6netim Kurulu \u00dcyeleri yer ald\u0131. \u0130\u015f birli\u011fi kapsam\u0131nda G\u00dcMTOB \u00fcye i\u015f yerleri, EWE Enerji\u2019nin sa\u011flad\u0131\u011f\u0131 elektrik hizmetini indirimli alma hakk\u0131na sahip olacak.<\/p>\n<p><strong>EWE Enerji ve G\u00dcMTOB i\u015f birli\u011fi T\u00fcrk turizmine katk\u0131 sa\u011flayacak<\/strong><\/p>\n<p>EWE Enerji Genel M\u00fcd\u00fcr\u00fc \u00d6zkan Aky\u0131ld\u0131z \u201cT\u00fcrkiye enerji sekt\u00f6r\u00fcnde uzun soluklu, g\u00fcvenilir bir oyuncu olma hedefiyle y\u00fcksek teknoloji yat\u0131r\u0131mlar\u0131 yap\u0131yoruz ve T\u00fcrkiye\u2019ye katma de\u011ferli hizmetler sunuyoruz. M\u00fc\u015fteri odakl\u0131 yakla\u015f\u0131m\u0131m\u0131zla m\u00fc\u015fterilerimizin elektrik tedariki ile ilgili ihtiya\u00e7lar\u0131n\u0131 onlar ad\u0131na biz d\u00fc\u015f\u00fcn\u00fcyoruz. G\u00dcMTOB gibi T\u00fcrkiye turizminin \u00f6nemli derneklerinden biri ile i\u015f birli\u011fi i\u00e7inde olman\u0131n getirdi\u011fi gurur ve mutlulu\u011fun yan\u0131 s\u0131ra bu i\u015f birli\u011finin T\u00fcrkiye ekonomisine sa\u011flad\u0131\u011f\u0131 katk\u0131 bak\u0131m\u0131ndan k\u0131van\u00e7 duyuyoruz. \u00d6n\u00fcm\u00fczdeki d\u00f6nem benzer i\u015f birliklerini s\u00fcrd\u00fcrmeyi ve serbestle\u015fen elektrik piyasas\u0131ndaki konumumuzu g\u00fc\u00e7lendirmeyi hedefliyoruz.\u201d yorumunda bulundu. G\u00dcMTOB Ba\u015fkan\u0131 Mehmet Haluk Beceren ise bu i\u015f birli\u011finden son derece mutlu oldu\u011funu belirterek \u201cG\u00dcMTOB bir hizmet derne\u011fi olup her daim \u00fcyelerinin menfaatleri do\u011frultusunda \u00e7al\u0131\u015fmalar yap\u0131yor. Bu \u00e7al\u0131\u015fmalar aras\u0131nda \u00f6zellikle ana gider kalemlerinde maliyetleri d\u00fc\u015f\u00fcrebilmek ad\u0131na, G\u00dcMTOB olarak \u00fcyelerimiz ad\u0131na firmalarla i\u015f birli\u011fi protokol\u00fc yap\u0131yoruz. Elektrik enerjisi kullan\u0131m\u0131 i\u015fletmelerimizin en \u00f6nemli gider kalemleri aras\u0131nda yer al\u0131yor. Bu konuda yapt\u0131\u011f\u0131m\u0131z \u00e7al\u0131\u015fmalar sonucunda EWE Enerji\u2019nin vermi\u015f oldu\u011fu indirim oran\u0131 ve hizmet standard\u0131n\u0131n i\u015fletmelerimize fayda sa\u011flayaca\u011f\u0131n\u0131 inan\u0131yoruz. EWE Enerji ve G\u00dcMTOB i\u015f birli\u011finin sekt\u00f6r\u00fcm\u00fcze hay\u0131rl\u0131 olmas\u0131n\u0131 dileriz.\u201d dedi. EWE Enerji Sat\u0131\u015f ve Pazarlama Direkt\u00f6r\u00fc Kadir Bulut ise \u201cHizmetlerimizi sa\u011flarken m\u00fc\u015fteri odakl\u0131 yakla\u015f\u0131mla ayaklar\u0131 yere basan ve m\u00fc\u015fterilerimizin g\u00f6n\u00fcl rahatl\u0131\u011f\u0131 ile EWE markas\u0131na g\u00fcvenebilecekleri bir hizmet kalitesi i\u00e7in gece g\u00fcnd\u00fcz \u00e7al\u0131\u015f\u0131yoruz. G\u00dcMTOB ile yapt\u0131\u011f\u0131m\u0131z bu anla\u015fma ile Bursa ve \u00e7evre illerdeki turistik i\u015fletmeleri EWE hizmet kalitesi ile bulu\u015fturmay\u0131 hedefliyoruz.\u201d\u00a0ifadelerine yer verdi.<\/p>","protected":false},"excerpt":{"rendered":"<p>Sorry, this entry is only available in Turkish. For the sake of viewer convenience, the content is shown below in the alternative language. You may click the link to switch the active language. EWE Turkey Holding \u015firketlerinden EWE Enerji taraf\u0131ndan G\u00fcney Marmara Turistik Otelciler ve \u0130\u015fletmeciler Birli\u011fi Derne\u011fi (G\u00dcMTOB) ile i\u015f birli\u011fi protokol\u00fc imzaland\u0131. \u0130\u015f [&hellip;]<\/p>\n","protected":false},"author":1,"featured_media":61036,"comment_status":"open","ping_status":"open","sticky":false,"template":"","format":"standard","meta":[],"categories":[51,53],"tags":[68,61,19638,1451,2873,63,67,1009,2698,165,12,14700,32854,32855,27352,793],"views":1765,"_links":{"self":[{"href":"https:\/\/www.enerjigazetesi.ist\/en\/wp-json\/wp\/v2\/posts\/61035"}],"collection":[{"href":"https:\/\/www.enerjigazetesi.ist\/en\/wp-json\/wp\/v2\/posts"}],"about":[{"href":"https:\/\/www.enerjigazetesi.ist\/en\/wp-json\/wp\/v2\/types\/post"}],"author":[{"embeddable":true,"href":"https:\/\/www.enerjigazetesi.ist\/en\/wp-json\/wp\/v2\/users\/1"}],"replies":[{"embeddable":true,"href":"https:\/\/www.enerjigazetesi.ist\/en\/wp-json\/wp\/v2\/comments?post=61035"}],"version-history":[{"count":2,"href":"https:\/\/www.enerjigazetesi.ist\/en\/wp-json\/wp\/v2\/posts\/61035\/revisions"}],"predecessor-version":[{"id":61038,"href":"https:\/\/www.enerjigazetesi.ist\/en\/wp-json\/wp\/v2\/posts\/61035\/revisions\/61038"}],"wp:featuredmedia":[{"embeddable":true,"href":"https:\/\/www.enerjigazetesi.ist\/en\/wp-json\/wp\/v2\/media\/61036"}],"wp:attachment":[{"href":"https:\/\/www.enerjigazetesi.ist\/en\/wp-json\/wp\/v2\/media?parent=61035"}],"wp:term":[{"taxonomy":"category","embeddable":true,"href":"https:\/\/www.enerjigazetesi.ist\/en\/wp-json\/wp\/v2\/categories?post=61035"},{"taxonomy":"post_tag","embeddable":true,"href":"https:\/\/www.enerjigazetesi.ist\/en\/wp-json\/wp\/v2\/tags?post=61035"}],"curies":[{"name":"wp","href":"https:\/\/api.w.org\/{rel}","templated":true}]}}