{"id":61015,"date":"2017-01-17T12:46:12","date_gmt":"2017-01-17T09:46:12","guid":{"rendered":"https:\/\/www.enerjigazetesi.ist\/?p=61015"},"modified":"2017-01-18T13:47:55","modified_gmt":"2017-01-18T10:47:55","slug":"enervis-enerji-verimliliginde-yenilikci-ve-guvenilir-is-modelleri-sunuyor","status":"publish","type":"post","link":"https:\/\/www.enerjigazetesi.ist\/en\/enervis-enerji-verimliliginde-yenilikci-ve-guvenilir-is-modelleri-sunuyor\/","title":{"rendered":"(Turkish) Enervis&#8217;ten Enerji Verimlili\u011fi&#8217;nde Yenilik\u00e7i ve G\u00fcvenilir \u0130\u015f Modelleri"},"content":{"rendered":"<p class=\"qtranxs-available-languages-message qtranxs-available-languages-message-en\">Sorry, this entry is only available in <a href=\"https:\/\/www.enerjigazetesi.ist\/tr\/wp-json\/wp\/v2\/posts\/61015\" class=\"qtranxs-available-language-link qtranxs-available-language-link-tr\" title=\"Turkish\">Turkish<\/a>. For the sake of viewer convenience, the content is shown below in the alternative language. You may click the link to switch the active language.<\/p><p><\/p>\n<p style=\"text-align: left;\" align=\"center\"><strong>EWE Turkey Holding\u2019in enerji verimlili\u011fi ve yenilenebilir enerji alan\u0131nda faaliyet g\u00f6steren i\u015ftirak firmas\u0131 Enervis, 8. Enerji Verimlili\u011fi Forum ve Fuar\u0131\u2019na kat\u0131ld\u0131. Enerji Verimlili\u011fi Haftas\u0131\u2019n\u0131n en \u00f6nemli etkinliklerinden \u2018Enerji Verimlili\u011fi Forumu ve Fuar\u0131\u2019, 11-12 Ocak tarihlerinde \u0130stanbul\u2019da WOW Convention Center\u2019da d\u00fczenlendi. TC Enerji ve Tabii Kaynaklar Bakan\u0131 Dr. Berat Albayrak\u2019\u0131n himayesinde, bu y\u0131l sekizincisi d\u00fczenlenen etkinlikte Enervis, enerji verimlili\u011fi sekt\u00f6r\u00fcnde ya\u015fanan geli\u015fmeler, sorunlar ve at\u0131lmas\u0131 gereken ad\u0131mlarla ilgili \u00e7\u00f6z\u00fcm \u00f6nerilerini payla\u015ft\u0131.<\/strong><\/p>\n<p style=\"text-align: left;\" align=\"center\"><strong>Enerji Verimlili\u011fi Forumu kapsam\u0131nda d\u00fczenlenen panel ve oturumlara kat\u0131lan Enervis y\u00f6neticileri yapt\u0131klar\u0131 sunumlarda, Enervis\u2019in enerji verimlili\u011fi projeleri ve stratejilerini, sekt\u00f6r\u00fcn \u00f6nde<img loading=\"lazy\" class=\"alignright size-medium wp-image-61016\" src=\"https:\/\/www.enerjigazetesi.ist\/wp-content\/uploads\/2017\/01\/enervis-enerji-verimliliginde-yenilikci-ve-guvenilir-is-modelleri-sunuyor-300x225.jpg\" alt=\"enervis-enerji-verimliliginde-yenilikci-ve-guvenilir-is-modelleri-sunuyor\" width=\"300\" height=\"225\" srcset=\"https:\/\/www.enerjigazetesi.ist\/wp-content\/uploads\/2017\/01\/enervis-enerji-verimliliginde-yenilikci-ve-guvenilir-is-modelleri-sunuyor-300x225.jpg 300w, https:\/\/www.enerjigazetesi.ist\/wp-content\/uploads\/2017\/01\/enervis-enerji-verimliliginde-yenilikci-ve-guvenilir-is-modelleri-sunuyor-1024x768.jpg 1024w, https:\/\/www.enerjigazetesi.ist\/wp-content\/uploads\/2017\/01\/enervis-enerji-verimliliginde-yenilikci-ve-guvenilir-is-modelleri-sunuyor-500x375.jpg 500w, https:\/\/www.enerjigazetesi.ist\/wp-content\/uploads\/2017\/01\/enervis-enerji-verimliliginde-yenilikci-ve-guvenilir-is-modelleri-sunuyor-66x50.jpg 66w, https:\/\/www.enerjigazetesi.ist\/wp-content\/uploads\/2017\/01\/enervis-enerji-verimliliginde-yenilikci-ve-guvenilir-is-modelleri-sunuyor.jpg 1280w\" sizes=\"(max-width: 300px) 100vw, 300px\" \/> gelen isimlerine anlatt\u0131.<\/strong><\/p>\n<p>T\u00fcrkiye\u2019nin enerji verimlili\u011fi sekt\u00f6r\u00fcn\u00fcn lider kurulu\u015flar\u0131ndan Enervis, bu y\u0131l 11-12 Ocak tarihlerinde Enerji Verimlili\u011fi Haftas\u0131 kapsam\u0131nda d\u00fczenlenen 8. Enerji Verimlili\u011fi Forum ve Fuar\u0131\u2019na kat\u0131ld\u0131. Yurt i\u00e7i ve yurt d\u0131\u015f\u0131ndaki \u00fcniversite, kamu, \u00f6zel ve sivil toplum kurulu\u015flar\u0131ndan \u00fcst d\u00fczey ki\u015filerin yer ald\u0131\u011f\u0131 etkinlik, TC Enerji ve Tabii Kaynaklar Bakan\u0131 Dr. Berat Albayrak\u2019\u0131n himayesinde ger\u00e7ekle\u015fti. Fuar\u2019da, Enervis Genel M\u00fcd\u00fcr\u00fc Osman Kipo\u011flu da Enervis\u2019in sekt\u00f6rel faaliyetleri, Bursa Demirta\u015f OSB Enerji verimlili\u011fi projesi ve Enervis\u2019in geli\u015ftirdi\u011fi enerji performans s\u00f6zle\u015fmesi i\u015f modeli <strong>\u201cEnerVay\u201d<\/strong> ile ger\u00e7ekle\u015ftirilen uygulamalar\u0131n sonu\u00e7lar\u0131 hakk\u0131nda sunumlar yapt\u0131.<\/p>\n<p><strong>Enervis projeleriyle T\u00fcrkiye\u2019de milyonlarca TL\u2019lik tasarruf sa\u011flan\u0131yor <\/strong><\/p>\n<p>Konu\u015fmas\u0131nda EWE AG\u2019nin y\u00fczde 100 i\u015ftiraki EWE Turkey Holding b\u00fcnyesindeki Enervis\u2019in hayata ge\u00e7irdi\u011fi projelerden bahseden <strong>Enervis Genel M\u00fcd\u00fcr\u00fc Osman Kipo\u011flu<\/strong>, Bursa\u2019n\u0131n en b\u00fcy\u00fck OSB\u2019si Demirta\u015f OSB Enerji verimlili\u011fi projesiyle, 6,1 milyon TL y\u0131ll\u0131k tasarruf potansiyelini ortaya \u00e7\u0131kard\u0131klar\u0131n\u0131 kaydetti. Enervis\u2019in bir tekstil firmas\u0131yla yapt\u0131\u011f\u0131 <strong>\u201cBas\u0131n\u00e7l\u0131 Hava Hatt\u0131 Revizyonu\u201d<\/strong> projesi hakk\u0131nda da bilgiler veren Kipo\u011flu, bu projeyle y\u0131ll\u0131k 360.000 TL enerji tasarrufu sa\u011flad\u0131klar\u0131n\u0131 belirtti. Bursa ve Demirta\u015f Organize Sanayi B\u00f6lgelerinde <strong>EnerVay <\/strong>ile ger\u00e7ekle\u015ftirilen enerji verimlili\u011fi et\u00fct projelerinde, toplamda 33 sanayi kurulu\u015funda yap\u0131lan \u00e7al\u0131\u015fmalarla 187 alt\u0131n f\u0131rsat\u0131n tespit edildi\u011fine vurgu yapan Kipo\u011flu:<\/p>\n<p>\u201c<i>Enervis\u2019in ger\u00e7ekle\u015ftirdi\u011fi enerji performans s\u00f6zle\u015fmeleri \u00fclkemizde enerji verimlili\u011fi uygulamalar\u0131n\u0131n te\u015fvik edilmesinde de b\u00fcy\u00fck rol oynamaktad\u0131r. Ger\u00e7ekle\u015ftirdi\u011fimiz DOSAB Enerji verimlili\u011fi projesi T\u00fcrkiye\u2019nin sanayide enerji verimlili\u011fi potansiyelini bir kez daha ortaya koydu. EnerVay modeliyle yap\u0131lan enerji verimlili\u011fi uygulamalar\u0131n\u0131n ortalama geri d\u00f6n\u00fc\u015f\u00fc 1 y\u0131l gibi k\u0131sa bir s\u00fcrede ger\u00e7ekle\u015ferek, ne kadar faydal\u0131 ve karl\u0131 yat\u0131r\u0131mlar olduklar\u0131n\u0131 g\u00f6stermi\u015ftir. Enerji verimlili\u011finin sanayicinin g\u00fcndeminde olmas\u0131 i\u00e7in b\u00f6yle yenilik\u00e7i ve g\u00fcvenilir i\u015f modellerine ihtiya\u00e7 oldu\u011fu g\u00f6r\u00fclmektedir. Enervis olarak ger\u00e7ekle\u015ftirdi\u011fimiz projelerle \u015firketlere 50 milyon TL\u2019den fazla tasarruf sa\u011flad\u0131k, 124 ton CO2 emisyonu azalt\u0131lmas\u0131na vesile olduk. Almanya\u2019n\u0131n en b\u00fcy\u00fck enerji \u015firketi EWE AG\u2019den ald\u0131\u011f\u0131m\u0131z birikimle T\u00fcrkiye\u2019nin b\u00fcy\u00fcyen ekonomisi ve y\u00fcksek enerji tasarrufu potansiyeli<a name=\"_GoBack\"><\/a>nden g\u00fc\u00e7 alarak, yeni projeler geli\u015ftirmeye devam edece\u011fiz.\u201d <\/i>diye konu\u015ftu.<\/p>\n<p><strong>Enervis 8. Enerji Verimlili\u011fi Fuar\u0131\u2019na damgas\u0131n\u0131 vurdu<\/strong><\/p>\n<p><strong>\u201cEnerji verimlili\u011fi i\u00e7in 2023 vizyon ve \u00e7\u00f6z\u00fcmleri\u201d <\/strong>alt ba\u015fl\u0131\u011f\u0131yla d\u00fczenlenen 8. Enerji Verimlili\u011fi Fuar\u0131\u2019nda Enervis yetkilileri, Enervis\u2019in yapt\u0131\u011f\u0131 \u00e7al\u0131\u015fmalar ve 2016 y\u0131l\u0131nda ger\u00e7ekle\u015ftirdi\u011fi projeler hakk\u0131nda da bilgi verdi. Forum ve Fuar\u2019a kat\u0131lan Enervis yetkilileri ve yapt\u0131klar\u0131 sunumlar \u015f\u00f6yle:<\/p>\n<p><strong>\u00d6mer Alt\u0131nok<\/strong> Bursagaz Ye\u015fil Bina \u2013 LEED NC Gold,<\/p>\n<p><strong>Serta\u00e7 Y\u00f6r\u00fcmez<\/strong> Bas\u0131n\u00e7l\u0131 Hava Optimizasyon,<\/p>\n<p><strong>\u00c7a\u011fr\u0131 \u00c7a\u011f\u0131l<\/strong> Enerji \u00d6l\u00e7me-\u0130zleme Sistemi,<\/p>\n<p><strong>Sedat Vatanda\u015f<\/strong> Sanayi F\u0131r\u0131nlar\u0131nda Enerji Verimlili\u011fi,<\/p>\n<p><strong>Serkan Bereket<\/strong> Tekstil Sekt\u00f6r\u00fcnde Enerji Verimlili\u011fi,<\/p>\n<p><strong>\u0130lhan Seven<\/strong> Is\u0131 Pompas\u0131 ile Binalarda Enerji Verimlili\u011fi<strong>, <\/strong><\/p>\n<p><strong>Umut G\u00fcrsan<\/strong> da \u201cYabanc\u0131 Yat\u0131r\u0131mc\u0131 olarak T\u00fcrkiye G\u00fcne\u015f Enerji Sekt\u00f6r\u00fcnde yer almak\u201d ba\u015fl\u0131kl\u0131 sunumlar\u0131yla panel ve oturumlarda konu\u015fmac\u0131 olarak yer ald\u0131.<\/p>","protected":false},"excerpt":{"rendered":"<p>Sorry, this entry is only available in Turkish. For the sake of viewer convenience, the content is shown below in the alternative language. You may click the link to switch the active language. EWE Turkey Holding\u2019in enerji verimlili\u011fi ve yenilenebilir enerji alan\u0131nda faaliyet g\u00f6steren i\u015ftirak firmas\u0131 Enervis, 8. Enerji Verimlili\u011fi Forum ve Fuar\u0131\u2019na kat\u0131ld\u0131. Enerji [&hellip;]<\/p>\n","protected":false},"author":1,"featured_media":61016,"comment_status":"open","ping_status":"open","sticky":false,"template":"","format":"standard","meta":[],"categories":[53,52],"tags":[63,67,1009,2698,165,12,739,32843,2397,12090,9795,793,105],"views":1446,"_links":{"self":[{"href":"https:\/\/www.enerjigazetesi.ist\/en\/wp-json\/wp\/v2\/posts\/61015"}],"collection":[{"href":"https:\/\/www.enerjigazetesi.ist\/en\/wp-json\/wp\/v2\/posts"}],"about":[{"href":"https:\/\/www.enerjigazetesi.ist\/en\/wp-json\/wp\/v2\/types\/post"}],"author":[{"embeddable":true,"href":"https:\/\/www.enerjigazetesi.ist\/en\/wp-json\/wp\/v2\/users\/1"}],"replies":[{"embeddable":true,"href":"https:\/\/www.enerjigazetesi.ist\/en\/wp-json\/wp\/v2\/comments?post=61015"}],"version-history":[{"count":2,"href":"https:\/\/www.enerjigazetesi.ist\/en\/wp-json\/wp\/v2\/posts\/61015\/revisions"}],"predecessor-version":[{"id":61019,"href":"https:\/\/www.enerjigazetesi.ist\/en\/wp-json\/wp\/v2\/posts\/61015\/revisions\/61019"}],"wp:featuredmedia":[{"embeddable":true,"href":"https:\/\/www.enerjigazetesi.ist\/en\/wp-json\/wp\/v2\/media\/61016"}],"wp:attachment":[{"href":"https:\/\/www.enerjigazetesi.ist\/en\/wp-json\/wp\/v2\/media?parent=61015"}],"wp:term":[{"taxonomy":"category","embeddable":true,"href":"https:\/\/www.enerjigazetesi.ist\/en\/wp-json\/wp\/v2\/categories?post=61015"},{"taxonomy":"post_tag","embeddable":true,"href":"https:\/\/www.enerjigazetesi.ist\/en\/wp-json\/wp\/v2\/tags?post=61015"}],"curies":[{"name":"wp","href":"https:\/\/api.w.org\/{rel}","templated":true}]}}