{"id":610,"date":"2012-06-21T09:43:33","date_gmt":"2012-06-21T06:43:33","guid":{"rendered":"https:\/\/www.enerjigazetesi.ist\/?p=610"},"modified":"2012-06-21T09:49:13","modified_gmt":"2012-06-21T06:49:13","slug":"ab-enerjide-verimi-artiracak","status":"publish","type":"post","link":"https:\/\/www.enerjigazetesi.ist\/en\/ab-enerjide-verimi-artiracak\/","title":{"rendered":"(Turkish) AB Enerjide Verimi Art\u0131racak"},"content":{"rendered":"<p class=\"qtranxs-available-languages-message qtranxs-available-languages-message-en\">Sorry, this entry is only available in <a href=\"https:\/\/www.enerjigazetesi.ist\/tr\/wp-json\/wp\/v2\/posts\/610\" class=\"qtranxs-available-language-link qtranxs-available-language-link-tr\" title=\"Turkish\">Turkish<\/a>. For the sake of viewer convenience, the content is shown below in the alternative language. You may click the link to switch the active language.<\/p><p><strong>AB Komisyonu, Avrupa&#8217;n\u0131n Enerji Ba\u011f\u0131ml\u0131l\u0131\u011f\u0131n\u0131 Azaltmak \u00dczere Enerji Verimlili\u011fi Y\u00f6netmeli\u011fi \u0130\u00e7in D\u00fc\u011fmeye Bast\u0131.<\/strong><\/p>\n<div>\n<p><img loading=\"lazy\" class=\" wp-image-611 alignright\" title=\"enerji verimlili\u011fi ve AB\" src=\"https:\/\/www.enerjigazetesi.ist\/wp-content\/uploads\/2012\/06\/015841909_40100.jpg\" alt=\"\" width=\"378\" height=\"199\" \/>AB iklim koruma plan\u0131 \u00e7er\u00e7evesinde \u00fc\u00e7 hedef belirlemi\u015fti. 2020 y\u0131l\u0131na kadar toplam enerji tedarikinde yenilenebilir enerji pay\u0131n\u0131n y\u00fczde 20&#8217;ye ula\u015fmas\u0131, karbondioksit sal\u0131n\u0131m\u0131n\u0131n 1990 seviyesine g\u00f6re y\u00fczde 20 oran\u0131nda d\u00fc\u015f\u00fcr\u00fclmesi ve y\u00fczde 20 oran\u0131nda enerji tasarrufu.<\/p>\n<p>AB Komisyonu&#8217;nun enerjiden sorumlu \u00fcyesi G\u00fcnther Oettinger, acil frene basma zaman\u0131n\u0131n geldi\u011fi g\u00f6r\u00fc\u015f\u00fcnde. \u0130lk iki hedefin tutturulabilece\u011fini, ancak \u00fc\u00e7\u00fcnc\u00fcn\u00fcn m\u00fcmk\u00fcn g\u00f6r\u00fcnmedi\u011fini belirten Oettinger, \u201cEnerji verimlili\u011fi, y\u0131llard\u0131r enerji g\u00fcndemimizin en \u00f6nemli ve en zay\u0131f noktas\u0131\u201d diye konu\u015ftu. Oettinger, Avrupa&#8217;n\u0131n, enerji ihtiyac\u0131n\u0131n y\u00fczde 55&#8217;ini yabanc\u0131 yard\u0131mla kar\u015f\u0131layabildi\u011fini ve bu ba\u011f\u0131ml\u0131l\u0131\u011f\u0131n artmaya devam etti\u011fini vurgulad\u0131.<\/p>\n<p><strong>Y\u00f6netmelik ba\u011flay\u0131c\u0131 olacak<\/strong><\/p>\n<p>AB, \u015fu ana kadar oldu\u011fu gibi devam edilmesi durumunda y\u00fczde 20 yerine sadece y\u00fczde 10&#8217;luk enerji tasarrufu yapabilecek. \u015eu an m\u00fczakereleri s\u00fcren AB enerji verimlili\u011fi y\u00f6netmeli\u011fi ile Avrupa Komisyonu, \u00fcye devletleri enerji tasarrufuna zorlayabilecek.<\/p>\n<p>Avrupa Parlamentosu Ye\u015filler grubu \u00fcyesi Claude Turmes ise y\u00f6netmeli\u011fin \u015fimdiden baz\u0131 \u00fclkeler taraf\u0131ndan suland\u0131r\u0131ld\u0131\u011f\u0131 imas\u0131nda bulundu. \u00d6rne\u011fin y\u00f6netmelik, elektrik tedarik\u00e7ilerinin, satt\u0131klar\u0131 elektrik miktar\u0131n\u0131 y\u00fczde 1,5 oran\u0131nda azaltmalar\u0131n\u0131 \u00f6ng\u00f6r\u00fcyor. Ancak baz\u0131 \u00fclkeler istisnalarla bu maddeyi o kadar yumu\u015fatt\u0131lar ki, \u00e7evrecilerin tahminine g\u00f6re bu oran ger\u00e7ekte y\u00fczde 1&#8217;e kadar inecek.<\/p>\n<p><strong>Bina yal\u0131t\u0131m\u0131 t\u0131rpanland\u0131<\/strong><\/p>\n<p>Komisyon&#8217;un bir ba\u015fka plan\u0131, t\u00fcm kamu binalar\u0131n\u0131n enerji tasarrufu sa\u011flayacak \u015fekilde h\u0131zla tadilata al\u0131nmas\u0131 da Almanya&#8217;n\u0131n bask\u0131s\u0131yla yumu\u015fat\u0131ld\u0131. B\u00f6ylece sadece merkez\u00ee y\u00f6netime ba\u011fl\u0131 binalar tadilata al\u0131nacak, belediye ve yerel y\u00f6netimlere ba\u011fl\u0131 kamu binalar\u0131 maddenin d\u0131\u015f\u0131nda kalacak. Halbuki bina yal\u0131t\u0131m\u0131 enerji tasarrufunda en etkili \u00f6nlemlerden biri olarak kabul ediliyor.<\/p>\n<p>Y\u00f6netmelik maddelerinin sertle\u015ftirilmesine kar\u015f\u0131 \u00e7\u0131kanlar\u0131n en \u00f6nemli tezi masraflar\u0131n y\u00fcksekli\u011fi. L\u00fcksemburglu Avrupa Parlamentosu \u00fcyesi Turmes ise bu teze, bir kar\u015f\u0131 tezle yan\u0131t veriyor:<\/p>\n<p>\u201cPetrol fiyatlar\u0131n\u0131n delicesine oynad\u0131\u011f\u0131, do\u011falgaz fiyatlar\u0131n\u0131n petrole ba\u011fland\u0131\u011f\u0131 bir d\u00fcnyada enerji verimlili\u011fine yat\u0131r\u0131m yapmaman\u0131n maliyeti nedir peki? Bay Putin ve di\u011ferlerine vererek fosil yak\u0131tlar i\u00e7in y\u0131lda 500 milyar euro kaybetme l\u00fcks\u00fcm\u00fcz var m\u0131d\u0131r ekonomik a\u00e7\u0131dan?&#8221;<\/p>\n<p><strong>&#8220;Stadyum yerine bina yal\u0131t\u0131m\u0131na harcans\u0131n&#8221;<\/strong><\/p>\n<p>Turmes, Euro krizine de g\u00f6nderme yaparak enerji verimlili\u011fi, tasarruf sa\u011flayan teknolojiler ve yenilenebilir enerjilerin uzun vadede zor durumdaki haneleri de rahatlataca\u011f\u0131n\u0131 belirtti. \u015eu an hararetle tart\u0131\u015f\u0131lan ekonomik b\u00fcy\u00fcme programlar\u0131n\u0131n bu y\u00f6nde bir de\u011fi\u015fim getirmesi gerekti\u011fini belirten Avrupa Parlamentosu \u00fcyesi, AB&#8217;nin te\u015fviklerinin stadyum in\u015fas\u0131na de\u011fil bina yal\u0131t\u0131m\u0131na harcanabilece\u011fine dikkat \u00e7ekti.<\/p>\n<p>Enerji verimlili\u011fi konusunda Avrupa&#8217;n\u0131n \u00f6rnek \u00fclkelerinden Danimarka, AB D\u00f6nem Ba\u015fkanl\u0131\u011f\u0131 s\u00fcresince konuyu g\u00fcndemin \u00fcst s\u0131ralar\u0131nda tuttu. Ancak Danimarka Enerji Bakanl\u0131\u011f\u0131&#8217;ndan Anne Hojer Simonsen konunun sadece siyasete odaklanmamas\u0131 gerekti\u011fi uyar\u0131s\u0131nda bulunuyor:<\/p>\n<p>\u201cKarar mercii sadece Komisyon, Avrupa Parlamentosu ve h\u00fck\u00fcmetler de\u011fil. Karar mercii ayn\u0131 zamanda yeni bir buzdolab\u0131, bir otomobil, yeni bir \u0131s\u0131t\u0131c\u0131 sat\u0131n almak isteyen Avrupa&#8217;daki 500 milyon vatanda\u015f. Bu d\u00f6n\u00fc\u015f\u00fcm\u00fc iyi anlatabilmek, herkesi bu s\u00fcrecin i\u00e7ine katmak bu nedenle \u00e7ok \u00f6nemli. Bunu zorlayamay\u0131z. Bunun kendisi i\u00e7in niye \u00f6nemli oldu\u011funu, bu hareketi ni\u00e7in desteklemesi gerekti\u011fini herkes kendi anlayabilmeli.\u201d<\/p>\n<p>Kaynak: <a href=\"http:\/\/www.dw.de\/dw\/article\/0,,16039401,00.html\" target=\"_blank\">dw.de<\/a><\/p>\n<\/div>\n<p><\/p>","protected":false},"excerpt":{"rendered":"<p>Sorry, this entry is only available in Turkish. For the sake of viewer convenience, the content is shown below in the alternative language. You may click the link to switch the active language.AB Komisyonu, Avrupa&#8217;n\u0131n Enerji Ba\u011f\u0131ml\u0131l\u0131\u011f\u0131n\u0131 Azaltmak \u00dczere Enerji Verimlili\u011fi Y\u00f6netmeli\u011fi \u0130\u00e7in D\u00fc\u011fmeye Bast\u0131. AB iklim koruma plan\u0131 \u00e7er\u00e7evesinde \u00fc\u00e7 hedef belirlemi\u015fti. 2020 y\u0131l\u0131na [&hellip;]<\/p>\n","protected":false},"author":1,"featured_media":611,"comment_status":"open","ping_status":"open","sticky":false,"template":"","format":"standard","meta":[],"categories":[53,52],"tags":[63,89,12],"views":437,"_links":{"self":[{"href":"https:\/\/www.enerjigazetesi.ist\/en\/wp-json\/wp\/v2\/posts\/610"}],"collection":[{"href":"https:\/\/www.enerjigazetesi.ist\/en\/wp-json\/wp\/v2\/posts"}],"about":[{"href":"https:\/\/www.enerjigazetesi.ist\/en\/wp-json\/wp\/v2\/types\/post"}],"author":[{"embeddable":true,"href":"https:\/\/www.enerjigazetesi.ist\/en\/wp-json\/wp\/v2\/users\/1"}],"replies":[{"embeddable":true,"href":"https:\/\/www.enerjigazetesi.ist\/en\/wp-json\/wp\/v2\/comments?post=610"}],"version-history":[{"count":3,"href":"https:\/\/www.enerjigazetesi.ist\/en\/wp-json\/wp\/v2\/posts\/610\/revisions"}],"predecessor-version":[{"id":614,"href":"https:\/\/www.enerjigazetesi.ist\/en\/wp-json\/wp\/v2\/posts\/610\/revisions\/614"}],"wp:featuredmedia":[{"embeddable":true,"href":"https:\/\/www.enerjigazetesi.ist\/en\/wp-json\/wp\/v2\/media\/611"}],"wp:attachment":[{"href":"https:\/\/www.enerjigazetesi.ist\/en\/wp-json\/wp\/v2\/media?parent=610"}],"wp:term":[{"taxonomy":"category","embeddable":true,"href":"https:\/\/www.enerjigazetesi.ist\/en\/wp-json\/wp\/v2\/categories?post=610"},{"taxonomy":"post_tag","embeddable":true,"href":"https:\/\/www.enerjigazetesi.ist\/en\/wp-json\/wp\/v2\/tags?post=610"}],"curies":[{"name":"wp","href":"https:\/\/api.w.org\/{rel}","templated":true}]}}