{"id":60925,"date":"2017-01-14T12:14:32","date_gmt":"2017-01-14T09:14:32","guid":{"rendered":"https:\/\/www.enerjigazetesi.ist\/?p=60925"},"modified":"2017-01-14T12:14:52","modified_gmt":"2017-01-14T09:14:52","slug":"tayvanda-2025-yilina-kadar-tum-nukleer-tesislerini-kapatiyor","status":"publish","type":"post","link":"https:\/\/www.enerjigazetesi.ist\/en\/tayvanda-2025-yilina-kadar-tum-nukleer-tesislerini-kapatiyor\/","title":{"rendered":"(Turkish) Tayvan&#8217;da 2025 Y\u0131l\u0131na Kadar T\u00fcm N\u00fckleer Tesisler Kapat\u0131l\u0131yor"},"content":{"rendered":"<p class=\"qtranxs-available-languages-message qtranxs-available-languages-message-en\">Sorry, this entry is only available in <a href=\"https:\/\/www.enerjigazetesi.ist\/tr\/wp-json\/wp\/v2\/posts\/60925\" class=\"qtranxs-available-language-link qtranxs-available-language-link-tr\" title=\"Turkish\">Turkish<\/a>. For the sake of viewer convenience, the content is shown below in the alternative language. You may click the link to switch the active language.<\/p><p><\/p>\n<p style=\"color: #0a0a0a;\"><strong>Tayvan parlamentosunda \u201cElektrik sanayisinde kanun de\u011fi\u015fikli\u011fi tasar\u0131s\u0131\u201d g\u00f6r\u00fc\u015fmeleri ger\u00e7ekle\u015fti. Parlamentoda, en ge\u00e7 2<a href=\"https:\/\/www.enerjigazetesi.ist\/wp-content\/uploads\/2017\/01\/tayvanda-2025-yilina-kadar-tum-nukleer-tesislerini-kapatiyor.jpg\"><img loading=\"lazy\" class=\"alignleft size-medium wp-image-60926\" src=\"https:\/\/www.enerjigazetesi.ist\/wp-content\/uploads\/2017\/01\/tayvanda-2025-yilina-kadar-tum-nukleer-tesislerini-kapatiyor-300x200.jpg\" alt=\"tayvanda-2025-yilina-kadar-tum-nukleer-tesislerini-kapatiyor\" width=\"300\" height=\"200\" srcset=\"https:\/\/www.enerjigazetesi.ist\/wp-content\/uploads\/2017\/01\/tayvanda-2025-yilina-kadar-tum-nukleer-tesislerini-kapatiyor-300x200.jpg 300w, https:\/\/www.enerjigazetesi.ist\/wp-content\/uploads\/2017\/01\/tayvanda-2025-yilina-kadar-tum-nukleer-tesislerini-kapatiyor-500x333.jpg 500w, https:\/\/www.enerjigazetesi.ist\/wp-content\/uploads\/2017\/01\/tayvanda-2025-yilina-kadar-tum-nukleer-tesislerini-kapatiyor-75x50.jpg 75w, https:\/\/www.enerjigazetesi.ist\/wp-content\/uploads\/2017\/01\/tayvanda-2025-yilina-kadar-tum-nukleer-tesislerini-kapatiyor.jpg 696w\" sizes=\"(max-width: 300px) 100vw, 300px\" \/><\/a>025 itibariyle t\u00fcm elektrik santrallerinin kapat\u0131lmas\u0131n\u0131 \u00f6ng\u00f6ren yasa tasar\u0131s\u0131 oy birli\u011fi ile kabul\u00a0edildi.<\/strong><\/p>\n<p style=\"color: #0a0a0a;\"><span id=\"more-87305\"><\/span>Yetkililer taraf\u0131ndan halen faaliyet g\u00f6steren d\u00f6rt n\u00fckleer reakt\u00f6r ve \u00e7evresindeki radyoaktif at\u0131klar\u0131n temizlenmesine ili\u015fkin son \u00e7al\u0131\u015fmalar\u0131n h\u0131zla ba\u015flat\u0131laca\u011f\u0131 da belirtildi.<\/p>\n<p style=\"color: #0a0a0a;\">Kanuna g\u00f6re, 6 ile 9 y\u0131l aras\u0131nda n\u00fckleer enerjinin yerine te\u015fvik edilecek ye\u015fil enerji projelerinin planlamas\u0131, ula\u015ft\u0131rmas\u0131 ve pazarlamas\u0131na ili\u015fkin te\u015fvikler hayata ge\u00e7irilerek,\u00a0bu kapsamda elektrik fiyatlar\u0131ndaki dalgalanmalar\u0131n \u00f6n\u00fcne ge\u00e7mek i\u00e7in \u201cfiyat istikrar fonu\u201d kurulacakt\u0131r.<\/p>\n<p><\/p>","protected":false},"excerpt":{"rendered":"<p>Sorry, this entry is only available in Turkish. For the sake of viewer convenience, the content is shown below in the alternative language. You may click the link to switch the active language. Tayvan parlamentosunda \u201cElektrik sanayisinde kanun de\u011fi\u015fikli\u011fi tasar\u0131s\u0131\u201d g\u00f6r\u00fc\u015fmeleri ger\u00e7ekle\u015fti. Parlamentoda, en ge\u00e7 2025 itibariyle t\u00fcm elektrik santrallerinin kapat\u0131lmas\u0131n\u0131 \u00f6ng\u00f6ren yasa tasar\u0131s\u0131 oy [&hellip;]<\/p>\n","protected":false},"author":1,"featured_media":60926,"comment_status":"open","ping_status":"open","sticky":false,"template":"","format":"standard","meta":[],"categories":[53,43],"tags":[2961,63,67,1009,2698,165,71,21,25480,23614,3020,2973,5657,32803,18348,32802],"views":919,"_links":{"self":[{"href":"https:\/\/www.enerjigazetesi.ist\/en\/wp-json\/wp\/v2\/posts\/60925"}],"collection":[{"href":"https:\/\/www.enerjigazetesi.ist\/en\/wp-json\/wp\/v2\/posts"}],"about":[{"href":"https:\/\/www.enerjigazetesi.ist\/en\/wp-json\/wp\/v2\/types\/post"}],"author":[{"embeddable":true,"href":"https:\/\/www.enerjigazetesi.ist\/en\/wp-json\/wp\/v2\/users\/1"}],"replies":[{"embeddable":true,"href":"https:\/\/www.enerjigazetesi.ist\/en\/wp-json\/wp\/v2\/comments?post=60925"}],"version-history":[{"count":2,"href":"https:\/\/www.enerjigazetesi.ist\/en\/wp-json\/wp\/v2\/posts\/60925\/revisions"}],"predecessor-version":[{"id":60928,"href":"https:\/\/www.enerjigazetesi.ist\/en\/wp-json\/wp\/v2\/posts\/60925\/revisions\/60928"}],"wp:featuredmedia":[{"embeddable":true,"href":"https:\/\/www.enerjigazetesi.ist\/en\/wp-json\/wp\/v2\/media\/60926"}],"wp:attachment":[{"href":"https:\/\/www.enerjigazetesi.ist\/en\/wp-json\/wp\/v2\/media?parent=60925"}],"wp:term":[{"taxonomy":"category","embeddable":true,"href":"https:\/\/www.enerjigazetesi.ist\/en\/wp-json\/wp\/v2\/categories?post=60925"},{"taxonomy":"post_tag","embeddable":true,"href":"https:\/\/www.enerjigazetesi.ist\/en\/wp-json\/wp\/v2\/tags?post=60925"}],"curies":[{"name":"wp","href":"https:\/\/api.w.org\/{rel}","templated":true}]}}