{"id":60910,"date":"2017-01-13T14:33:42","date_gmt":"2017-01-13T11:33:42","guid":{"rendered":"https:\/\/www.enerjigazetesi.ist\/?p=60910"},"modified":"2017-01-13T14:42:08","modified_gmt":"2017-01-13T11:42:08","slug":"irakin-gunluk-dogalgaz-uretimi-700-milyon-metrekupe-cikti","status":"publish","type":"post","link":"https:\/\/www.enerjigazetesi.ist\/en\/irakin-gunluk-dogalgaz-uretimi-700-milyon-metrekupe-cikti\/","title":{"rendered":"(Turkish) Irak\u2019\u0131n G\u00fcnl\u00fck Do\u011falgaz \u00dcretimi 700 Milyon Metrek\u00fcpe \u00c7\u0131kt\u0131"},"content":{"rendered":"<p class=\"qtranxs-available-languages-message qtranxs-available-languages-message-en\">Sorry, this entry is only available in <a href=\"https:\/\/www.enerjigazetesi.ist\/tr\/wp-json\/wp\/v2\/posts\/60910\" class=\"qtranxs-available-language-link qtranxs-available-language-link-tr\" title=\"Turkish\">Turkish<\/a>. For the sake of viewer convenience, the content is shown below in the alternative language. You may click the link to switch the active language.<\/p><p><\/p>\n<p style=\"color: #0a0a0a;\"><strong>Irak G\u00fcney Gaz \u00dcretim \u015eirke<img loading=\"lazy\" class=\"alignleft wp-image-53328 \" src=\"https:\/\/www.enerjigazetesi.ist\/wp-content\/uploads\/2016\/05\/turkiye-gelecekte-dogalgaz-uretimini-onemli-olcude-artirabilir-300x199.jpg\" alt=\"turkiye-gelecekte-dogalgaz-uretimini-onemli-olcude-artirabilir\" width=\"300\" height=\"215\" \/>ti M\u00fcd\u00fcr\u00fc Ahmet Saddam taraf\u0131ndan gazetecilere, \u00fclkenin g\u00fcneyinde g\u00fcnl\u00fck do\u011falgaz \u00fcretiminin 700 milyon metrek\u00fcpe ula\u015ft\u0131\u011f\u0131, bunun y\u0131l sonunda g\u00fcnl\u00fck 1 milyar metrek\u00fcpe\u00a0\u00e7\u0131kar\u0131laca\u011f\u0131 belirtildi.<\/strong><\/p>\n<p style=\"color: #0a0a0a;\">Saddam, Basra kent merkezine yakla\u015f\u0131k 50 kilometre mesafede bulunan Nehran \u00d6mer Petrol Sahas\u0131\u2019nda da do\u011falgaz \u00fcretimine ba\u015fland\u0131\u011f\u0131n\u0131 s\u00f6yledi.<\/p>\n<p style=\"color: #0a0a0a;\">Saddam, burada g\u00fcnl\u00fck 30 milyon metrek\u00fcp \u00fcretim yap\u0131ld\u0131\u011f\u0131n\u0131 belirterek, bunun y\u0131l sonunda g\u00fcnl\u00fck 200 milyon metrek\u00fcpe ula\u015fmas\u0131n\u0131n beklendi\u011fini de ifade etti. Irak\u2019\u0131n g\u00fcneyinde yer alan Basra kentinin, \u00fclkenin en b\u00fcy\u00fck enerji sahas\u0131na sahip oldu\u011fu bilinmektedir.<\/p>\n<p><\/p>","protected":false},"excerpt":{"rendered":"<p>Sorry, this entry is only available in Turkish. For the sake of viewer convenience, the content is shown below in the alternative language. You may click the link to switch the active language. Irak G\u00fcney Gaz \u00dcretim \u015eirketi M\u00fcd\u00fcr\u00fc Ahmet Saddam taraf\u0131ndan gazetecilere, \u00fclkenin g\u00fcneyinde g\u00fcnl\u00fck do\u011falgaz \u00fcretiminin 700 milyon metrek\u00fcpe ula\u015ft\u0131\u011f\u0131, bunun y\u0131l sonunda [&hellip;]<\/p>\n","protected":false},"author":1,"featured_media":53328,"comment_status":"open","ping_status":"open","sticky":false,"template":"","format":"standard","meta":[],"categories":[46,53],"tags":[32799,6280,92,226,19761,2092,2677,4713,63,67,1009,2698,165,945,32800,32801],"views":627,"_links":{"self":[{"href":"https:\/\/www.enerjigazetesi.ist\/en\/wp-json\/wp\/v2\/posts\/60910"}],"collection":[{"href":"https:\/\/www.enerjigazetesi.ist\/en\/wp-json\/wp\/v2\/posts"}],"about":[{"href":"https:\/\/www.enerjigazetesi.ist\/en\/wp-json\/wp\/v2\/types\/post"}],"author":[{"embeddable":true,"href":"https:\/\/www.enerjigazetesi.ist\/en\/wp-json\/wp\/v2\/users\/1"}],"replies":[{"embeddable":true,"href":"https:\/\/www.enerjigazetesi.ist\/en\/wp-json\/wp\/v2\/comments?post=60910"}],"version-history":[{"count":3,"href":"https:\/\/www.enerjigazetesi.ist\/en\/wp-json\/wp\/v2\/posts\/60910\/revisions"}],"predecessor-version":[{"id":60913,"href":"https:\/\/www.enerjigazetesi.ist\/en\/wp-json\/wp\/v2\/posts\/60910\/revisions\/60913"}],"wp:featuredmedia":[{"embeddable":true,"href":"https:\/\/www.enerjigazetesi.ist\/en\/wp-json\/wp\/v2\/media\/53328"}],"wp:attachment":[{"href":"https:\/\/www.enerjigazetesi.ist\/en\/wp-json\/wp\/v2\/media?parent=60910"}],"wp:term":[{"taxonomy":"category","embeddable":true,"href":"https:\/\/www.enerjigazetesi.ist\/en\/wp-json\/wp\/v2\/categories?post=60910"},{"taxonomy":"post_tag","embeddable":true,"href":"https:\/\/www.enerjigazetesi.ist\/en\/wp-json\/wp\/v2\/tags?post=60910"}],"curies":[{"name":"wp","href":"https:\/\/api.w.org\/{rel}","templated":true}]}}